{"id":8474,"date":"2024-08-28T21:17:29","date_gmt":"2024-08-28T21:17:29","guid":{"rendered":"https:\/\/radiogjilani.com\/index.php\/2024\/08\/28\/arrestohet-ne-gjermani-nje-shtetas-shqiptar-pasi-kishte-kercenuar-bashkeshortin-e-gjyqtares-se-gjkko-se\/"},"modified":"2024-08-28T21:17:29","modified_gmt":"2024-08-28T21:17:29","slug":"arrestohet-ne-gjermani-nje-shtetas-shqiptar-pasi-kishte-kercenuar-bashkeshortin-e-gjyqtares-se-gjkko-se","status":"publish","type":"post","link":"https:\/\/radiogjilani.com\/index.php\/2024\/08\/28\/arrestohet-ne-gjermani-nje-shtetas-shqiptar-pasi-kishte-kercenuar-bashkeshortin-e-gjyqtares-se-gjkko-se\/","title":{"rendered":"Arrestohet n\u00eb Gjermani nj\u00eb shtetas shqiptar, pasi kishte k\u00ebrc\u00ebnuar bashk\u00ebshortin e gjyqtares s\u00eb GJKKO-s\u00eb"},"content":{"rendered":"<p>Dy shtetas shqiptar\u00eb jan\u00eb arrestuar n\u00eb Gjermani, ku nj\u00ebri prej tyre \u00ebsht\u00eb vendosur n\u00ebn mas\u00ebn e siguris\u00eb arrest me burg n\u00eb Shqip\u00ebri, pasi ka k\u00ebrc\u00ebnuar bashk\u00ebshortin e nj\u00eb gjyqtareje t\u00eb Gjykat\u00ebs s\u00eb Posa\u00e7me kund\u00ebr Korrupsionit dhe Krimit t\u00eb Organizuar.<\/p>\n<p>Dy shtetasit jan\u00eb Fabio Ballabani, i njohur edhe si Fabio Zyberaj, si edhe dhe Erald Krasniqi.<\/p>\n<p>Fabio Ballabani, ishte shpallur n\u00eb k\u00ebrkim nga SPAK, nd\u00ebrsa GJKKO ka vendosur mas\u00ebn e siguris\u00eb \u201cArrest n\u00eb burg,\u201d p\u00ebr veprat penale \u201cGoditjet ndaj pjes\u00ebtar\u00ebve t\u00eb familjes s\u00eb personit q\u00eb kryen nj\u00eb detyr\u00eb shtet\u00ebrore,\u201d e kryer n\u00eb bashk\u00ebpunim n\u00eb form\u00ebn e grupit t\u00eb strukturuar kriminal, \u201cGrup i Strukturuar Kriminal,\u201d dhe \u201cKryerja e veprave penale nga Grupi i strukturuar kriminal dhe Organizata kriminale.\u201d<\/p>\n<p>Ai akuzohet se n\u00eb vitin 2019, ka shtrire n\u00eb tok\u00eb nj\u00eb shtetas duke i v\u00ebn\u00eb pistolet\u00ebn n\u00eb goj\u00eb dhe e ka k\u00ebrc\u00ebnuar p\u00ebr ta vrar\u00eb p\u00ebr shkak t\u00eb detyr\u00ebs s\u00eb bashk\u00ebshortes s\u00eb tij. B\u00ebhet fjal\u00eb p\u00ebr k\u00ebrc\u00ebnimin e Kristaq Priftit, bashk\u00ebshortit t\u00eb gjyqtares, Saida Dollani. Ai denoncoi se u k\u00ebrc\u00ebnua me pistolet\u00eb teksa gruaja ishte pjes\u00eb e trup\u00ebs gjyq\u00ebsore ndaj Emiljano Shullazit dhe grupit t\u00eb tij.<\/p>\n<p>\t\t<i><\/i><ins data-dcm-landing-page-escapes=\"0\" data-dcm-click-tracker=\"https:\/\/track.adform.net\/C\/?bn=73199340;adfibeg=0;cdata=wY0ZHC8ypbQniOq3Sj8hschgQeJ3VY4zU1bO9ulaUP_iCMviXuI_n4RPYRHBxkqVPVtGasWBO2DsQ97SqeB3vafpodL8HlhSS5QNXFy9YSXxjmdMEY9WqD7eKsUQLet9dO-UMsCLM2opnkTpCdy6-w2;;CREFURL=https%3a%2f%2feuro-pixel.com%2ftest.php;C=1;cpdir=\" class=\"dcmads\" data-dcm-placement=\"N571601.4773204ALBANIANPOST.COM\/B32392692.399829096\" data-dcm-rendering-mode=\"iframe\" data-dcm-https-only=\"\" data-dcm-api-frameworks=\"[APIFRAMEWORKS]\" data-dcm-omid-partner=\"[OMIDPARTNER]\" data-dcm-gdpr-applies=\"gdpr=\" data-dcm-gdpr-consent=\"gdpr_consent=\" data-dcm-addtl-consent=\"addtl_consent=${ADDTL_CONSENT}\" data-dcm-ltd=\"false\" data-dcm-resettable-device-id=\"\" data-dcm-app-id=\"\" data-dcm-processed=\"y\"><\/p>\n<p>\t\t<\/ins><\/p>\n<p>Nd\u00ebrsa, Erland Krasniqi akuzohet se pas nj\u00eb konflikti p\u00ebr motive t\u00eb dob\u00ebta, ka plagosur me arm\u00eb zjarri shtetasin Renato Bajraktari, ngjarje e ndodhur n\u00eb maj 2024, n\u00eb Durr\u00ebs, tek \u201cRrethrrotullimi i Plepave\u201d.<\/p>\n<h5><strong>Njoftimi i plot\u00eb i Policis\u00eb<\/strong><\/h5>\n<p>Vijojn\u00eb operacionet e nj\u00ebpasnj\u00ebshme me partner\u00ebt dhe agjencit\u00eb e zbatimit t\u00eb ligjit brenda dhe jasht\u00eb vendit p\u00ebr kapjen e personave t\u00eb shpallur n\u00eb k\u00ebrkim nd\u00ebrkomb\u00ebtar.<\/p>\n<p>Finalizohen n\u00eb bashk\u00ebpunim me partner\u00ebt gjerman\u00eb dy operacione t\u00eb koduara \u201cPara drejt\u00ebsis\u00eb.\u201d<\/p>\n<p>Operacionet u realizuan fal\u00eb sigurimit t\u00eb informacionit nga Policia e Shtetit dhe shk\u00ebmbimit n\u00eb koh\u00eb me Interpol Wiesbaden\/Gjermani, n\u00ebp\u00ebrmjet Interpol Tiran\u00ebs.<\/p>\n<p>N\u00eb kuad\u00ebr t\u00eb k\u00ebtyre operacioneve jan\u00eb arrestuar n\u00eb Gjermani shtetasit:<\/p>\n<p>\u2013 F. B., alias F. Z., 37 vje\u00e7, lindur n\u00eb Vlor\u00eb.<\/p>\n<p>Ky shtetas ishte i shpallur n\u00eb k\u00ebrkim nd\u00ebrkomb\u00ebtar pasi Gjykata e Posa\u00e7me Kund\u00ebr Korrupsionit dhe Krimit t\u00eb Organizuar Tiran\u00eb, ka vendosur mas\u00ebn e siguris\u00eb \u201cArrest n\u00eb burg,\u201d p\u00ebr veprat penale \u201cGoditjet ndaj pjes\u00ebtar\u00ebve t\u00eb familjes s\u00eb personit q\u00eb kryen nj\u00eb detyr\u00eb shtet\u00ebrore,\u201d e kryer n\u00eb bashk\u00ebpunim n\u00eb form\u00ebn e grupit t\u00eb strukturuar kriminal, \u201cGrup i Strukturuar Kriminal,\u201d dhe \u201cKryerja e veprave penale nga Grupi i strukturuar kriminal dhe Organizata kriminale.\u201d<\/p>\n<p>P\u00ebrmbledhje e fakteve: Ky shtetas dyshohet se n\u00eb vitin 2019, ka k\u00ebrc\u00ebnuar me arm\u00eb zjarri pistolet\u00eb bashk\u00ebshortin e nj\u00eb gjyqtareje e cila ishte pjes\u00eb e trupit gjykues n\u00eb nj\u00eb gjyq q\u00eb zhvillohej kund\u00ebr nj\u00eb grupi t\u00eb krimit t\u00eb organizuar. Nga hetimet e kryera dhe k\u00ebqyrja e kamerave t\u00eb siguris\u00eb, \u00ebsht\u00eb identifikuar si autor i k\u00ebtij sulmi shtetasi F. B., alias F. Z.<br \/>\n\u2013<br \/>\n\u2013 E. K., 25 vje\u00e7, lindur n\u00eb Kavaj\u00eb.<\/p>\n<p>Ky shtetas ishte shpallur n\u00eb k\u00ebrkim nd\u00ebrkomb\u00ebtar pasi Gjykata e Juridiksionit t\u00eb P\u00ebrgjithsh\u00ebm Durr\u00ebs, n\u00eb maj 2024, ka caktuar mas\u00ebn e sigurimit personal \u201cArrest me burg,\u201d p\u00ebr vepr\u00ebn penale \u201cPlagosja e r\u00ebnd\u00eb me dashje\u201d dhe \u201cProdhimi dhe mbajtje pa leje e arm\u00ebve luftarake dhe municionit.\u201d<\/p>\n<p>P\u00ebrmbledhje e fakteve: Ky shtetas, n\u00eb maj 2024, n\u00eb Durr\u00ebs, tek \u201cRrethrrotullimi i Plepave,\u201d pas nj\u00eb konflikti p\u00ebr motive t\u00eb dob\u00ebta, ka plagosur me arm\u00eb zjarri shtetasin R. B.<\/p>\n<p>Interpol Tirana po bashk\u00ebpunon me Interpol Wiesbaden\/Gjermani p\u00ebr ekstradimin e k\u00ebtyre dy shtetasve drejt vendit ton\u00eb.<\/p>\n<p>The post <a rel=\"nofollow\" href=\"https:\/\/albanianpost.com\/arrestohet-ne-gjermani-nje-shtetas-shqiptar-pasi-kishte-kercenuar-bashkeshortin-e-gjyqtares-se-gjkko-se\/\">Arrestohet n\u00eb Gjermani nj\u00eb shtetas shqiptar, pasi kishte k\u00ebrc\u00ebnuar bashk\u00ebshortin e gjyqtares s\u00eb GJKKO-s\u00eb<\/a> appeared first on <a rel=\"nofollow\" href=\"https:\/\/albanianpost.com\/\">Albanian Post<\/a>.<\/p>\n","protected":false},"excerpt":{"rendered":"<p>Dy shtetas shqiptar\u00eb jan\u00eb arrestuar n\u00eb Gjermani, ku nj\u00ebri prej tyre \u00ebsht\u00eb vendosur n\u00ebn mas\u00ebn e siguris\u00eb arrest me burg n\u00eb Shqip\u00ebri, pasi ka k\u00ebrc\u00ebnuar bashk\u00ebshortin e nj\u00eb gjyqtareje t\u00eb Gjykat\u00ebs s\u00eb Posa\u00e7me kund\u00ebr Korrupsionit dhe Krimit t\u00eb Organizuar. Dy shtetasit jan\u00eb Fabio Ballabani, i njohur edhe si Fabio Zyberaj, si edhe dhe Erald Krasniqi. [&hellip;]<\/p>\n","protected":false},"author":1,"featured_media":8475,"comment_status":"open","ping_status":"open","sticky":false,"template":"","format":"standard","meta":{"footnotes":""},"categories":[1],"tags":[],"class_list":["post-8474","post","type-post","status-publish","format-standard","has-post-thumbnail","hentry","category-uncategorized"],"_links":{"self":[{"href":"https:\/\/radiogjilani.com\/index.php\/wp-json\/wp\/v2\/posts\/8474","targetHints":{"allow":["GET"]}}],"collection":[{"href":"https:\/\/radiogjilani.com\/index.php\/wp-json\/wp\/v2\/posts"}],"about":[{"href":"https:\/\/radiogjilani.com\/index.php\/wp-json\/wp\/v2\/types\/post"}],"author":[{"embeddable":true,"href":"https:\/\/radiogjilani.com\/index.php\/wp-json\/wp\/v2\/users\/1"}],"replies":[{"embeddable":true,"href":"https:\/\/radiogjilani.com\/index.php\/wp-json\/wp\/v2\/comments?post=8474"}],"version-history":[{"count":0,"href":"https:\/\/radiogjilani.com\/index.php\/wp-json\/wp\/v2\/posts\/8474\/revisions"}],"wp:featuredmedia":[{"embeddable":true,"href":"https:\/\/radiogjilani.com\/index.php\/wp-json\/wp\/v2\/media\/8475"}],"wp:attachment":[{"href":"https:\/\/radiogjilani.com\/index.php\/wp-json\/wp\/v2\/media?parent=8474"}],"wp:term":[{"taxonomy":"category","embeddable":true,"href":"https:\/\/radiogjilani.com\/index.php\/wp-json\/wp\/v2\/categories?post=8474"},{"taxonomy":"post_tag","embeddable":true,"href":"https:\/\/radiogjilani.com\/index.php\/wp-json\/wp\/v2\/tags?post=8474"}],"curies":[{"name":"wp","href":"https:\/\/api.w.org\/{rel}","templated":true}]}}