{"id":8534,"date":"2024-08-30T21:21:12","date_gmt":"2024-08-30T21:21:12","guid":{"rendered":"https:\/\/radiogjilani.com\/index.php\/2024\/08\/30\/te-zhdukurit-e-luftes-yhir-i-ben-thirrje-institucioneve-shteterore-qe-kjo-ceshtje-te-trajtohet-me-urgjence-kombetare\/"},"modified":"2024-08-30T21:21:12","modified_gmt":"2024-08-30T21:21:12","slug":"te-zhdukurit-e-luftes-yhir-i-ben-thirrje-institucioneve-shteterore-qe-kjo-ceshtje-te-trajtohet-me-urgjence-kombetare","status":"publish","type":"post","link":"https:\/\/radiogjilani.com\/index.php\/2024\/08\/30\/te-zhdukurit-e-luftes-yhir-i-ben-thirrje-institucioneve-shteterore-qe-kjo-ceshtje-te-trajtohet-me-urgjence-kombetare\/","title":{"rendered":"T\u00eb zhdukurit e luft\u00ebs, YHIR i b\u00ebn thirrje institucioneve shtet\u00ebrore q\u00eb kjo \u00e7\u00ebshtje t\u00eb trajtohet me urgjenc\u00eb komb\u00ebtare"},"content":{"rendered":"<p>N\u00eb Dit\u00ebn Nd\u00ebrkomb\u00ebtare t\u00eb t\u00eb Zhdukurve me Dhun\u00eb, YIHR KS, ka mbajtur aksionin simbolik \u201cDera e Pritjes\u201d tek sheshi \u2018Sk\u00ebnderbeu\u2019. Drejtoresha ekzekutive e organizat\u00ebs, Marigona Shabiu n\u00eb nj\u00eb prononcim p\u00ebr Ekonomia Online, ka th\u00ebn\u00eb se jan\u00eb mbi 1 mij\u00eb e 600 persona t\u00eb zhdukur gjat\u00eb luft\u00ebs. Sipas saj, kjo \u00e7\u00ebshtje nuk \u00ebsht\u00eb vet\u00ebm shqet\u00ebsim p\u00ebr familjar\u00ebt por p\u00ebr t\u00eb gjith\u00eb shoq\u00ebrin\u00eb&#8230;<\/p>\n<p><a href=\"https:\/\/ekonomiaonline.com\/te-zhdukurit-e-luftes-yhir-i-ben-thirrje-institucioneve-shteterore-qe-kjo-ceshtje-te-trajtohet-me-urgjence-kombetare\/\" rel=\"nofollow\">Source<\/a><\/p>\n","protected":false},"excerpt":{"rendered":"<p>N\u00eb Dit\u00ebn Nd\u00ebrkomb\u00ebtare t\u00eb t\u00eb Zhdukurve me Dhun\u00eb, YIHR KS, ka mbajtur aksionin simbolik \u201cDera e Pritjes\u201d tek sheshi \u2018Sk\u00ebnderbeu\u2019. Drejtoresha ekzekutive e organizat\u00ebs, Marigona Shabiu n\u00eb nj\u00eb prononcim p\u00ebr Ekonomia Online, ka th\u00ebn\u00eb se jan\u00eb mbi 1 mij\u00eb e 600 persona t\u00eb zhdukur gjat\u00eb luft\u00ebs. Sipas saj, kjo \u00e7\u00ebshtje nuk \u00ebsht\u00eb vet\u00ebm shqet\u00ebsim p\u00ebr [&hellip;]<\/p>\n","protected":false},"author":1,"featured_media":8535,"comment_status":"open","ping_status":"open","sticky":false,"template":"","format":"standard","meta":{"footnotes":""},"categories":[19],"tags":[],"class_list":["post-8534","post","type-post","status-publish","format-standard","has-post-thumbnail","hentry","category-eko"],"_links":{"self":[{"href":"https:\/\/radiogjilani.com\/index.php\/wp-json\/wp\/v2\/posts\/8534","targetHints":{"allow":["GET"]}}],"collection":[{"href":"https:\/\/radiogjilani.com\/index.php\/wp-json\/wp\/v2\/posts"}],"about":[{"href":"https:\/\/radiogjilani.com\/index.php\/wp-json\/wp\/v2\/types\/post"}],"author":[{"embeddable":true,"href":"https:\/\/radiogjilani.com\/index.php\/wp-json\/wp\/v2\/users\/1"}],"replies":[{"embeddable":true,"href":"https:\/\/radiogjilani.com\/index.php\/wp-json\/wp\/v2\/comments?post=8534"}],"version-history":[{"count":0,"href":"https:\/\/radiogjilani.com\/index.php\/wp-json\/wp\/v2\/posts\/8534\/revisions"}],"wp:featuredmedia":[{"embeddable":true,"href":"https:\/\/radiogjilani.com\/index.php\/wp-json\/wp\/v2\/media\/8535"}],"wp:attachment":[{"href":"https:\/\/radiogjilani.com\/index.php\/wp-json\/wp\/v2\/media?parent=8534"}],"wp:term":[{"taxonomy":"category","embeddable":true,"href":"https:\/\/radiogjilani.com\/index.php\/wp-json\/wp\/v2\/categories?post=8534"},{"taxonomy":"post_tag","embeddable":true,"href":"https:\/\/radiogjilani.com\/index.php\/wp-json\/wp\/v2\/tags?post=8534"}],"curies":[{"name":"wp","href":"https:\/\/api.w.org\/{rel}","templated":true}]}}