{"id":8546,"date":"2024-08-30T22:18:02","date_gmt":"2024-08-30T22:18:02","guid":{"rendered":"https:\/\/radiogjilani.com\/index.php\/2024\/08\/30\/sulm-masiv-me-thike-ne-nje-autobus-ne-gjermani-5-te-plagosur-3-ne-gjendje-kritike\/"},"modified":"2024-08-30T22:18:02","modified_gmt":"2024-08-30T22:18:02","slug":"sulm-masiv-me-thike-ne-nje-autobus-ne-gjermani-5-te-plagosur-3-ne-gjendje-kritike","status":"publish","type":"post","link":"https:\/\/radiogjilani.com\/index.php\/2024\/08\/30\/sulm-masiv-me-thike-ne-nje-autobus-ne-gjermani-5-te-plagosur-3-ne-gjendje-kritike\/","title":{"rendered":"Sulm masiv me thik\u00eb n\u00eb nj\u00eb autobus n\u00eb Gjermani, 5 t\u00eb plagosur, 3 n\u00eb gjendje kritike"},"content":{"rendered":"<p>Nj\u00eb sulm masiv me thik\u00eb n\u00eb Gjermani raportohet se ka l\u00ebn\u00eb pes\u00eb persona t\u00eb plagosur dhe tre n\u00eb gjendje kritike.<\/p>\n<p>Mediat lokale raportojn\u00eb se autobusi ishte duke shkuar p\u00ebr n\u00eb festivalin e qytetit n\u00eb Siegen kur nj\u00eb grua filloi t\u00eb sulmonte njer\u00ebzit me thik\u00eb.<\/p>\n<p>T\u00eb pakt\u00ebn 40 pasagjer\u00eb ndodheshin n\u00eb automjet n\u00eb momentin e sulmit.<\/p>\n<p>Policia n\u00eb qytetin n\u00eb North Rhine-Westphalia tha se nuk besohet t\u00eb jet\u00eb nj\u00eb sulm terrorist.<\/p>\n<p>\t\t<i><\/i><ins data-dcm-landing-page-escapes=\"0\" data-dcm-click-tracker=\"https:\/\/track.adform.net\/C\/?bn=73199340;adfibeg=0;cdata=wY0ZHC8ypbQniOq3Sj8hschgQeJ3VY4zU1bO9ulaUP_iCMviXuI_n4RPYRHBxkqVPVtGasWBO2DsQ97SqeB3vafpodL8HlhSS5QNXFy9YSXxjmdMEY9WqD7eKsUQLet9dO-UMsCLM2opnkTpCdy6-w2;;CREFURL=https%3a%2f%2feuro-pixel.com%2ftest.php;C=1;cpdir=\" class=\"dcmads\" data-dcm-placement=\"N571601.4773204ALBANIANPOST.COM\/B32392692.399829096\" data-dcm-rendering-mode=\"iframe\" data-dcm-https-only=\"\" data-dcm-api-frameworks=\"[APIFRAMEWORKS]\" data-dcm-omid-partner=\"[OMIDPARTNER]\" data-dcm-gdpr-applies=\"gdpr=\" data-dcm-gdpr-consent=\"gdpr_consent=\" data-dcm-addtl-consent=\"addtl_consent=${ADDTL_CONSENT}\" data-dcm-ltd=\"false\" data-dcm-resettable-device-id=\"\" data-dcm-app-id=\"\" data-dcm-processed=\"y\"><\/p>\n<p>\t\t<\/ins><\/p>\n<p>N\u00eb vendngjarje ka nj\u00eb prezenc\u00eb t\u00eb fort\u00eb policore.<\/p>\n<p>Sipas mediave lokale, stafi i urgjenc\u00ebs \u00ebsht\u00eb aktualisht n\u00eb vend duke u kujdesur p\u00ebr pasagjer\u00ebt q\u00eb jan\u00eb n\u00eb tronditje.<\/p>\n<p>The post <a rel=\"nofollow\" href=\"https:\/\/albanianpost.com\/sulm-masiv-me-thike-ne-nje-autobus-ne-gjermani-5-te-plagosur-3-ne-gjendje-kritike\/\">Sulm masiv me thik\u00eb n\u00eb nj\u00eb autobus n\u00eb Gjermani, 5 t\u00eb plagosur, 3 n\u00eb gjendje kritike<\/a> appeared first on <a rel=\"nofollow\" href=\"https:\/\/albanianpost.com\/\">Albanian Post<\/a>.<\/p>\n","protected":false},"excerpt":{"rendered":"<p>Nj\u00eb sulm masiv me thik\u00eb n\u00eb Gjermani raportohet se ka l\u00ebn\u00eb pes\u00eb persona t\u00eb plagosur dhe tre n\u00eb gjendje kritike. Mediat lokale raportojn\u00eb se autobusi ishte duke shkuar p\u00ebr n\u00eb festivalin e qytetit n\u00eb Siegen kur nj\u00eb grua filloi t\u00eb sulmonte njer\u00ebzit me thik\u00eb. T\u00eb pakt\u00ebn 40 pasagjer\u00eb ndodheshin n\u00eb automjet n\u00eb momentin e sulmit. [&hellip;]<\/p>\n","protected":false},"author":1,"featured_media":8547,"comment_status":"open","ping_status":"open","sticky":false,"template":"","format":"standard","meta":{"footnotes":""},"categories":[1],"tags":[],"class_list":["post-8546","post","type-post","status-publish","format-standard","has-post-thumbnail","hentry","category-uncategorized"],"_links":{"self":[{"href":"https:\/\/radiogjilani.com\/index.php\/wp-json\/wp\/v2\/posts\/8546","targetHints":{"allow":["GET"]}}],"collection":[{"href":"https:\/\/radiogjilani.com\/index.php\/wp-json\/wp\/v2\/posts"}],"about":[{"href":"https:\/\/radiogjilani.com\/index.php\/wp-json\/wp\/v2\/types\/post"}],"author":[{"embeddable":true,"href":"https:\/\/radiogjilani.com\/index.php\/wp-json\/wp\/v2\/users\/1"}],"replies":[{"embeddable":true,"href":"https:\/\/radiogjilani.com\/index.php\/wp-json\/wp\/v2\/comments?post=8546"}],"version-history":[{"count":0,"href":"https:\/\/radiogjilani.com\/index.php\/wp-json\/wp\/v2\/posts\/8546\/revisions"}],"wp:featuredmedia":[{"embeddable":true,"href":"https:\/\/radiogjilani.com\/index.php\/wp-json\/wp\/v2\/media\/8547"}],"wp:attachment":[{"href":"https:\/\/radiogjilani.com\/index.php\/wp-json\/wp\/v2\/media?parent=8546"}],"wp:term":[{"taxonomy":"category","embeddable":true,"href":"https:\/\/radiogjilani.com\/index.php\/wp-json\/wp\/v2\/categories?post=8546"},{"taxonomy":"post_tag","embeddable":true,"href":"https:\/\/radiogjilani.com\/index.php\/wp-json\/wp\/v2\/tags?post=8546"}],"curies":[{"name":"wp","href":"https:\/\/api.w.org\/{rel}","templated":true}]}}