{"id":8548,"date":"2024-08-30T22:18:01","date_gmt":"2024-08-30T22:18:01","guid":{"rendered":"https:\/\/radiogjilani.com\/index.php\/2024\/08\/30\/kurti-kerkon-nga-nderkombetaret-hapjen-e-arkives-se-brigades-se-motorizuar-37-te-ushtrise-jugosllave\/"},"modified":"2024-08-30T22:18:01","modified_gmt":"2024-08-30T22:18:01","slug":"kurti-kerkon-nga-nderkombetaret-hapjen-e-arkives-se-brigades-se-motorizuar-37-te-ushtrise-jugosllave","status":"publish","type":"post","link":"https:\/\/radiogjilani.com\/index.php\/2024\/08\/30\/kurti-kerkon-nga-nderkombetaret-hapjen-e-arkives-se-brigades-se-motorizuar-37-te-ushtrise-jugosllave\/","title":{"rendered":"Kurti k\u00ebrkon nga nd\u00ebrkomb\u00ebtar\u00ebt hapjen e arkiv\u00ebs s\u00eb Brigad\u00ebs s\u00eb motorizuar 37 t\u00eb ushtris\u00eb jugosllave"},"content":{"rendered":"<p>Kryeministri i Kosov\u00ebs, Albin Kurti n\u00eb Dit\u00ebn Nd\u00ebrkomb\u00ebtare t\u00eb Personave t\u00eb Zhdukur, u ka b\u00ebr\u00eb thirrje faktor\u00ebve nd\u00ebrkomb\u00ebtare q\u00eb t\u00eb angazhohen m\u00eb shum\u00eb p\u00ebr t\u00eb zbardhur fatin e personave t\u00eb zhdukur.<\/p>\n<p>\u201cSot, n\u00eb Dit\u00ebn Nd\u00ebrkomb\u00ebtare t\u00eb Personave t\u00eb Zhdukur, ju b\u00ebjm\u00eb thirrje edhe nj\u00ebher\u00eb faktor\u00ebve nd\u00ebrkomb\u00ebtar\u00eb q\u00eb ashtu si\u00e7 na kan\u00eb ndihmuar s\u00eb fundmi me trysni mbi Serbin\u00eb q\u00eb t\u00eb filloj\u00eb g\u00ebrmimet n\u00eb Kozhle n\u00eb Sanxhak, midis Tutinit dhe Novi Pazarit, t\u00eb b\u00ebjn\u00eb trysni mbi Beogradin q\u00eb t\u00eb nd\u00ebrrohet vendimi, dhe arkiva e Brigad\u00ebs s\u00eb motorizuar 37 t\u00eb ushtris\u00eb jugosllave t\u00eb hapet, dhe t\u00eb zbardhen shum\u00eb informacione\u201d, ka shkruar ai.<\/p>\n<p>Kurti, p\u00ebrmes nj\u00eb shkrimi n\u00eb rrjetin social <a href=\"https:\/\/www.facebook.com\/albini2017\/posts\/pfbid0Fd78z2o3smt6ibPA3WpCLX4sXmbtAkTm51KAe3N3q3rX3jNwfpt1z1QaoUKUmH9Nl\">\u2018Facebook\u2019<\/a>, ka th\u00ebn\u00eb se n\u00eb arkivat e Brigad\u00ebs 37 t\u00eb motorizuar t\u00eb ushtris\u00eb jugosllave ndodhet e v\u00ebrteta p\u00ebr t\u00eb zhdukurit.<\/p>\n<p>\u201cN\u00eb k\u00ebt\u00eb periudh\u00eb kohore, m\u00eb sakt\u00ebsisht n\u00eb ver\u00ebn e vitit 2014, pra para 10 vjet\u00ebve, arkiva e Brigad\u00ebs 37 t\u00eb motorizuar t\u00eb ushtris\u00eb jugosllave \u00ebsht\u00eb klasifikuar me vendim n\u00eb Serbi p\u00ebr 30 vjet. Pra ajo nuk do t\u00eb hapet deri n\u00eb vitin 2044\u201d.\n<\/p>\n<p>\t\t<i><\/i><ins data-dcm-landing-page-escapes=\"0\" data-dcm-click-tracker=\"https:\/\/track.adform.net\/C\/?bn=73199340;adfibeg=0;cdata=wY0ZHC8ypbQniOq3Sj8hschgQeJ3VY4zU1bO9ulaUP_iCMviXuI_n4RPYRHBxkqVPVtGasWBO2DsQ97SqeB3vafpodL8HlhSS5QNXFy9YSXxjmdMEY9WqD7eKsUQLet9dO-UMsCLM2opnkTpCdy6-w2;;CREFURL=https%3a%2f%2feuro-pixel.com%2ftest.php;C=1;cpdir=\" class=\"dcmads\" data-dcm-placement=\"N571601.4773204ALBANIANPOST.COM\/B32392692.399829096\" data-dcm-rendering-mode=\"iframe\" data-dcm-https-only=\"\" data-dcm-api-frameworks=\"[APIFRAMEWORKS]\" data-dcm-omid-partner=\"[OMIDPARTNER]\" data-dcm-gdpr-applies=\"gdpr=\" data-dcm-gdpr-consent=\"gdpr_consent=\" data-dcm-addtl-consent=\"addtl_consent=${ADDTL_CONSENT}\" data-dcm-ltd=\"false\" data-dcm-resettable-device-id=\"\" data-dcm-app-id=\"\" data-dcm-processed=\"y\"><\/p>\n<p>\t\t<\/ins><\/p>\n<p>\u201cN\u00eb ato arkiva, ndodhet e v\u00ebrteta. Kjo \u00ebsht\u00eb dhe arsyeja pse nuk jan\u00eb t\u00eb qasshme. Sepse kjo brigad\u00eb ka kryer nj\u00eb num\u00ebr t\u00eb madh t\u00eb masakrave n\u00eb Kosov\u00eb, sidomos n\u00eb rajonin e Drenic\u00ebs\u201d, ka shkruar Kurti.<\/p>\n<p>Ai ka theksuar se Velko Odallovi\u00e7 dhe Zoran Angjellkovi\u00e7, do t\u00eb duhej t\u00eb ishin n\u00eb bank\u00ebn e t\u00eb pandehurve duke marr\u00eb d\u00ebnimin e merituar.<\/p>\n<p>\u201cN\u00eb fakt, Velko Odallovi\u00e7 dhe Zoran Angjellkovi\u00e7 kan\u00eb qen\u00eb dy personat kryesor\u00eb. Nd\u00ebrkoh\u00eb q\u00eb sot do t\u00eb duhej t\u00eb ishin n\u00eb bank\u00ebn e t\u00eb pandehurve, t\u00eb ket\u00eb gjykim t\u00eb drejt\u00eb p\u00ebr ta dhe nd\u00ebshkim t\u00eb merituar, ata jan\u00eb persona t\u00eb privilegjuar t\u00eb regjimit t\u00eb Vu\u00e7iqit, ku Odallovi\u00e7 udh\u00ebheq Komisionin p\u00ebr persona t\u00eb zhdukur n\u00eb Serbi, q\u00eb nga viti 2004, nd\u00ebrsa Angjellkovi \u00e7 mban poashtu poste t\u00eb larta, si ushtrues detyre i Drejtorit t\u00eb Post\u00ebs s\u00eb Serbis\u00eb\u201d.<\/p>\n<p>Kosova dhe Serbia, vitin e kaluar u pajtuan p\u00ebr Deklarat\u00ebn e p\u00ebrbashk\u00ebt p\u00ebr personat e zhdukur, n\u00eb kuad\u00ebr t\u00eb dialogut t\u00eb nd\u00ebrmjet\u00ebsuar nga Bashkimi Evropian.<\/p>\n<p>Deklarata nd\u00ebr t\u00eb tjera p\u00ebrfshin\u00eb qasje t\u00eb plot\u00eb n\u00eb informacione t\u00eb besueshme, mes tyre edhe ato me status t\u00eb klasifikuar. V\u00ebnie n\u00eb dispozicion t\u00eb t\u00eb gjitha dokumenteve me rend\u00ebsi p\u00ebr p\u00ebrcaktimin e fatit t\u00eb personave t\u00eb zhdukur, si dhe pun\u00eb t\u00eb p\u00ebrbashk\u00ebt p\u00ebrmes nj\u00eb komisioni t\u00eb kryesuar nga Bashkimi Evropian.<\/p>\n<p>Gjat\u00eb luft\u00ebs n\u00eb Kosov\u00eb n\u00eb vitet 1998-1999 rreth 13 mij\u00eb njer\u00ebz nga t\u00eb gjitha bashk\u00ebsit\u00eb etnike u vran\u00eb, mbi 800 mij\u00eb u zhvendos\u00ebn dhe rreth 1 mij\u00eb e 600 jan\u00eb t\u00eb zhdukur.<\/p>\n<p>Qindra trupa t\u00eb shqiptar\u00ebve t\u00eb vrar\u00eb t\u00eb Kosov\u00ebs jan\u00eb gjetur n\u00eb varreza masive n\u00eb Serbi.<\/p>\n<p>Deri m\u00eb tani nga Serbia n\u00eb Kosov\u00eb jan\u00eb kthyer rreth 1 mij\u00eb mbetje mortore.<\/p>\n<p>The post <a rel=\"nofollow\" href=\"https:\/\/albanianpost.com\/kurti-kerkon-nga-nderkombetaret-hapjen-e-arkives-se-brigades-se-motorizuar-37-te-ushtrise-jugosllave\/\">Kurti k\u00ebrkon nga nd\u00ebrkomb\u00ebtar\u00ebt hapjen e arkiv\u00ebs s\u00eb Brigad\u00ebs s\u00eb motorizuar 37 t\u00eb ushtris\u00eb jugosllave<\/a> appeared first on <a rel=\"nofollow\" href=\"https:\/\/albanianpost.com\/\">Albanian Post<\/a>.<\/p>\n","protected":false},"excerpt":{"rendered":"<p>Kryeministri i Kosov\u00ebs, Albin Kurti n\u00eb Dit\u00ebn Nd\u00ebrkomb\u00ebtare t\u00eb Personave t\u00eb Zhdukur, u ka b\u00ebr\u00eb thirrje faktor\u00ebve nd\u00ebrkomb\u00ebtare q\u00eb t\u00eb angazhohen m\u00eb shum\u00eb p\u00ebr t\u00eb zbardhur fatin e personave t\u00eb zhdukur. \u201cSot, n\u00eb Dit\u00ebn Nd\u00ebrkomb\u00ebtare t\u00eb Personave t\u00eb Zhdukur, ju b\u00ebjm\u00eb thirrje edhe nj\u00ebher\u00eb faktor\u00ebve nd\u00ebrkomb\u00ebtar\u00eb q\u00eb ashtu si\u00e7 na kan\u00eb ndihmuar s\u00eb fundmi me [&hellip;]<\/p>\n","protected":false},"author":1,"featured_media":8549,"comment_status":"open","ping_status":"open","sticky":false,"template":"","format":"standard","meta":{"footnotes":""},"categories":[1],"tags":[],"class_list":["post-8548","post","type-post","status-publish","format-standard","has-post-thumbnail","hentry","category-uncategorized"],"_links":{"self":[{"href":"https:\/\/radiogjilani.com\/index.php\/wp-json\/wp\/v2\/posts\/8548","targetHints":{"allow":["GET"]}}],"collection":[{"href":"https:\/\/radiogjilani.com\/index.php\/wp-json\/wp\/v2\/posts"}],"about":[{"href":"https:\/\/radiogjilani.com\/index.php\/wp-json\/wp\/v2\/types\/post"}],"author":[{"embeddable":true,"href":"https:\/\/radiogjilani.com\/index.php\/wp-json\/wp\/v2\/users\/1"}],"replies":[{"embeddable":true,"href":"https:\/\/radiogjilani.com\/index.php\/wp-json\/wp\/v2\/comments?post=8548"}],"version-history":[{"count":0,"href":"https:\/\/radiogjilani.com\/index.php\/wp-json\/wp\/v2\/posts\/8548\/revisions"}],"wp:featuredmedia":[{"embeddable":true,"href":"https:\/\/radiogjilani.com\/index.php\/wp-json\/wp\/v2\/media\/8549"}],"wp:attachment":[{"href":"https:\/\/radiogjilani.com\/index.php\/wp-json\/wp\/v2\/media?parent=8548"}],"wp:term":[{"taxonomy":"category","embeddable":true,"href":"https:\/\/radiogjilani.com\/index.php\/wp-json\/wp\/v2\/categories?post=8548"},{"taxonomy":"post_tag","embeddable":true,"href":"https:\/\/radiogjilani.com\/index.php\/wp-json\/wp\/v2\/tags?post=8548"}],"curies":[{"name":"wp","href":"https:\/\/api.w.org\/{rel}","templated":true}]}}