{"id":8570,"date":"2024-08-31T22:19:41","date_gmt":"2024-08-31T22:19:41","guid":{"rendered":"https:\/\/radiogjilani.com\/index.php\/2024\/08\/31\/reduktohet-prania-e-kfor-it-ne-uren-e-ibrit\/"},"modified":"2024-08-31T22:19:41","modified_gmt":"2024-08-31T22:19:41","slug":"reduktohet-prania-e-kfor-it-ne-uren-e-ibrit","status":"publish","type":"post","link":"https:\/\/radiogjilani.com\/index.php\/2024\/08\/31\/reduktohet-prania-e-kfor-it-ne-uren-e-ibrit\/","title":{"rendered":"Reduktohet prania e KFOR-it n\u00eb ur\u00ebn e Ibrit"},"content":{"rendered":"<p>Prania e misionit paqeruajt\u00ebs t\u00eb NATO-s, KFOR, n\u00eb ur\u00ebn e Ibrit n\u00eb Mitrovic\u00eb \u00ebsht\u00eb reduktuar pasditen e s\u00eb shtun\u00ebs. N\u00eb ur\u00eb kan\u00eb mbetur vet\u00ebm dy autoblinda t\u00eb forcave italiane, nd\u00ebrsa trupat \u00e7eke, t\u00eb pranishme m\u00eb her\u00ebt, jan\u00eb t\u00ebrhequr. N\u00eb pjes\u00ebn e par\u00eb t\u00eb dit\u00ebs s\u00eb shtun\u00eb, n\u00eb ur\u00eb ka pasur forca t\u00eb shtuara t\u00eb KFOR-it. Ky mision nuk i \u00ebsht\u00eb p\u00ebrgjigjur pyetjes s\u00eb REL-it p\u00ebr arsyen e p\u00ebrforcimeve&#8230;<\/p>\n<p><a href=\"https:\/\/ekonomiaonline.com\/reduktohet-prania-e-kfor-it-ne-uren-e-ibrit\/\" rel=\"nofollow\">Source<\/a><\/p>\n","protected":false},"excerpt":{"rendered":"<p>Prania e misionit paqeruajt\u00ebs t\u00eb NATO-s, KFOR, n\u00eb ur\u00ebn e Ibrit n\u00eb Mitrovic\u00eb \u00ebsht\u00eb reduktuar pasditen e s\u00eb shtun\u00ebs. N\u00eb ur\u00eb kan\u00eb mbetur vet\u00ebm dy autoblinda t\u00eb forcave italiane, nd\u00ebrsa trupat \u00e7eke, t\u00eb pranishme m\u00eb her\u00ebt, jan\u00eb t\u00ebrhequr. N\u00eb pjes\u00ebn e par\u00eb t\u00eb dit\u00ebs s\u00eb shtun\u00eb, n\u00eb ur\u00eb ka pasur forca t\u00eb shtuara t\u00eb KFOR-it. [&hellip;]<\/p>\n","protected":false},"author":1,"featured_media":8571,"comment_status":"open","ping_status":"open","sticky":false,"template":"","format":"standard","meta":{"footnotes":""},"categories":[19],"tags":[],"class_list":["post-8570","post","type-post","status-publish","format-standard","has-post-thumbnail","hentry","category-eko"],"_links":{"self":[{"href":"https:\/\/radiogjilani.com\/index.php\/wp-json\/wp\/v2\/posts\/8570","targetHints":{"allow":["GET"]}}],"collection":[{"href":"https:\/\/radiogjilani.com\/index.php\/wp-json\/wp\/v2\/posts"}],"about":[{"href":"https:\/\/radiogjilani.com\/index.php\/wp-json\/wp\/v2\/types\/post"}],"author":[{"embeddable":true,"href":"https:\/\/radiogjilani.com\/index.php\/wp-json\/wp\/v2\/users\/1"}],"replies":[{"embeddable":true,"href":"https:\/\/radiogjilani.com\/index.php\/wp-json\/wp\/v2\/comments?post=8570"}],"version-history":[{"count":0,"href":"https:\/\/radiogjilani.com\/index.php\/wp-json\/wp\/v2\/posts\/8570\/revisions"}],"wp:featuredmedia":[{"embeddable":true,"href":"https:\/\/radiogjilani.com\/index.php\/wp-json\/wp\/v2\/media\/8571"}],"wp:attachment":[{"href":"https:\/\/radiogjilani.com\/index.php\/wp-json\/wp\/v2\/media?parent=8570"}],"wp:term":[{"taxonomy":"category","embeddable":true,"href":"https:\/\/radiogjilani.com\/index.php\/wp-json\/wp\/v2\/categories?post=8570"},{"taxonomy":"post_tag","embeddable":true,"href":"https:\/\/radiogjilani.com\/index.php\/wp-json\/wp\/v2\/tags?post=8570"}],"curies":[{"name":"wp","href":"https:\/\/api.w.org\/{rel}","templated":true}]}}