{"id":8612,"date":"2024-09-01T22:30:38","date_gmt":"2024-09-01T22:30:38","guid":{"rendered":"https:\/\/radiogjilani.com\/index.php\/2024\/09\/01\/muriqi-reagon-pasi-u-shpall-lojtari-me-i-mire-i-ndeshjes\/"},"modified":"2024-09-01T22:30:38","modified_gmt":"2024-09-01T22:30:38","slug":"muriqi-reagon-pasi-u-shpall-lojtari-me-i-mire-i-ndeshjes","status":"publish","type":"post","link":"https:\/\/radiogjilani.com\/index.php\/2024\/09\/01\/muriqi-reagon-pasi-u-shpall-lojtari-me-i-mire-i-ndeshjes\/","title":{"rendered":"Muriqi reagon pasi u shpall lojtari m\u00eb i mir\u00eb i ndeshjes"},"content":{"rendered":"<p>Pasi Vedat Muriqi, u shpall lojtari m\u00eb i mir\u00eb n\u00eb ndeshjen mes Leganes dhe Mallorcas, ai ka reaguar p\u00ebrmes nj\u00eb postimi n\u00eb X (ish-Twitter). \u201cPun\u00eb shum\u00eb e mir\u00eb e ekipit. Shkojm\u00eb p\u00ebr m\u00eb shum\u00eb\u201d, shkroi ai. Muriqi ishte asistues i golit t\u00eb vet\u00ebm t\u00eb sh\u00ebnuar n\u00eb k\u00ebt\u00eb ndeshje, ku topin n\u00eb rrjet\u00eb e futi Dani Rodriguez.<\/p>\n<p><a href=\"https:\/\/ekonomiaonline.com\/muriqi-reagon-pasi-u-shpall-lojtari-me-i-mire-i-ndeshjes\/\" rel=\"nofollow\">Source<\/a><\/p>\n","protected":false},"excerpt":{"rendered":"<p>Pasi Vedat Muriqi, u shpall lojtari m\u00eb i mir\u00eb n\u00eb ndeshjen mes Leganes dhe Mallorcas, ai ka reaguar p\u00ebrmes nj\u00eb postimi n\u00eb X (ish-Twitter). \u201cPun\u00eb shum\u00eb e mir\u00eb e ekipit. Shkojm\u00eb p\u00ebr m\u00eb shum\u00eb\u201d, shkroi ai. Muriqi ishte asistues i golit t\u00eb vet\u00ebm t\u00eb sh\u00ebnuar n\u00eb k\u00ebt\u00eb ndeshje, ku topin n\u00eb rrjet\u00eb e futi Dani [&hellip;]<\/p>\n","protected":false},"author":1,"featured_media":8613,"comment_status":"open","ping_status":"open","sticky":false,"template":"","format":"standard","meta":{"footnotes":""},"categories":[19],"tags":[],"class_list":["post-8612","post","type-post","status-publish","format-standard","has-post-thumbnail","hentry","category-eko"],"_links":{"self":[{"href":"https:\/\/radiogjilani.com\/index.php\/wp-json\/wp\/v2\/posts\/8612","targetHints":{"allow":["GET"]}}],"collection":[{"href":"https:\/\/radiogjilani.com\/index.php\/wp-json\/wp\/v2\/posts"}],"about":[{"href":"https:\/\/radiogjilani.com\/index.php\/wp-json\/wp\/v2\/types\/post"}],"author":[{"embeddable":true,"href":"https:\/\/radiogjilani.com\/index.php\/wp-json\/wp\/v2\/users\/1"}],"replies":[{"embeddable":true,"href":"https:\/\/radiogjilani.com\/index.php\/wp-json\/wp\/v2\/comments?post=8612"}],"version-history":[{"count":0,"href":"https:\/\/radiogjilani.com\/index.php\/wp-json\/wp\/v2\/posts\/8612\/revisions"}],"wp:featuredmedia":[{"embeddable":true,"href":"https:\/\/radiogjilani.com\/index.php\/wp-json\/wp\/v2\/media\/8613"}],"wp:attachment":[{"href":"https:\/\/radiogjilani.com\/index.php\/wp-json\/wp\/v2\/media?parent=8612"}],"wp:term":[{"taxonomy":"category","embeddable":true,"href":"https:\/\/radiogjilani.com\/index.php\/wp-json\/wp\/v2\/categories?post=8612"},{"taxonomy":"post_tag","embeddable":true,"href":"https:\/\/radiogjilani.com\/index.php\/wp-json\/wp\/v2\/tags?post=8612"}],"curies":[{"name":"wp","href":"https:\/\/api.w.org\/{rel}","templated":true}]}}