{"id":8614,"date":"2024-09-01T22:30:37","date_gmt":"2024-09-01T22:30:37","guid":{"rendered":"https:\/\/radiogjilani.com\/index.php\/2024\/09\/01\/haradinaj-qeveria-ne-vend-qe-te-behej-aleate-e-mesimdhenesve-ajo-i-ka-goditur-ne-xhep-e-ne-dinjitet\/"},"modified":"2024-09-01T22:30:37","modified_gmt":"2024-09-01T22:30:37","slug":"haradinaj-qeveria-ne-vend-qe-te-behej-aleate-e-mesimdhenesve-ajo-i-ka-goditur-ne-xhep-e-ne-dinjitet","status":"publish","type":"post","link":"https:\/\/radiogjilani.com\/index.php\/2024\/09\/01\/haradinaj-qeveria-ne-vend-qe-te-behej-aleate-e-mesimdhenesve-ajo-i-ka-goditur-ne-xhep-e-ne-dinjitet\/","title":{"rendered":"Haradinaj: Qeveria n\u00eb vend q\u00eb t\u00eb b\u00ebhej aleate e m\u00ebsimdh\u00ebn\u00ebsve, ajo i ka goditur n\u00eb xhep e n\u00eb dinjitet"},"content":{"rendered":"<p>Kryetari i AAK-s\u00eb, Ramush Haradinaj, ka th\u00ebn\u00eb se qeveria aktuale n\u00eb vend q\u00eb t\u00eb b\u00ebhej aleat i mij\u00ebra m\u00ebsuesve dhe arsimtar\u00ebve, \u201cajo gjat\u00eb gjith\u00eb mandatit t\u00eb saj ka vazhduar t\u2019i godas\u00eb ata n\u00eb xhep e n\u00eb dinjitet\u201d. \u201c\u00c7do fillim shtatori, ka qen\u00eb fest\u00eb p\u00ebr mij\u00ebra nx\u00ebn\u00ebs, m\u00ebsues dhe prind\u00ebr, e sot nuk \u00ebsht\u00eb gj\u00eb tjet\u00ebr p\u00ebrpos nj\u00eb dit\u00eb e zakonshme q\u00eb sh\u00ebnon ve\u00e7 fillimin e nj\u00eb viti t\u00eb mundimsh\u00ebm shkollor.<\/p>\n<p><a href=\"https:\/\/ekonomiaonline.com\/haradinaj-qeveria-ne-vend-qe-te-behej-aleate-e-mesimdhenesve-ajo-i-ka-goditur-ne-xhep-e-ne-dinjitet\/\" rel=\"nofollow\">Source<\/a><\/p>\n","protected":false},"excerpt":{"rendered":"<p>Kryetari i AAK-s\u00eb, Ramush Haradinaj, ka th\u00ebn\u00eb se qeveria aktuale n\u00eb vend q\u00eb t\u00eb b\u00ebhej aleat i mij\u00ebra m\u00ebsuesve dhe arsimtar\u00ebve, \u201cajo gjat\u00eb gjith\u00eb mandatit t\u00eb saj ka vazhduar t\u2019i godas\u00eb ata n\u00eb xhep e n\u00eb dinjitet\u201d. \u201c\u00c7do fillim shtatori, ka qen\u00eb fest\u00eb p\u00ebr mij\u00ebra nx\u00ebn\u00ebs, m\u00ebsues dhe prind\u00ebr, e sot nuk \u00ebsht\u00eb gj\u00eb tjet\u00ebr [&hellip;]<\/p>\n","protected":false},"author":1,"featured_media":8615,"comment_status":"open","ping_status":"open","sticky":false,"template":"","format":"standard","meta":{"footnotes":""},"categories":[19],"tags":[],"class_list":["post-8614","post","type-post","status-publish","format-standard","has-post-thumbnail","hentry","category-eko"],"_links":{"self":[{"href":"https:\/\/radiogjilani.com\/index.php\/wp-json\/wp\/v2\/posts\/8614","targetHints":{"allow":["GET"]}}],"collection":[{"href":"https:\/\/radiogjilani.com\/index.php\/wp-json\/wp\/v2\/posts"}],"about":[{"href":"https:\/\/radiogjilani.com\/index.php\/wp-json\/wp\/v2\/types\/post"}],"author":[{"embeddable":true,"href":"https:\/\/radiogjilani.com\/index.php\/wp-json\/wp\/v2\/users\/1"}],"replies":[{"embeddable":true,"href":"https:\/\/radiogjilani.com\/index.php\/wp-json\/wp\/v2\/comments?post=8614"}],"version-history":[{"count":0,"href":"https:\/\/radiogjilani.com\/index.php\/wp-json\/wp\/v2\/posts\/8614\/revisions"}],"wp:featuredmedia":[{"embeddable":true,"href":"https:\/\/radiogjilani.com\/index.php\/wp-json\/wp\/v2\/media\/8615"}],"wp:attachment":[{"href":"https:\/\/radiogjilani.com\/index.php\/wp-json\/wp\/v2\/media?parent=8614"}],"wp:term":[{"taxonomy":"category","embeddable":true,"href":"https:\/\/radiogjilani.com\/index.php\/wp-json\/wp\/v2\/categories?post=8614"},{"taxonomy":"post_tag","embeddable":true,"href":"https:\/\/radiogjilani.com\/index.php\/wp-json\/wp\/v2\/tags?post=8614"}],"curies":[{"name":"wp","href":"https:\/\/api.w.org\/{rel}","templated":true}]}}