{"id":8628,"date":"2024-09-01T22:31:33","date_gmt":"2024-09-01T22:31:33","guid":{"rendered":"https:\/\/radiogjilani.com\/index.php\/2024\/09\/01\/kurti-pret-ne-takim-biserkon-e-canakun-serbia-planifikon-zhvendosjen-e-serbeve-te-kosoves-ne-sanxhak\/"},"modified":"2024-09-01T22:31:33","modified_gmt":"2024-09-01T22:31:33","slug":"kurti-pret-ne-takim-biserkon-e-canakun-serbia-planifikon-zhvendosjen-e-serbeve-te-kosoves-ne-sanxhak","status":"publish","type":"post","link":"https:\/\/radiogjilani.com\/index.php\/2024\/09\/01\/kurti-pret-ne-takim-biserkon-e-canakun-serbia-planifikon-zhvendosjen-e-serbeve-te-kosoves-ne-sanxhak\/","title":{"rendered":"Kurti pret n\u00eb takim Biserkon e \u00c7anakun: Serbia planifikon zhvendosjen e serb\u00ebve t\u00eb Kosov\u00ebs n\u00eb Sanxhak"},"content":{"rendered":"<p><span lang=\"SQ\">Kryeministri i Kosov\u00ebs, Albin Kurti, ka takuar t\u00eb diel\u00ebn <\/span><span lang=\"SQ\">kryetaren e Komitetit t\u00eb Helsinkit p\u00ebr t\u00eb Drejtat e Njeriut n\u00eb Serbi, Sonja Biserko,<\/span> <span lang=\"SQ\">politikanin serb, Nenad \u00c7anak, nj\u00ebher\u00ebsh ish-kryetar i Lidhjes s\u00eb Social Demokrat\u00ebve t\u00eb Vojvodin\u00ebs, dhe drejtorin e Qendr\u00ebs p\u00ebr Dialog Humanitar, Mark Baskin, ku \u00ebsht\u00eb diskutuar rreth \u201cplaneve\u201d t\u00eb Serbis\u00eb p\u00ebr serb\u00ebt e Kosov\u00ebs.<\/span><\/p>\n<p>N\u00eb nj\u00eb komunikat\u00eb p\u00ebr media, sh<span lang=\"SQ\">\u00ebrbimi p\u00ebr shtyp i kryeministrit ka njoftuar <\/span>se Kurtit i \u00ebsht\u00eb th<span lang=\"SQ\">\u00ebn\u00eb<\/span> q\u00eb Serbia <span lang=\"SQ\">\u00ebsht\u00eb duke planifikuar <\/span>zhvendosjen e serb\u00ebve t\u00eb Kosov\u00ebs, posa\u00e7<span lang=\"SQ\">\u00ebrisht atyre n\u00eb pjes\u00ebn veriore,<\/span> n\u00eb Sanxhak, nd<span lang=\"SQ\">\u00ebrsa shteti serb ve\u00e7se \u00ebsht\u00eb duke <\/span>nd<span lang=\"SQ\">\u00ebruar <\/span>sht\u00ebpi dhe banesa, kurse <span lang=\"SQ\">mysafir\u00ebt <\/span>kan<span lang=\"SQ\">\u00eb apleuar <\/span>kryeministrin q\u00eb t\u00eb p\u00ebrpiqet t\u00eb parandaloj\u00eb nj\u00eb skenar t\u00eb till\u00eb.<\/p>\n<p>\u201cGjat\u00eb takimit, Biserko, \u00c7anak dhe Baskin e njoftuan kryeministrin se po flitet q\u00eb Beogradi zyrtar po planifikon zhvendosjen e serb\u00ebve t\u00eb Kosov\u00ebs, sidomos atyre nga veriu, p\u00ebr n\u00eb Sanxhak, ku si\u00e7 po thuhet po nd\u00ebrtohen sht\u00ebpi dhe banesa p\u00ebr ta. Ata apeluan te kryeministri Kurti q\u00eb t\u00eb p\u00ebrpiqet t\u00eb parandaloj\u00eb nj\u00eb skenar t\u00eb till\u00eb\u201d, thuhet n\u00eb njoftimin kryeministror.<\/p>\n<p>E n\u00eb an\u00ebn tjet\u00ebr, n\u00eb baz\u00eb t\u00eb komunikat\u00ebs s\u00eb Zyr\u00ebs s\u00eb Kryeministrit t\u00eb diel\u00ebn n\u00eb mbr\u00ebmje, kreu i ekzekutivit kosovar\u00a0i ka fal\u00ebnderuar Biserkon, <span lang=\"SQ\">\u00c7anakun e Baskinin<\/span> p\u00ebr angazhimin n\u00eb nd\u00ebrtimin e urave t\u00eb paqes e bashk\u00ebpunimit dhe marr\u00ebdh\u00ebnieve t\u00eb fqinj\u00ebsis\u00eb s\u00eb mir\u00eb brenda rajonit t\u00eb Ballkanit Per\u00ebndimor.<\/p>\n<p>\t\t<i><\/i><ins data-dcm-landing-page-escapes=\"0\" data-dcm-click-tracker=\"https:\/\/track.adform.net\/C\/?bn=73199340;adfibeg=0;cdata=wY0ZHC8ypbQniOq3Sj8hschgQeJ3VY4zU1bO9ulaUP_iCMviXuI_n4RPYRHBxkqVPVtGasWBO2DsQ97SqeB3vafpodL8HlhSS5QNXFy9YSXxjmdMEY9WqD7eKsUQLet9dO-UMsCLM2opnkTpCdy6-w2;;CREFURL=https%3a%2f%2feuro-pixel.com%2ftest.php;C=1;cpdir=\" class=\"dcmads\" data-dcm-placement=\"N571601.4773204ALBANIANPOST.COM\/B32392692.399829096\" data-dcm-rendering-mode=\"iframe\" data-dcm-https-only=\"\" data-dcm-api-frameworks=\"[APIFRAMEWORKS]\" data-dcm-omid-partner=\"[OMIDPARTNER]\" data-dcm-gdpr-applies=\"gdpr=\" data-dcm-gdpr-consent=\"gdpr_consent=\" data-dcm-addtl-consent=\"addtl_consent=${ADDTL_CONSENT}\" data-dcm-ltd=\"false\" data-dcm-resettable-device-id=\"\" data-dcm-app-id=\"\" data-dcm-processed=\"y\"><\/p>\n<p>\t\t<\/ins><\/p>\n<p>The post <a rel=\"nofollow\" href=\"https:\/\/albanianpost.com\/kurti-pret-ne-takim-biserkon-e-canakun-serbia-planifikon-zhvendosjen-e-serbeve-te-kosoves-ne-sanxhak\/\">Kurti pret n\u00eb takim Biserkon e \u00c7anakun: Serbia planifikon zhvendosjen e serb\u00ebve t\u00eb Kosov\u00ebs n\u00eb Sanxhak<\/a> appeared first on <a rel=\"nofollow\" href=\"https:\/\/albanianpost.com\/\">Albanian Post<\/a>.<\/p>\n","protected":false},"excerpt":{"rendered":"<p>Kryeministri i Kosov\u00ebs, Albin Kurti, ka takuar t\u00eb diel\u00ebn kryetaren e Komitetit t\u00eb Helsinkit p\u00ebr t\u00eb Drejtat e Njeriut n\u00eb Serbi, Sonja Biserko, politikanin serb, Nenad \u00c7anak, nj\u00ebher\u00ebsh ish-kryetar i Lidhjes s\u00eb Social Demokrat\u00ebve t\u00eb Vojvodin\u00ebs, dhe drejtorin e Qendr\u00ebs p\u00ebr Dialog Humanitar, Mark Baskin, ku \u00ebsht\u00eb diskutuar rreth \u201cplaneve\u201d t\u00eb Serbis\u00eb p\u00ebr serb\u00ebt e [&hellip;]<\/p>\n","protected":false},"author":1,"featured_media":8629,"comment_status":"open","ping_status":"open","sticky":false,"template":"","format":"standard","meta":{"footnotes":""},"categories":[1],"tags":[],"class_list":["post-8628","post","type-post","status-publish","format-standard","has-post-thumbnail","hentry","category-uncategorized"],"_links":{"self":[{"href":"https:\/\/radiogjilani.com\/index.php\/wp-json\/wp\/v2\/posts\/8628","targetHints":{"allow":["GET"]}}],"collection":[{"href":"https:\/\/radiogjilani.com\/index.php\/wp-json\/wp\/v2\/posts"}],"about":[{"href":"https:\/\/radiogjilani.com\/index.php\/wp-json\/wp\/v2\/types\/post"}],"author":[{"embeddable":true,"href":"https:\/\/radiogjilani.com\/index.php\/wp-json\/wp\/v2\/users\/1"}],"replies":[{"embeddable":true,"href":"https:\/\/radiogjilani.com\/index.php\/wp-json\/wp\/v2\/comments?post=8628"}],"version-history":[{"count":0,"href":"https:\/\/radiogjilani.com\/index.php\/wp-json\/wp\/v2\/posts\/8628\/revisions"}],"wp:featuredmedia":[{"embeddable":true,"href":"https:\/\/radiogjilani.com\/index.php\/wp-json\/wp\/v2\/media\/8629"}],"wp:attachment":[{"href":"https:\/\/radiogjilani.com\/index.php\/wp-json\/wp\/v2\/media?parent=8628"}],"wp:term":[{"taxonomy":"category","embeddable":true,"href":"https:\/\/radiogjilani.com\/index.php\/wp-json\/wp\/v2\/categories?post=8628"},{"taxonomy":"post_tag","embeddable":true,"href":"https:\/\/radiogjilani.com\/index.php\/wp-json\/wp\/v2\/tags?post=8628"}],"curies":[{"name":"wp","href":"https:\/\/api.w.org\/{rel}","templated":true}]}}