{"id":866,"date":"2024-04-08T19:36:26","date_gmt":"2024-04-08T19:36:26","guid":{"rendered":"https:\/\/radiogjilani.com\/index.php\/2024\/04\/08\/agron-bajraktari-zgjedhet-rektor-i-ushaf-edhe-per-nje-mandat-katervjecar\/"},"modified":"2024-04-08T19:36:26","modified_gmt":"2024-04-08T19:36:26","slug":"agron-bajraktari-zgjedhet-rektor-i-ushaf-edhe-per-nje-mandat-katervjecar","status":"publish","type":"post","link":"https:\/\/radiogjilani.com\/index.php\/2024\/04\/08\/agron-bajraktari-zgjedhet-rektor-i-ushaf-edhe-per-nje-mandat-katervjecar\/","title":{"rendered":"Agron Bajraktari zgjedhet rektor i UShAF edhe p\u00ebr nj\u00eb mandat kat\u00ebrvje\u00e7ar"},"content":{"rendered":"<p>K\u00ebshilli Drejtues i Universitetit t\u00eb Shkencave t\u00eb Aplikuara n\u00eb Ferizaj (UShAF), ka intervistuar sot kandidat\u00ebt p\u00ebr rektor t\u00eb Universitetit dhe me shumic\u00eb votash ka zgjedhur Prof. Dr. Agron Bajraktarin. Bajraktari \u00ebsht\u00eb zgjedhur rektor edhe p\u00ebr nj\u00eb mandat kat\u00ebrvje\u00e7ar n\u00eb nj\u00eb konkurrenc\u00eb prej tet\u00eb kandidat\u00ebve, t\u00eb cil\u00ebt kishin aplikuar pas konkursit t\u00eb shpallur m\u00eb dat\u00ebn 01.03.2024&#8230;<\/p>\n<p><a href=\"https:\/\/ekonomiaonline.com\/agron-bajraktari-zgjedhet-rektor-i-ushaf-edhe-per-nje-mandat-katervjecar\/\" rel=\"nofollow\">Source<\/a><\/p>\n","protected":false},"excerpt":{"rendered":"<p>K\u00ebshilli Drejtues i Universitetit t\u00eb Shkencave t\u00eb Aplikuara n\u00eb Ferizaj (UShAF), ka intervistuar sot kandidat\u00ebt p\u00ebr rektor t\u00eb Universitetit dhe me shumic\u00eb votash ka zgjedhur Prof. Dr. Agron Bajraktarin. Bajraktari \u00ebsht\u00eb zgjedhur rektor edhe p\u00ebr nj\u00eb mandat kat\u00ebrvje\u00e7ar n\u00eb nj\u00eb konkurrenc\u00eb prej tet\u00eb kandidat\u00ebve, t\u00eb cil\u00ebt kishin aplikuar pas konkursit t\u00eb shpallur m\u00eb dat\u00ebn 01.03.2024&#8230; [&hellip;]<\/p>\n","protected":false},"author":1,"featured_media":867,"comment_status":"open","ping_status":"open","sticky":false,"template":"","format":"standard","meta":{"footnotes":""},"categories":[19],"tags":[],"class_list":["post-866","post","type-post","status-publish","format-standard","has-post-thumbnail","hentry","category-eko"],"_links":{"self":[{"href":"https:\/\/radiogjilani.com\/index.php\/wp-json\/wp\/v2\/posts\/866","targetHints":{"allow":["GET"]}}],"collection":[{"href":"https:\/\/radiogjilani.com\/index.php\/wp-json\/wp\/v2\/posts"}],"about":[{"href":"https:\/\/radiogjilani.com\/index.php\/wp-json\/wp\/v2\/types\/post"}],"author":[{"embeddable":true,"href":"https:\/\/radiogjilani.com\/index.php\/wp-json\/wp\/v2\/users\/1"}],"replies":[{"embeddable":true,"href":"https:\/\/radiogjilani.com\/index.php\/wp-json\/wp\/v2\/comments?post=866"}],"version-history":[{"count":0,"href":"https:\/\/radiogjilani.com\/index.php\/wp-json\/wp\/v2\/posts\/866\/revisions"}],"wp:featuredmedia":[{"embeddable":true,"href":"https:\/\/radiogjilani.com\/index.php\/wp-json\/wp\/v2\/media\/867"}],"wp:attachment":[{"href":"https:\/\/radiogjilani.com\/index.php\/wp-json\/wp\/v2\/media?parent=866"}],"wp:term":[{"taxonomy":"category","embeddable":true,"href":"https:\/\/radiogjilani.com\/index.php\/wp-json\/wp\/v2\/categories?post=866"},{"taxonomy":"post_tag","embeddable":true,"href":"https:\/\/radiogjilani.com\/index.php\/wp-json\/wp\/v2\/tags?post=866"}],"curies":[{"name":"wp","href":"https:\/\/api.w.org\/{rel}","templated":true}]}}