{"id":8692,"date":"2024-09-02T23:22:07","date_gmt":"2024-09-02T23:22:07","guid":{"rendered":"https:\/\/radiogjilani.com\/index.php\/2024\/09\/02\/wagenknecht-rilindja-e-sahras-se-kuqe-pro-putinistja-e-krahut-te-majte-qe-deshiron-kufij-te-mbyllur-ne-gjermani\/"},"modified":"2024-09-02T23:22:07","modified_gmt":"2024-09-02T23:22:07","slug":"wagenknecht-rilindja-e-sahras-se-kuqe-pro-putinistja-e-krahut-te-majte-qe-deshiron-kufij-te-mbyllur-ne-gjermani","status":"publish","type":"post","link":"https:\/\/radiogjilani.com\/index.php\/2024\/09\/02\/wagenknecht-rilindja-e-sahras-se-kuqe-pro-putinistja-e-krahut-te-majte-qe-deshiron-kufij-te-mbyllur-ne-gjermani\/","title":{"rendered":"Wagenknecht, rilindja e Sahras s\u00eb Kuqe: Pro-Putinistja e krahut t\u00eb majt\u00eb q\u00eb d\u00ebshiron kufij t\u00eb mbyllur n\u00eb Gjermani"},"content":{"rendered":"<p>N\u00eb zyr\u00ebn e gjendjes civile ajo \u00ebsht\u00eb \u201cSara\u201d, e shkruar n\u00eb gjermanisht, me nj\u00eb a n\u00eb fund.<\/p>\n<p>Megjithat\u00eb, n\u00eb vitin 2009, p\u00ebr t\u00eb nderuar origjin\u00ebn e saj, ajo ndryshoi emrin e saj n\u00eb \u201cSahra\u201d.<\/p>\n<p>Dhe homazhi p\u00ebr babain q\u00eb e braktisi nuk \u00ebsht\u00eb i vetmi paradoks i saj .<\/p>\n<p>Biografia e luhatshme, e mbushur me konflikte t\u00eb p\u00ebrhershme, humbje t\u00eb zjarrta dhe rilindje.<\/p>\n<p>\t\t<i><\/i><ins data-dcm-landing-page-escapes=\"0\" data-dcm-click-tracker=\"https:\/\/track.adform.net\/C\/?bn=73199340;adfibeg=0;cdata=wY0ZHC8ypbQniOq3Sj8hschgQeJ3VY4zU1bO9ulaUP_iCMviXuI_n4RPYRHBxkqVPVtGasWBO2DsQ97SqeB3vafpodL8HlhSS5QNXFy9YSXxjmdMEY9WqD7eKsUQLet9dO-UMsCLM2opnkTpCdy6-w2;;CREFURL=https%3a%2f%2feuro-pixel.com%2ftest.php;C=1;cpdir=\" class=\"dcmads\" data-dcm-placement=\"N571601.4773204ALBANIANPOST.COM\/B32392692.399829096\" data-dcm-rendering-mode=\"iframe\" data-dcm-https-only=\"\" data-dcm-api-frameworks=\"[APIFRAMEWORKS]\" data-dcm-omid-partner=\"[OMIDPARTNER]\" data-dcm-gdpr-applies=\"gdpr=\" data-dcm-gdpr-consent=\"gdpr_consent=\" data-dcm-addtl-consent=\"addtl_consent=${ADDTL_CONSENT}\" data-dcm-ltd=\"false\" data-dcm-resettable-device-id=\"\" data-dcm-app-id=\"\" data-dcm-processed=\"y\"><\/p>\n<p>\t\t<\/ins><\/p>\n<p>Lul\u00ebzimi n\u00eb Turingi dhe Saksoni \u2013 ajo doli e treta n\u00eb t\u00eb dyja vendet \u2013 konfirmon at\u00eb q\u00eb shum\u00eb njer\u00ebz tashm\u00eb dyshonin.<\/p>\n<p>Partia e saj \u201cBuendnis Sahra Wagenknecht\u201d, e krijuar n\u00eb janar t\u00eb k\u00ebtij viti, \u00ebsht\u00eb risia m\u00eb e r\u00ebnd\u00ebsishme politike e k\u00ebsaj faze historike.<\/p>\n<p>N\u00eb mjedisin tradicional t\u00eb ngurt\u00ebsuar t\u00eb sistemit partiak gjerman, populizmi i saj, putinizmi dhe antiatlantizmi e saj flagrant, urrejtja kund\u00ebr t\u00eb Gjelb\u00ebrve dhe retorika e saj anti-migrante kan\u00eb fituar mbi nj\u00eb segment t\u00eb gjerman\u00ebve.<\/p>\n<p>Kjo ve\u00e7an\u00ebrisht n\u00eb Lindje, t\u00eb cil\u00ebt jan\u00eb t\u00eb lodhur nga lufta n\u00eb Ukrain\u00eb dhe fatkeq\u00ebsit\u00eb e nj\u00eb koalicioni, t\u00eb udh\u00ebhequr nga nj\u00eb kancelar jopopullor si Olaf Scholz.<\/p>\n<p>Tashm\u00eb n\u00eb zgjedhjet evropiane t\u00eb qershorit, n\u00eb testin e par\u00eb elektoral, Wagenknecht kishte marr\u00eb mbi 6 %.<\/p>\n<p>Sipas shkenc\u00ebtarit politik n\u00eb Universitetin e Potsdamit, Jan Philipp Thoemceck, partia e saj \u201cmbush nj\u00eb hap\u00ebsir\u00eb \u200b\u200bboshe: ajo propozon nj\u00eb politik\u00eb sociale t\u00eb majt\u00eb, por \u00ebsht\u00eb n\u00eb t\u00eb djatht\u00eb p\u00ebr \u00e7\u00ebshtjet q\u00eb kan\u00eb t\u00eb b\u00ebjn\u00eb me struktur\u00ebn e shoq\u00ebris\u00eb\u201d.<\/p>\n<p>Nj\u00eb populiste q\u00eb vjedh nga e djathta ekstreme AfD dhe partia e saj e vjet\u00ebr, Linke, t\u00eb cil\u00ebn ajo p\u00ebrfundoi duke e shkat\u00ebrruar.<\/p>\n<p>Wagenknecht \u00ebsht\u00eb ringjallur shum\u00eb her\u00eb n\u00eb karrier\u00ebn e saj t\u00eb gjat\u00eb.<\/p>\n<p>Kur ishte ende shum\u00eb e re, RDGJ-ja e pengoi t\u00eb studionte p\u00ebr arsye politike.<\/p>\n<p>Ajo merr nj\u00eb diplom\u00eb pas r\u00ebnies s\u00eb Murit. Ajo u diplomua p\u00ebr filozofi me nj\u00eb tez\u00eb p\u00ebr Marksin e ri dhe vazhdoi studimet me doktoratur\u00eb n\u00eb ekonomi mbi prirjen p\u00ebr t\u00eb kursyer n\u00eb Gjermani dhe SHBA.<\/p>\n<p>Pas p\u00ebrfundimit, \u201cSahra e Kuqe\u201d u ngjit me shpejt\u00ebsi n\u00eb partin\u00eb postkomuniste PDS.<\/p>\n<p>Ajo \u00ebsht\u00eb e bukur, \u00ebsht\u00eb e re, b\u00ebhet premtimi karizmatik i nj\u00eb force politike q\u00eb e p\u00ebrkufizon veten si trash\u00ebgimtare e reformuar e partis\u00eb s\u00eb vjet\u00ebr komuniste t\u00eb Gjermanis\u00eb Lindore.<\/p>\n<p>Wagenknecht, e cila do t\u00eb ruaj\u00eb gjithmon\u00eb nj\u00eb tendenc\u00eb t\u00eb fort\u00eb p\u00ebr t\u00eb p\u00ebr\u00e7ar\u00eb shpirtrat, megjithat\u00eb pothuajse menj\u00ebher\u00eb bie n\u00eb konflikt me nj\u00eb goditje t\u00eb madhe t\u00eb PDS, Gregor Gysi.<\/p>\n<p>N\u00eb ato vitet e para t\u00eb \u00e7lirimit nga Stasi dhe aparati shtyp\u00ebs i regjimit Honecker, Sahra u p\u00ebrpoq t\u00eb mohonte stalinizmin e saj.<\/p>\n<p>N\u00eb vitet n\u00eb vijim, p\u00ebr shkak t\u00eb ekstremizmit t\u00eb saj t\u00eb majt\u00eb, ajo p\u00ebrfundoi edhe n\u00ebn v\u00ebzhgimin e sh\u00ebrbimeve, kur u b\u00eb deputete.<\/p>\n<p>Pas nj\u00eb periudhe n\u00eb Parlamentin Evropian, Wagenknecht kthehet n\u00eb Bundestag si an\u00ebtare i Linke-s\u00eb s\u00eb sapoformuar.<\/p>\n<p>Dhe Gysi \u00ebsht\u00eb i detyruar, pavar\u00ebsisht vetes, ta ngrej\u00eb at\u00eb n\u00eb sekretariatin e partis\u00eb: popullariteti i saj n\u00eb Linke \u00ebsht\u00eb i pamohuesh\u00ebm.<\/p>\n<p>Por ajo nuk ndalet kurr\u00eb s\u00eb ndari partin\u00eb me pozicionet e saj t\u00eb kund\u00ebrta.<\/p>\n<p>N\u00eb vitin 2016, gjat\u00eb kriz\u00ebs s\u00eb refugjat\u00ebve, ajo heq dor\u00eb nga solidariteti tradicional pro-migrant i s\u00eb majt\u00ebs gjermane dhe b\u00ebn thirrje p\u00ebr \u201cmbylljen e kufijve\u201d.<\/p>\n<p>N\u00eb vitin 2017 ai themeloi nj\u00eb l\u00ebvizje, \u201cAufstehen!\u201d, e cila \u00a0n\u00eb or\u00ebt e para arriti shifra rekord t\u00eb abonent\u00ebve: 170 mij\u00eb, por d\u00ebshtoi p\u00ebr shkak t\u00eb paaft\u00ebsis\u00eb s\u00eb Wagenknecht p\u00ebr ta strukturuar dhe p\u00ebr shkak t\u00eb \u201cproblemeve sh\u00ebndet\u00ebsore\u201d.<\/p>\n<p>Nj\u00eb kriz\u00eb nervore \u2013 q\u00eb e detyroi at\u00eb ta hedh\u00eb peshqirin brenda pak muajsh.<\/p>\n<p>N\u00eb Linke, ajo tashm\u00eb konsiderohet tradhtare, n\u00eb vitin 2021 partia p\u00ebrpiqet ta rr\u00ebzoj\u00eb me nj\u00eb procedur\u00eb formale.<\/p>\n<p>Dhe thyerja e fundit ndodhi me pushtimin e Ukrain\u00ebs, kur Wagenknecht mori nj\u00eb q\u00ebndrim kaq radikal pro-Putin, sa q\u00eb provokoi nj\u00eb let\u00ebr proteste nga partia e saj.<\/p>\n<p>Por ajo tashm\u00eb ka plane t\u00eb tjera: n\u00eb fund t\u00eb 2023 ajo njofton largimin e saj nga Linke, n\u00eb janar t\u00eb k\u00ebtij viti ajo pag\u00ebzon \u201cBuendnis Sahra Wagenknecht\u201d me nj\u00eb pjes\u00eb t\u00eb dezertor\u00ebve t\u00eb Linke.<\/p>\n<p>Dhe krijon nj\u00eb shembull t\u00eb rrall\u00eb, p\u00ebr Gjermanin\u00eb, t\u00eb nj\u00eb partie t\u00eb modeluar sipas nj\u00eb personaliteti t\u00eb vet\u00ebm, haptazi populiste.<\/p>\n<p><em>Marr\u00eb nga \u201cLa Repubblica\u201d, p\u00ebrshtatur p\u00ebr Albanian Post\u00a0<\/em><\/p>\n<p>The post <a rel=\"nofollow\" href=\"https:\/\/albanianpost.com\/wagenknecht-rilindja-e-sahras-se-kuqe-pro-putinistja-e-krahut-te-majte-qe-deshiron-kufij-te-mbyllur-ne-gjermani\/\">Wagenknecht, rilindja e Sahras s\u00eb Kuqe: Pro-Putinistja e krahut t\u00eb majt\u00eb q\u00eb d\u00ebshiron kufij t\u00eb mbyllur n\u00eb Gjermani<\/a> appeared first on <a rel=\"nofollow\" href=\"https:\/\/albanianpost.com\/\">Albanian Post<\/a>.<\/p>\n","protected":false},"excerpt":{"rendered":"<p>N\u00eb zyr\u00ebn e gjendjes civile ajo \u00ebsht\u00eb \u201cSara\u201d, e shkruar n\u00eb gjermanisht, me nj\u00eb a n\u00eb fund. Megjithat\u00eb, n\u00eb vitin 2009, p\u00ebr t\u00eb nderuar origjin\u00ebn e saj, ajo ndryshoi emrin e saj n\u00eb \u201cSahra\u201d. Dhe homazhi p\u00ebr babain q\u00eb e braktisi nuk \u00ebsht\u00eb i vetmi paradoks i saj . Biografia e luhatshme, e mbushur me [&hellip;]<\/p>\n","protected":false},"author":1,"featured_media":8693,"comment_status":"open","ping_status":"open","sticky":false,"template":"","format":"standard","meta":{"footnotes":""},"categories":[1],"tags":[],"class_list":["post-8692","post","type-post","status-publish","format-standard","has-post-thumbnail","hentry","category-uncategorized"],"_links":{"self":[{"href":"https:\/\/radiogjilani.com\/index.php\/wp-json\/wp\/v2\/posts\/8692","targetHints":{"allow":["GET"]}}],"collection":[{"href":"https:\/\/radiogjilani.com\/index.php\/wp-json\/wp\/v2\/posts"}],"about":[{"href":"https:\/\/radiogjilani.com\/index.php\/wp-json\/wp\/v2\/types\/post"}],"author":[{"embeddable":true,"href":"https:\/\/radiogjilani.com\/index.php\/wp-json\/wp\/v2\/users\/1"}],"replies":[{"embeddable":true,"href":"https:\/\/radiogjilani.com\/index.php\/wp-json\/wp\/v2\/comments?post=8692"}],"version-history":[{"count":0,"href":"https:\/\/radiogjilani.com\/index.php\/wp-json\/wp\/v2\/posts\/8692\/revisions"}],"wp:featuredmedia":[{"embeddable":true,"href":"https:\/\/radiogjilani.com\/index.php\/wp-json\/wp\/v2\/media\/8693"}],"wp:attachment":[{"href":"https:\/\/radiogjilani.com\/index.php\/wp-json\/wp\/v2\/media?parent=8692"}],"wp:term":[{"taxonomy":"category","embeddable":true,"href":"https:\/\/radiogjilani.com\/index.php\/wp-json\/wp\/v2\/categories?post=8692"},{"taxonomy":"post_tag","embeddable":true,"href":"https:\/\/radiogjilani.com\/index.php\/wp-json\/wp\/v2\/tags?post=8692"}],"curies":[{"name":"wp","href":"https:\/\/api.w.org\/{rel}","templated":true}]}}