{"id":8702,"date":"2024-09-02T23:22:02","date_gmt":"2024-09-02T23:22:02","guid":{"rendered":"https:\/\/radiogjilani.com\/index.php\/2024\/09\/02\/shba-sekuestron-avionin-e-presidentit-venezuelian-maduro\/"},"modified":"2024-09-02T23:22:02","modified_gmt":"2024-09-02T23:22:02","slug":"shba-sekuestron-avionin-e-presidentit-venezuelian-maduro","status":"publish","type":"post","link":"https:\/\/radiogjilani.com\/index.php\/2024\/09\/02\/shba-sekuestron-avionin-e-presidentit-venezuelian-maduro\/","title":{"rendered":"SHBA sekuestron avionin e presidentit venezuelian Maduro"},"content":{"rendered":"<p>Shtetet e Bashkuara t\u00eb Amerik\u00ebs kan\u00eb sekuestruar nj\u00eb aeroplan q\u00eb i p\u00ebrkiste presidentit t\u00eb Venezuel\u00ebs, Nicol\u00e1s Maduro, duke pretenduar se ishte bler\u00eb ilegalisht p\u00ebr 13 milion\u00eb dollar\u00eb dhe ishte kontrabanduar jasht\u00eb vendit.<\/p>\n<p>Sipas departamentit t\u00eb drejt\u00ebsis\u00eb, avioni Falcon 900EX u kap n\u00eb Republik\u00ebn Domenikane dhe u transferua n\u00eb shtetin amerikan t\u00eb Floridas.<\/p>\n<p>\u00cbsht\u00eb e paqart\u00eb se si dhe kur avioni p\u00ebrfundoi n\u00eb Republik\u00ebn Domenikane.<\/p>\n<p>T\u00eb dh\u00ebnat e gjurmimit treguan se ai u largua nga aeroporti La Isabela pran\u00eb kryeqytetit Santo Domingo t\u00eb h\u00ebn\u00ebn, duke mb\u00ebrritur n\u00eb aeroportin Fort Lauderdale n\u00eb Florida.<\/p>\n<p>\t\t<i><\/i><ins data-dcm-landing-page-escapes=\"0\" data-dcm-click-tracker=\"https:\/\/track.adform.net\/C\/?bn=73199340;adfibeg=0;cdata=wY0ZHC8ypbQniOq3Sj8hschgQeJ3VY4zU1bO9ulaUP_iCMviXuI_n4RPYRHBxkqVPVtGasWBO2DsQ97SqeB3vafpodL8HlhSS5QNXFy9YSXxjmdMEY9WqD7eKsUQLet9dO-UMsCLM2opnkTpCdy6-w2;;CREFURL=https%3a%2f%2feuro-pixel.com%2ftest.php;C=1;cpdir=\" class=\"dcmads\" data-dcm-placement=\"N571601.4773204ALBANIANPOST.COM\/B32392692.399829096\" data-dcm-rendering-mode=\"iframe\" data-dcm-https-only=\"\" data-dcm-api-frameworks=\"[APIFRAMEWORKS]\" data-dcm-omid-partner=\"[OMIDPARTNER]\" data-dcm-gdpr-applies=\"gdpr=\" data-dcm-gdpr-consent=\"gdpr_consent=\" data-dcm-addtl-consent=\"addtl_consent=${ADDTL_CONSENT}\" data-dcm-ltd=\"false\" data-dcm-resettable-device-id=\"\" data-dcm-app-id=\"\" data-dcm-processed=\"y\"><\/p>\n<p>\t\t<\/ins><\/p>\n<p>Zyrtar\u00ebt amerikan\u00eb than\u00eb se avioni u sekuestrua p\u00ebr shkelje t\u00eb dyshuara t\u00eb ligjeve t\u00eb kontrollit t\u00eb eksportit dhe sanksioneve t\u00eb SHBA-ve.<\/p>\n<p>Ata shtuan se nj\u00eb hetim zbuloi se njer\u00ebzit e lidhur me Maduro dyshohet se kishin p\u00ebrdorur nj\u00eb kompani guaska me baz\u00eb n\u00eb Karaibe p\u00ebr t\u00eb fshehur p\u00ebrfshirjen e tyre n\u00eb blerjen e paligjshme t\u00eb avionit nga nj\u00eb kompani me baz\u00eb n\u00eb Florida n\u00eb fund t\u00eb vitit 2022 dhe n\u00eb fillim t\u00eb vitit 2023.<\/p>\n<p>Avioni m\u00eb pas u eksportua ilegalisht nga Shtetet e Bashkuara n\u00eb Venezuel\u00eb p\u00ebrmes Karaibeve n\u00eb prill 2023.<\/p>\n<p>Nj\u00eb z\u00ebdh\u00ebn\u00ebs i K\u00ebshillit t\u00eb Siguris\u00eb Komb\u00ebtare t\u00eb Sht\u00ebpis\u00eb s\u00eb Bardh\u00eb tha se veprimi p\u00ebrfaq\u00ebsonte \u201cnj\u00eb hap t\u00eb r\u00ebnd\u00ebsish\u00ebm p\u00ebr t\u00eb siguruar q\u00eb Maduro t\u00eb vazhdoj\u00eb t\u00eb ndjej\u00eb pasojat nga keqqeverisja e tij n\u00eb Venezuel\u00eb\u201d.<\/p>\n<p>Markenzy Lapointe, avokat i SHBA-ve p\u00ebr Distriktin Jugor t\u00eb Floridas tha se autoritetet e Republik\u00ebs Dominikane i kishin dh\u00ebn\u00eb qeveris\u00eb amerikane \u201cndihm\u00eb t\u00eb pa\u00e7muar\u201d n\u00eb organizimin e konfiskimit.<\/p>\n<p>\u201cNuk ka r\u00ebnd\u00ebsi se sa i bukur \u00ebsht\u00eb avioni privat apo sa t\u00eb fuqish\u00ebm jan\u00eb zyrtar\u00ebt \u2013 ne do t\u00eb punojm\u00eb pa pushim me partner\u00ebt tan\u00eb k\u00ebtu dhe n\u00eb mbar\u00eb globin p\u00ebr t\u00eb identifikuar dhe kthyer \u00e7do avion t\u00eb kontrabanduar ilegalisht jasht\u00eb Shteteve t\u00eb Bashkuara,\u201d tha Matthew S Axelrod nga departamenti i tregtis\u00eb \u2013 nj\u00eb nga agjencit\u00eb federale t\u00eb p\u00ebrfshira n\u00eb operacionin p\u00ebr rikuperimin e avionit.<\/p>\n<p>Sipas t\u00eb dh\u00ebnave t\u00eb mbajtura nga faqja e internetit Flightradar24, avioni dukej se kishte fluturuar n\u00eb kryeqytetin e Venezuel\u00ebs Karakas pasi mb\u00ebrriti n\u00eb Kingston n\u00eb Saint Vincent dhe Grenadines n\u00eb prill t\u00eb vitit 2023.<\/p>\n<p>Zyrtar\u00ebt amerikan\u00eb than\u00eb se ai m\u00eb pas fluturoi \u201cpothuajse ekskluzivisht drejt dhe nga nj\u00eb baz\u00eb ushtarake n\u00eb Venezuel\u00eb\u201d.<\/p>\n<p>\u00cbsht\u00eb e paqart\u00eb se si dhe kur avioni mb\u00ebrriti n\u00eb Republik\u00ebn Domenikane.<\/p>\n<p>Por zyrtar\u00ebt than\u00eb se avioni ishte p\u00ebrdorur nga Maduro \u201cn\u00eb vizita n\u00eb vende t\u00eb tjera\u201d.<\/p>\n<p>The post <a rel=\"nofollow\" href=\"https:\/\/albanianpost.com\/shba-sekuestron-avionin-e-presidentit-venezuelian-maduro\/\">SHBA sekuestron avionin e presidentit venezuelian Maduro<\/a> appeared first on <a rel=\"nofollow\" href=\"https:\/\/albanianpost.com\/\">Albanian Post<\/a>.<\/p>\n","protected":false},"excerpt":{"rendered":"<p>Shtetet e Bashkuara t\u00eb Amerik\u00ebs kan\u00eb sekuestruar nj\u00eb aeroplan q\u00eb i p\u00ebrkiste presidentit t\u00eb Venezuel\u00ebs, Nicol\u00e1s Maduro, duke pretenduar se ishte bler\u00eb ilegalisht p\u00ebr 13 milion\u00eb dollar\u00eb dhe ishte kontrabanduar jasht\u00eb vendit. Sipas departamentit t\u00eb drejt\u00ebsis\u00eb, avioni Falcon 900EX u kap n\u00eb Republik\u00ebn Domenikane dhe u transferua n\u00eb shtetin amerikan t\u00eb Floridas. \u00cbsht\u00eb e paqart\u00eb [&hellip;]<\/p>\n","protected":false},"author":1,"featured_media":8703,"comment_status":"open","ping_status":"open","sticky":false,"template":"","format":"standard","meta":{"footnotes":""},"categories":[1],"tags":[],"class_list":["post-8702","post","type-post","status-publish","format-standard","has-post-thumbnail","hentry","category-uncategorized"],"_links":{"self":[{"href":"https:\/\/radiogjilani.com\/index.php\/wp-json\/wp\/v2\/posts\/8702","targetHints":{"allow":["GET"]}}],"collection":[{"href":"https:\/\/radiogjilani.com\/index.php\/wp-json\/wp\/v2\/posts"}],"about":[{"href":"https:\/\/radiogjilani.com\/index.php\/wp-json\/wp\/v2\/types\/post"}],"author":[{"embeddable":true,"href":"https:\/\/radiogjilani.com\/index.php\/wp-json\/wp\/v2\/users\/1"}],"replies":[{"embeddable":true,"href":"https:\/\/radiogjilani.com\/index.php\/wp-json\/wp\/v2\/comments?post=8702"}],"version-history":[{"count":0,"href":"https:\/\/radiogjilani.com\/index.php\/wp-json\/wp\/v2\/posts\/8702\/revisions"}],"wp:featuredmedia":[{"embeddable":true,"href":"https:\/\/radiogjilani.com\/index.php\/wp-json\/wp\/v2\/media\/8703"}],"wp:attachment":[{"href":"https:\/\/radiogjilani.com\/index.php\/wp-json\/wp\/v2\/media?parent=8702"}],"wp:term":[{"taxonomy":"category","embeddable":true,"href":"https:\/\/radiogjilani.com\/index.php\/wp-json\/wp\/v2\/categories?post=8702"},{"taxonomy":"post_tag","embeddable":true,"href":"https:\/\/radiogjilani.com\/index.php\/wp-json\/wp\/v2\/tags?post=8702"}],"curies":[{"name":"wp","href":"https:\/\/api.w.org\/{rel}","templated":true}]}}