{"id":8706,"date":"2024-09-02T23:22:00","date_gmt":"2024-09-02T23:22:00","guid":{"rendered":"https:\/\/radiogjilani.com\/index.php\/2024\/09\/02\/von-der-leyen-aeroporti-nderkombetar-i-tiranes-me-rritjen-me-te-shpejte-ne-evrope\/"},"modified":"2024-09-02T23:22:00","modified_gmt":"2024-09-02T23:22:00","slug":"von-der-leyen-aeroporti-nderkombetar-i-tiranes-me-rritjen-me-te-shpejte-ne-evrope","status":"publish","type":"post","link":"https:\/\/radiogjilani.com\/index.php\/2024\/09\/02\/von-der-leyen-aeroporti-nderkombetar-i-tiranes-me-rritjen-me-te-shpejte-ne-evrope\/","title":{"rendered":"Von der Leyen: Aeroporti Nd\u00ebrkomb\u00ebtar i Tiran\u00ebs me rritjen m\u00eb t\u00eb shpejt\u00eb n\u00eb Evrop\u00eb"},"content":{"rendered":"<p>Ursula Von der Leyen, presidentja e Komisionit Evropian, n\u00eb Samitin e Bled n\u00eb Slloveni, ka vler\u00ebsuar Aeroportin Nd\u00ebrkomb\u00ebtar t\u00eb Tiran\u00ebs si aeroportin me rritjen m\u00eb t\u00eb shpejt\u00eb n\u00eb Evrop\u00eb.<\/p>\n<p>\u201cSakt\u00ebsisht nj\u00eb vit m\u00eb par\u00eb ne prezantuam planin e ri t\u00eb rritjes p\u00ebr Ballkanin Per\u00ebndimor dhe puna ka filluar t\u00eb tregoj\u00eb rezultatet e para. Le t\u00eb ndalemi p\u00ebr nj\u00eb moment dhe t\u00eb kremtojm\u00eb k\u00ebto arritje, t\u00eb cilat ju udh\u00ebheq\u00ebsit e Ballkanit Per\u00ebndimor duhet t\u00eb jeni shum\u00eb krenar\u00eb\u201d, ka th\u00ebn\u00eb Von der Leyen.<\/p>\n<p>\u201cTirana \u00ebsht\u00eb aeroporti me rritjen m\u00eb t\u00eb shpejt\u00eb n\u00eb Evrop\u00eb. Kompanit\u00eb evropiane po vendosen n\u00eb Serbi dhe n\u00eb Bosnj\u00eb-Hercegovin\u00eb me nj\u00eb hap t\u00eb shpejt\u00eb. Kosova, reformat ekonomike t\u00eb saj, jan\u00eb l\u00ebvduar nga FMN-ja dhe po sjellin p\u00ebrfitime ekonomike. Investimet dhe infrastruktura n\u00eb Maqedonin\u00eb e Veriut jan\u00eb burim frym\u00ebzimi. Mali i Zi sapo ka p\u00ebrjetuar rritjen e vler\u00ebsimit, kreditimit\u201d.<\/p>\n<p>\t\t<i><\/i><ins data-dcm-landing-page-escapes=\"0\" data-dcm-click-tracker=\"https:\/\/track.adform.net\/C\/?bn=73199340;adfibeg=0;cdata=wY0ZHC8ypbQniOq3Sj8hschgQeJ3VY4zU1bO9ulaUP_iCMviXuI_n4RPYRHBxkqVPVtGasWBO2DsQ97SqeB3vafpodL8HlhSS5QNXFy9YSXxjmdMEY9WqD7eKsUQLet9dO-UMsCLM2opnkTpCdy6-w2;;CREFURL=https%3a%2f%2feuro-pixel.com%2ftest.php;C=1;cpdir=\" class=\"dcmads\" data-dcm-placement=\"N571601.4773204ALBANIANPOST.COM\/B32392692.399829096\" data-dcm-rendering-mode=\"iframe\" data-dcm-https-only=\"\" data-dcm-api-frameworks=\"[APIFRAMEWORKS]\" data-dcm-omid-partner=\"[OMIDPARTNER]\" data-dcm-gdpr-applies=\"gdpr=\" data-dcm-gdpr-consent=\"gdpr_consent=\" data-dcm-addtl-consent=\"addtl_consent=${ADDTL_CONSENT}\" data-dcm-ltd=\"false\" data-dcm-resettable-device-id=\"\" data-dcm-app-id=\"\" data-dcm-processed=\"y\"><\/p>\n<p>\t\t<\/ins><\/p>\n<p>The post <a rel=\"nofollow\" href=\"https:\/\/albanianpost.com\/von-der-leyen-aeroporti-nderkombetar-i-tiranes-me-rritjen-me-te-shpejte-ne-evrope\/\">Von der Leyen: Aeroporti Nd\u00ebrkomb\u00ebtar i Tiran\u00ebs me rritjen m\u00eb t\u00eb shpejt\u00eb n\u00eb Evrop\u00eb<\/a> appeared first on <a rel=\"nofollow\" href=\"https:\/\/albanianpost.com\/\">Albanian Post<\/a>.<\/p>\n","protected":false},"excerpt":{"rendered":"<p>Ursula Von der Leyen, presidentja e Komisionit Evropian, n\u00eb Samitin e Bled n\u00eb Slloveni, ka vler\u00ebsuar Aeroportin Nd\u00ebrkomb\u00ebtar t\u00eb Tiran\u00ebs si aeroportin me rritjen m\u00eb t\u00eb shpejt\u00eb n\u00eb Evrop\u00eb. \u201cSakt\u00ebsisht nj\u00eb vit m\u00eb par\u00eb ne prezantuam planin e ri t\u00eb rritjes p\u00ebr Ballkanin Per\u00ebndimor dhe puna ka filluar t\u00eb tregoj\u00eb rezultatet e para. Le t\u00eb [&hellip;]<\/p>\n","protected":false},"author":1,"featured_media":8707,"comment_status":"open","ping_status":"open","sticky":false,"template":"","format":"standard","meta":{"footnotes":""},"categories":[1],"tags":[],"class_list":["post-8706","post","type-post","status-publish","format-standard","has-post-thumbnail","hentry","category-uncategorized"],"_links":{"self":[{"href":"https:\/\/radiogjilani.com\/index.php\/wp-json\/wp\/v2\/posts\/8706","targetHints":{"allow":["GET"]}}],"collection":[{"href":"https:\/\/radiogjilani.com\/index.php\/wp-json\/wp\/v2\/posts"}],"about":[{"href":"https:\/\/radiogjilani.com\/index.php\/wp-json\/wp\/v2\/types\/post"}],"author":[{"embeddable":true,"href":"https:\/\/radiogjilani.com\/index.php\/wp-json\/wp\/v2\/users\/1"}],"replies":[{"embeddable":true,"href":"https:\/\/radiogjilani.com\/index.php\/wp-json\/wp\/v2\/comments?post=8706"}],"version-history":[{"count":0,"href":"https:\/\/radiogjilani.com\/index.php\/wp-json\/wp\/v2\/posts\/8706\/revisions"}],"wp:featuredmedia":[{"embeddable":true,"href":"https:\/\/radiogjilani.com\/index.php\/wp-json\/wp\/v2\/media\/8707"}],"wp:attachment":[{"href":"https:\/\/radiogjilani.com\/index.php\/wp-json\/wp\/v2\/media?parent=8706"}],"wp:term":[{"taxonomy":"category","embeddable":true,"href":"https:\/\/radiogjilani.com\/index.php\/wp-json\/wp\/v2\/categories?post=8706"},{"taxonomy":"post_tag","embeddable":true,"href":"https:\/\/radiogjilani.com\/index.php\/wp-json\/wp\/v2\/tags?post=8706"}],"curies":[{"name":"wp","href":"https:\/\/api.w.org\/{rel}","templated":true}]}}