{"id":8712,"date":"2024-09-02T23:23:08","date_gmt":"2024-09-02T23:23:08","guid":{"rendered":"https:\/\/radiogjilani.com\/index.php\/2024\/09\/02\/dj-i-njohur-turk-mahmut-orhan-elektrizon-audiencen-me-kengen-e-taynes\/"},"modified":"2024-09-02T23:23:08","modified_gmt":"2024-09-02T23:23:08","slug":"dj-i-njohur-turk-mahmut-orhan-elektrizon-audiencen-me-kengen-e-taynes","status":"publish","type":"post","link":"https:\/\/radiogjilani.com\/index.php\/2024\/09\/02\/dj-i-njohur-turk-mahmut-orhan-elektrizon-audiencen-me-kengen-e-taynes\/","title":{"rendered":"DJ i njohur turk, Mahmut Orhan elektrizon audienc\u00ebn me k\u00ebng\u00ebn e Tayn\u00ebs"},"content":{"rendered":"<p><strong>Ato kan\u00eb qen\u00eb mikesha t\u00eb mira, t\u00eb cilat kan\u00eb realizuar edhe disa k\u00ebng\u00eb s\u00eb bashku.<\/strong><\/p>\n<p>B\u00ebhet fjal\u00eb p\u00ebr Dafina Zeqirin dhe Kid\u00ebn, dyshen q\u00eb num\u00ebrojn\u00eb hitet: \u201cLuje Belin\u201d dhe \u201cAi me mu so\u201d.<\/p>\n<p>K\u00ebng\u00ebt e tyre tashm\u00eb kan\u00eb mbledhur miliona klikime n\u00eb platform\u00ebn e muzik\u00ebs, YouTube.<\/p>\n<p>Megjithat\u00eb, duket se ky raport i tyre nuk po vazhdon m\u00eb, t\u00eb pakt\u00ebn si\u00e7 kan\u00eb paraqitur n\u00eb rrjete sociale.<\/p>\n<p>Shihet se ato nuk ndiqen m\u00eb n\u00eb rrjete sociale, pavar\u00ebsisht q\u00eb Dafina ndjek\u00eb vet\u00ebm kat\u00ebr njer\u00ebz n\u00eb Instagramin e saj.<\/p>\n<p><img loading=\"lazy\" decoding=\"async\" class=\"alignnone wp-image-3145756 size-large\" src=\"https:\/\/gazetablic.com\/wp-content\/uploads\/2024\/09\/456460024_858602142560628_7850472022153052450_n-1024x690.jpg\" alt=\"\" width=\"640\" height=\"431\" srcset=\"https:\/\/gazetablic.com\/wp-content\/uploads\/2024\/09\/456460024_858602142560628_7850472022153052450_n-1024x690.jpg 1024w, https:\/\/gazetablic.com\/wp-content\/uploads\/2024\/09\/456460024_858602142560628_7850472022153052450_n-300x202.jpg 300w, https:\/\/gazetablic.com\/wp-content\/uploads\/2024\/09\/456460024_858602142560628_7850472022153052450_n-768x517.jpg 768w, https:\/\/gazetablic.com\/wp-content\/uploads\/2024\/09\/456460024_858602142560628_7850472022153052450_n.jpg 1290w\" sizes=\"auto, (max-width: 640px) 100vw, 640px\"><\/p>\n<ul class=\"op-related-articles\" title=\"Showtime\">\n<li><a href=\"https:\/\/gazetablic.com\/dj-i-njohur-turk-mahmut-orhan-elektrizon-audiencen-me-kengen-e-taynes\/\"><\/a><\/li>\n<li><a href=\"https:\/\/gazetablic.com\/vdes-per-ty-dedikimi-i-vecante-i-lotina-hazirit-per-mozzik\/\"><\/a><\/li>\n<li><a href=\"https:\/\/gazetablic.com\/dafina-zeqiri-prish-raportet-edhe-me-kiden\/\"><\/a><\/li>\n<\/ul>\n<p>The post <a rel=\"nofollow\" href=\"https:\/\/gazetablic.com\/dafina-zeqiri-prish-raportet-edhe-me-kiden\/\">Dafina Zeqiri prish raportet edhe me Kid\u00ebn<\/a> appeared first on <a rel=\"nofollow\" href=\"https:\/\/gazetablic.com\/\">GazetaBlic<\/a>.<\/p>\n","protected":false},"excerpt":{"rendered":"<p>Ato kan\u00eb qen\u00eb mikesha t\u00eb mira, t\u00eb cilat kan\u00eb realizuar edhe disa k\u00ebng\u00eb s\u00eb bashku. B\u00ebhet fjal\u00eb p\u00ebr Dafina Zeqirin dhe Kid\u00ebn, dyshen q\u00eb num\u00ebrojn\u00eb hitet: \u201cLuje Belin\u201d dhe \u201cAi me mu so\u201d. K\u00ebng\u00ebt e tyre tashm\u00eb kan\u00eb mbledhur miliona klikime n\u00eb platform\u00ebn e muzik\u00ebs, YouTube. Megjithat\u00eb, duket se ky raport i tyre nuk po [&hellip;]<\/p>\n","protected":false},"author":1,"featured_media":8713,"comment_status":"open","ping_status":"open","sticky":false,"template":"","format":"standard","meta":{"footnotes":""},"categories":[22],"tags":[],"class_list":["post-8712","post","type-post","status-publish","format-standard","has-post-thumbnail","hentry","category-showbiz"],"_links":{"self":[{"href":"https:\/\/radiogjilani.com\/index.php\/wp-json\/wp\/v2\/posts\/8712","targetHints":{"allow":["GET"]}}],"collection":[{"href":"https:\/\/radiogjilani.com\/index.php\/wp-json\/wp\/v2\/posts"}],"about":[{"href":"https:\/\/radiogjilani.com\/index.php\/wp-json\/wp\/v2\/types\/post"}],"author":[{"embeddable":true,"href":"https:\/\/radiogjilani.com\/index.php\/wp-json\/wp\/v2\/users\/1"}],"replies":[{"embeddable":true,"href":"https:\/\/radiogjilani.com\/index.php\/wp-json\/wp\/v2\/comments?post=8712"}],"version-history":[{"count":0,"href":"https:\/\/radiogjilani.com\/index.php\/wp-json\/wp\/v2\/posts\/8712\/revisions"}],"wp:featuredmedia":[{"embeddable":true,"href":"https:\/\/radiogjilani.com\/index.php\/wp-json\/wp\/v2\/media\/8713"}],"wp:attachment":[{"href":"https:\/\/radiogjilani.com\/index.php\/wp-json\/wp\/v2\/media?parent=8712"}],"wp:term":[{"taxonomy":"category","embeddable":true,"href":"https:\/\/radiogjilani.com\/index.php\/wp-json\/wp\/v2\/categories?post=8712"},{"taxonomy":"post_tag","embeddable":true,"href":"https:\/\/radiogjilani.com\/index.php\/wp-json\/wp\/v2\/tags?post=8712"}],"curies":[{"name":"wp","href":"https:\/\/api.w.org\/{rel}","templated":true}]}}