{"id":8728,"date":"2024-09-04T00:17:59","date_gmt":"2024-09-04T00:17:59","guid":{"rendered":"https:\/\/radiogjilani.com\/index.php\/2024\/09\/04\/i-akuzuari-njesia-speciale-gjate-arrestimit-me-kercenuan-se-nese-perpiqesha-te-ike-do-me-vrisnin\/"},"modified":"2024-09-04T00:17:59","modified_gmt":"2024-09-04T00:17:59","slug":"i-akuzuari-njesia-speciale-gjate-arrestimit-me-kercenuan-se-nese-perpiqesha-te-ike-do-me-vrisnin","status":"publish","type":"post","link":"https:\/\/radiogjilani.com\/index.php\/2024\/09\/04\/i-akuzuari-njesia-speciale-gjate-arrestimit-me-kercenuan-se-nese-perpiqesha-te-ike-do-me-vrisnin\/","title":{"rendered":"I akuzuari: Nj\u00ebsia Speciale gjat\u00eb arrestimit m\u00eb k\u00ebrc\u00ebnuan se n\u00ebse p\u00ebrpiqesha t\u00eb ik\u00eb, do m\u00eb vrisnin"},"content":{"rendered":"<p>Gjat\u00eb seanc\u00ebs s\u00eb t\u00eb mart\u00ebs n\u00eb Gjykat\u00ebn Themelore n\u00eb Prishtin\u00eb, i akuzuari Elmedin Raka deklaroi se gjat\u00eb arrestimit t\u00eb tij nga Nj\u00ebsia Speciale e Kosov\u00ebs, u urdh\u00ebrua t\u00eb zbres\u00eb shkall\u00ebt dhe t\u00eb vendoste nj\u00eb kapu\u00e7, si dhe u k\u00ebrc\u00ebnua q\u00eb n\u00ebse p\u00ebrpiqet t\u00eb ikte, do ta vrasin. \u201cNuk e di pse, m\u00eb than\u00eb t\u00eb vesh xhaket\u00ebn dhe t\u00eb vendos kapu\u00e7in mbi kok\u00eb dhe m\u00eb urdh\u00ebruan t\u00eb l\u00ebvizja posht\u00eb shkall\u00ebve\u2026<\/p>\n<p><a href=\"https:\/\/ekonomiaonline.com\/i-akuzuari-njesia-speciale-gjate-arrestimit-me-kercenuan-se-nese-perpiqesha-te-ike-do-me-vrisnin\/\" rel=\"nofollow\">Source<\/a><\/p>\n","protected":false},"excerpt":{"rendered":"<p>Gjat\u00eb seanc\u00ebs s\u00eb t\u00eb mart\u00ebs n\u00eb Gjykat\u00ebn Themelore n\u00eb Prishtin\u00eb, i akuzuari Elmedin Raka deklaroi se gjat\u00eb arrestimit t\u00eb tij nga Nj\u00ebsia Speciale e Kosov\u00ebs, u urdh\u00ebrua t\u00eb zbres\u00eb shkall\u00ebt dhe t\u00eb vendoste nj\u00eb kapu\u00e7, si dhe u k\u00ebrc\u00ebnua q\u00eb n\u00ebse p\u00ebrpiqet t\u00eb ikte, do ta vrasin. \u201cNuk e di pse, m\u00eb than\u00eb t\u00eb vesh [&hellip;]<\/p>\n","protected":false},"author":1,"featured_media":8729,"comment_status":"open","ping_status":"open","sticky":false,"template":"","format":"standard","meta":{"footnotes":""},"categories":[19],"tags":[],"class_list":["post-8728","post","type-post","status-publish","format-standard","has-post-thumbnail","hentry","category-eko"],"_links":{"self":[{"href":"https:\/\/radiogjilani.com\/index.php\/wp-json\/wp\/v2\/posts\/8728","targetHints":{"allow":["GET"]}}],"collection":[{"href":"https:\/\/radiogjilani.com\/index.php\/wp-json\/wp\/v2\/posts"}],"about":[{"href":"https:\/\/radiogjilani.com\/index.php\/wp-json\/wp\/v2\/types\/post"}],"author":[{"embeddable":true,"href":"https:\/\/radiogjilani.com\/index.php\/wp-json\/wp\/v2\/users\/1"}],"replies":[{"embeddable":true,"href":"https:\/\/radiogjilani.com\/index.php\/wp-json\/wp\/v2\/comments?post=8728"}],"version-history":[{"count":0,"href":"https:\/\/radiogjilani.com\/index.php\/wp-json\/wp\/v2\/posts\/8728\/revisions"}],"wp:featuredmedia":[{"embeddable":true,"href":"https:\/\/radiogjilani.com\/index.php\/wp-json\/wp\/v2\/media\/8729"}],"wp:attachment":[{"href":"https:\/\/radiogjilani.com\/index.php\/wp-json\/wp\/v2\/media?parent=8728"}],"wp:term":[{"taxonomy":"category","embeddable":true,"href":"https:\/\/radiogjilani.com\/index.php\/wp-json\/wp\/v2\/categories?post=8728"},{"taxonomy":"post_tag","embeddable":true,"href":"https:\/\/radiogjilani.com\/index.php\/wp-json\/wp\/v2\/tags?post=8728"}],"curies":[{"name":"wp","href":"https:\/\/api.w.org\/{rel}","templated":true}]}}