{"id":8754,"date":"2024-09-05T00:18:32","date_gmt":"2024-09-05T00:18:32","guid":{"rendered":"https:\/\/radiogjilani.com\/index.php\/2024\/09\/05\/komuna-e-prishtines-hap-ekspozite-per-sheshin-adem-jashari-fton-qytetaret-ta-perzgjedhin-projektin-me-te-mire\/"},"modified":"2024-09-05T00:18:32","modified_gmt":"2024-09-05T00:18:32","slug":"komuna-e-prishtines-hap-ekspozite-per-sheshin-adem-jashari-fton-qytetaret-ta-perzgjedhin-projektin-me-te-mire","status":"publish","type":"post","link":"https:\/\/radiogjilani.com\/index.php\/2024\/09\/05\/komuna-e-prishtines-hap-ekspozite-per-sheshin-adem-jashari-fton-qytetaret-ta-perzgjedhin-projektin-me-te-mire\/","title":{"rendered":"Komuna e Prishtin\u00ebs hap ekspozit\u00eb p\u00ebr sheshin \u201cAdem Jashari\u201d, fton qytetar\u00ebt ta p\u00ebrzgjedhin projektin m\u00eb t\u00eb mir\u00eb"},"content":{"rendered":"<p>Komuna e Prishtin\u00ebs ka mbajtur ekspozit\u00eb me pes\u00eb projekte t\u00eb p\u00ebrzgjedhura p\u00ebr sheshin \u201cAdem Jashari\u201d n\u00eb Kryeqytet, raporton Ekonomia Online. Kryetari i Prishtin\u00ebs, P\u00ebrparim Rama, tha se ekspozita do t\u00eb jet\u00eb e hapur p\u00ebr nj\u00eb jav\u00eb, n\u00eb m\u00ebnyr\u00eb q\u00eb qytetar\u00ebt t\u00eb votojn\u00eb m\u00eb t\u00eb mirin prej k\u00ebtyre pes\u00eb projekteve. Ai tha se me shumic\u00eb votash, do t\u00eb p\u00ebrzgjidhet projekti p\u00ebr nd\u00ebrtimin e sheshit \u201cAdem Jashari\u201d.<\/p>\n<p><a href=\"https:\/\/ekonomiaonline.com\/komuna-e-prishtines-hap-ekspozite-per-sheshin-adem-jashari-fton-qytetaret-ta-perzgjedhin-projektin-me-te-mire\/\" rel=\"nofollow\">Source<\/a><\/p>\n","protected":false},"excerpt":{"rendered":"<p>Komuna e Prishtin\u00ebs ka mbajtur ekspozit\u00eb me pes\u00eb projekte t\u00eb p\u00ebrzgjedhura p\u00ebr sheshin \u201cAdem Jashari\u201d n\u00eb Kryeqytet, raporton Ekonomia Online. Kryetari i Prishtin\u00ebs, P\u00ebrparim Rama, tha se ekspozita do t\u00eb jet\u00eb e hapur p\u00ebr nj\u00eb jav\u00eb, n\u00eb m\u00ebnyr\u00eb q\u00eb qytetar\u00ebt t\u00eb votojn\u00eb m\u00eb t\u00eb mirin prej k\u00ebtyre pes\u00eb projekteve. Ai tha se me shumic\u00eb votash, [&hellip;]<\/p>\n","protected":false},"author":1,"featured_media":8755,"comment_status":"open","ping_status":"open","sticky":false,"template":"","format":"standard","meta":{"footnotes":""},"categories":[19],"tags":[],"class_list":["post-8754","post","type-post","status-publish","format-standard","has-post-thumbnail","hentry","category-eko"],"_links":{"self":[{"href":"https:\/\/radiogjilani.com\/index.php\/wp-json\/wp\/v2\/posts\/8754","targetHints":{"allow":["GET"]}}],"collection":[{"href":"https:\/\/radiogjilani.com\/index.php\/wp-json\/wp\/v2\/posts"}],"about":[{"href":"https:\/\/radiogjilani.com\/index.php\/wp-json\/wp\/v2\/types\/post"}],"author":[{"embeddable":true,"href":"https:\/\/radiogjilani.com\/index.php\/wp-json\/wp\/v2\/users\/1"}],"replies":[{"embeddable":true,"href":"https:\/\/radiogjilani.com\/index.php\/wp-json\/wp\/v2\/comments?post=8754"}],"version-history":[{"count":0,"href":"https:\/\/radiogjilani.com\/index.php\/wp-json\/wp\/v2\/posts\/8754\/revisions"}],"wp:featuredmedia":[{"embeddable":true,"href":"https:\/\/radiogjilani.com\/index.php\/wp-json\/wp\/v2\/media\/8755"}],"wp:attachment":[{"href":"https:\/\/radiogjilani.com\/index.php\/wp-json\/wp\/v2\/media?parent=8754"}],"wp:term":[{"taxonomy":"category","embeddable":true,"href":"https:\/\/radiogjilani.com\/index.php\/wp-json\/wp\/v2\/categories?post=8754"},{"taxonomy":"post_tag","embeddable":true,"href":"https:\/\/radiogjilani.com\/index.php\/wp-json\/wp\/v2\/tags?post=8754"}],"curies":[{"name":"wp","href":"https:\/\/api.w.org\/{rel}","templated":true}]}}