{"id":8770,"date":"2024-09-05T00:19:11","date_gmt":"2024-09-05T00:19:11","guid":{"rendered":"https:\/\/radiogjilani.com\/index.php\/2024\/09\/05\/qeveria-e-kanadase-nen-kercenim-ndersa-partneri-i-koalicionit-te-trudeau-largohet\/"},"modified":"2024-09-05T00:19:11","modified_gmt":"2024-09-05T00:19:11","slug":"qeveria-e-kanadase-nen-kercenim-ndersa-partneri-i-koalicionit-te-trudeau-largohet","status":"publish","type":"post","link":"https:\/\/radiogjilani.com\/index.php\/2024\/09\/05\/qeveria-e-kanadase-nen-kercenim-ndersa-partneri-i-koalicionit-te-trudeau-largohet\/","title":{"rendered":"Qeveria e Kanadas\u00eb n\u00ebn k\u00ebrc\u00ebnim nd\u00ebrsa partneri i koalicionit t\u00eb Trudeau largohet"},"content":{"rendered":"<p>Partneri kritik i koalicionit t\u00eb kryeministrit, Justin Trudeau, ka prishur nj\u00eb marr\u00ebveshje p\u00ebr t\u00eb mb\u00ebshtetur qeverin\u00eb e tij liberale.<\/p>\n<p>Kjo duke e futur Kanadan\u00eb n\u00eb pasiguri t\u00eb re politike dhe duke rritur mund\u00ebsin\u00eb e zgjedhjeve t\u00eb parakohshme.<\/p>\n<p>Jagmeet Singh tha n\u00eb nj\u00eb postim n\u00eb mediat sociale t\u00eb m\u00ebrkur\u00ebn se ai kishte p\u00ebrfunduar nj\u00eb marr\u00ebveshje t\u00eb vitit 2022 me Trudeau p\u00ebr t\u00eb mb\u00ebshtetur partin\u00eb e pakic\u00ebs Liberale.<\/p>\n<p>\u201cSot e njoftova kryeministrin se kam prishur marr\u00ebveshjen\u201d, tha ai n\u00eb X, duke p\u00ebrdorur termin p\u00ebr bashk\u00ebpunim n\u00eb nj\u00eb koalicion parlamentar.<\/p>\n<p>\t\t<i><\/i><ins data-dcm-landing-page-escapes=\"0\" data-dcm-click-tracker=\"https:\/\/track.adform.net\/C\/?bn=73199340;adfibeg=0;cdata=wY0ZHC8ypbQniOq3Sj8hschgQeJ3VY4zU1bO9ulaUP_iCMviXuI_n4RPYRHBxkqVPVtGasWBO2DsQ97SqeB3vafpodL8HlhSS5QNXFy9YSXxjmdMEY9WqD7eKsUQLet9dO-UMsCLM2opnkTpCdy6-w2;;CREFURL=https%3a%2f%2feuro-pixel.com%2ftest.php;C=1;cpdir=\" class=\"dcmads\" data-dcm-placement=\"N571601.4773204ALBANIANPOST.COM\/B32392692.399829096\" data-dcm-rendering-mode=\"iframe\" data-dcm-https-only=\"\" data-dcm-api-frameworks=\"[APIFRAMEWORKS]\" data-dcm-omid-partner=\"[OMIDPARTNER]\" data-dcm-gdpr-applies=\"gdpr=\" data-dcm-gdpr-consent=\"gdpr_consent=\" data-dcm-addtl-consent=\"addtl_consent=${ADDTL_CONSENT}\" data-dcm-ltd=\"false\" data-dcm-resettable-device-id=\"\" data-dcm-app-id=\"\" data-dcm-processed=\"y\"><\/p>\n<p>\t\t<\/ins><\/p>\n<p>Njoftimi do t\u00eb thot\u00eb se Trudeau nuk mund t\u00eb komandoj\u00eb m\u00eb automatikisht shumic\u00ebn n\u00eb parlamentin 338-an\u00ebtar\u00ebsh t\u00eb Kanadas\u00eb, duke e l\u00ebn\u00eb at\u00eb t\u00eb pambrojtur ndaj nj\u00eb votimi mosbesimi q\u00eb mund t\u2019i jap\u00eb fund n\u00ebnt\u00eb viteve t\u00eb pushtetit t\u00eb liberal\u00ebve n\u00eb Otava.<\/p>\n<p>Trudeau u p\u00ebrpoq t\u2019i m\u00ebnjanonte k\u00ebrc\u00ebnimet t\u00eb m\u00ebrkur\u00ebn.<\/p>\n<p>The post <a rel=\"nofollow\" href=\"https:\/\/albanianpost.com\/qeveria-e-kanadase-nen-kercenim-ndersa-partneri-i-koalicionit-te-trudeau-largohet\/\">Qeveria e Kanadas\u00eb n\u00ebn k\u00ebrc\u00ebnim nd\u00ebrsa partneri i koalicionit t\u00eb Trudeau largohet<\/a> appeared first on <a rel=\"nofollow\" href=\"https:\/\/albanianpost.com\/\">Albanian Post<\/a>.<\/p>\n","protected":false},"excerpt":{"rendered":"<p>Partneri kritik i koalicionit t\u00eb kryeministrit, Justin Trudeau, ka prishur nj\u00eb marr\u00ebveshje p\u00ebr t\u00eb mb\u00ebshtetur qeverin\u00eb e tij liberale. Kjo duke e futur Kanadan\u00eb n\u00eb pasiguri t\u00eb re politike dhe duke rritur mund\u00ebsin\u00eb e zgjedhjeve t\u00eb parakohshme. Jagmeet Singh tha n\u00eb nj\u00eb postim n\u00eb mediat sociale t\u00eb m\u00ebrkur\u00ebn se ai kishte p\u00ebrfunduar nj\u00eb marr\u00ebveshje t\u00eb [&hellip;]<\/p>\n","protected":false},"author":1,"featured_media":8771,"comment_status":"open","ping_status":"open","sticky":false,"template":"","format":"standard","meta":{"footnotes":""},"categories":[1],"tags":[],"class_list":["post-8770","post","type-post","status-publish","format-standard","has-post-thumbnail","hentry","category-uncategorized"],"_links":{"self":[{"href":"https:\/\/radiogjilani.com\/index.php\/wp-json\/wp\/v2\/posts\/8770","targetHints":{"allow":["GET"]}}],"collection":[{"href":"https:\/\/radiogjilani.com\/index.php\/wp-json\/wp\/v2\/posts"}],"about":[{"href":"https:\/\/radiogjilani.com\/index.php\/wp-json\/wp\/v2\/types\/post"}],"author":[{"embeddable":true,"href":"https:\/\/radiogjilani.com\/index.php\/wp-json\/wp\/v2\/users\/1"}],"replies":[{"embeddable":true,"href":"https:\/\/radiogjilani.com\/index.php\/wp-json\/wp\/v2\/comments?post=8770"}],"version-history":[{"count":0,"href":"https:\/\/radiogjilani.com\/index.php\/wp-json\/wp\/v2\/posts\/8770\/revisions"}],"wp:featuredmedia":[{"embeddable":true,"href":"https:\/\/radiogjilani.com\/index.php\/wp-json\/wp\/v2\/media\/8771"}],"wp:attachment":[{"href":"https:\/\/radiogjilani.com\/index.php\/wp-json\/wp\/v2\/media?parent=8770"}],"wp:term":[{"taxonomy":"category","embeddable":true,"href":"https:\/\/radiogjilani.com\/index.php\/wp-json\/wp\/v2\/categories?post=8770"},{"taxonomy":"post_tag","embeddable":true,"href":"https:\/\/radiogjilani.com\/index.php\/wp-json\/wp\/v2\/tags?post=8770"}],"curies":[{"name":"wp","href":"https:\/\/api.w.org\/{rel}","templated":true}]}}