{"id":8796,"date":"2024-09-06T00:29:08","date_gmt":"2024-09-06T00:29:08","guid":{"rendered":"https:\/\/radiogjilani.com\/index.php\/2024\/09\/06\/nagavci-cili-gabim-kryeministri-nuk-gabon\/"},"modified":"2024-09-06T00:29:08","modified_gmt":"2024-09-06T00:29:08","slug":"nagavci-cili-gabim-kryeministri-nuk-gabon","status":"publish","type":"post","link":"https:\/\/radiogjilani.com\/index.php\/2024\/09\/06\/nagavci-cili-gabim-kryeministri-nuk-gabon\/","title":{"rendered":"Nagavci: Cili gabim? Kryeministri nuk gabon!"},"content":{"rendered":"<p>Ministrja e Arsimit, Shkenc\u00ebs dhe Teknologjis\u00eb, Arb\u00ebrie Nagavci, ka folur lidhur me huqjen q\u00eb b\u00ebri kryeministri Albin Kurti n\u00eb zgjidhjen e nj\u00eb ekuacioni t\u00eb thjesht\u00eb matematikor, n\u00eb nj\u00eb shkoll\u00eb t\u00eb Komun\u00ebs s\u00eb Podujev\u00ebs. E pyetur n\u00ebse e v\u00ebrejti gabimin e Kurtit, Nagavci \u00ebsht\u00eb p\u00ebrgjigjur duke qeshur se \u201cCili gabim? Kryeministri nuk gabon\u201d. Sipas Nagavcit, \u00ebsht\u00eb mir\u00eb q\u00eb po diskutohet kaq shum\u00eb p\u00ebr&#8230;<\/p>\n<p><a href=\"https:\/\/ekonomiaonline.com\/nagavci-cili-gabim-kryeministri-nuk-gabon\/\" rel=\"nofollow\">Source<\/a><\/p>\n","protected":false},"excerpt":{"rendered":"<p>Ministrja e Arsimit, Shkenc\u00ebs dhe Teknologjis\u00eb, Arb\u00ebrie Nagavci, ka folur lidhur me huqjen q\u00eb b\u00ebri kryeministri Albin Kurti n\u00eb zgjidhjen e nj\u00eb ekuacioni t\u00eb thjesht\u00eb matematikor, n\u00eb nj\u00eb shkoll\u00eb t\u00eb Komun\u00ebs s\u00eb Podujev\u00ebs. E pyetur n\u00ebse e v\u00ebrejti gabimin e Kurtit, Nagavci \u00ebsht\u00eb p\u00ebrgjigjur duke qeshur se \u201cCili gabim? Kryeministri nuk gabon\u201d. Sipas Nagavcit, \u00ebsht\u00eb [&hellip;]<\/p>\n","protected":false},"author":1,"featured_media":8797,"comment_status":"open","ping_status":"open","sticky":false,"template":"","format":"standard","meta":{"footnotes":""},"categories":[19],"tags":[],"class_list":["post-8796","post","type-post","status-publish","format-standard","has-post-thumbnail","hentry","category-eko"],"_links":{"self":[{"href":"https:\/\/radiogjilani.com\/index.php\/wp-json\/wp\/v2\/posts\/8796","targetHints":{"allow":["GET"]}}],"collection":[{"href":"https:\/\/radiogjilani.com\/index.php\/wp-json\/wp\/v2\/posts"}],"about":[{"href":"https:\/\/radiogjilani.com\/index.php\/wp-json\/wp\/v2\/types\/post"}],"author":[{"embeddable":true,"href":"https:\/\/radiogjilani.com\/index.php\/wp-json\/wp\/v2\/users\/1"}],"replies":[{"embeddable":true,"href":"https:\/\/radiogjilani.com\/index.php\/wp-json\/wp\/v2\/comments?post=8796"}],"version-history":[{"count":0,"href":"https:\/\/radiogjilani.com\/index.php\/wp-json\/wp\/v2\/posts\/8796\/revisions"}],"wp:featuredmedia":[{"embeddable":true,"href":"https:\/\/radiogjilani.com\/index.php\/wp-json\/wp\/v2\/media\/8797"}],"wp:attachment":[{"href":"https:\/\/radiogjilani.com\/index.php\/wp-json\/wp\/v2\/media?parent=8796"}],"wp:term":[{"taxonomy":"category","embeddable":true,"href":"https:\/\/radiogjilani.com\/index.php\/wp-json\/wp\/v2\/categories?post=8796"},{"taxonomy":"post_tag","embeddable":true,"href":"https:\/\/radiogjilani.com\/index.php\/wp-json\/wp\/v2\/tags?post=8796"}],"curies":[{"name":"wp","href":"https:\/\/api.w.org\/{rel}","templated":true}]}}