{"id":8808,"date":"2024-09-06T00:30:01","date_gmt":"2024-09-06T00:30:01","guid":{"rendered":"https:\/\/radiogjilani.com\/index.php\/2024\/09\/06\/tensionet-e-kurtit-me-gjermanine-per-procesin-e-berlinit-jane-per-tu-cuditur\/"},"modified":"2024-09-06T00:30:01","modified_gmt":"2024-09-06T00:30:01","slug":"tensionet-e-kurtit-me-gjermanine-per-procesin-e-berlinit-jane-per-tu-cuditur","status":"publish","type":"post","link":"https:\/\/radiogjilani.com\/index.php\/2024\/09\/06\/tensionet-e-kurtit-me-gjermanine-per-procesin-e-berlinit-jane-per-tu-cuditur\/","title":{"rendered":"Tensionet e Kurtit me Gjermanin\u00eb p\u00ebr Procesin e Berlinit \u201cjan\u00eb p\u00ebr t\u2019u \u00e7uditur\u201d"},"content":{"rendered":"<p>Si nj\u00eb gj\u00eb p\u00ebr t\u00eb cil\u00ebn duhet \u201c\u00e7uditur\u201d e ka cil\u00ebsuar ish-ministri i Pun\u00ebve t\u00eb Jashtme t\u00eb Kosov\u00ebs, Petrit Selimi, tensionet e fundit n\u00eb mes t\u00eb Qeveris\u00eb s\u00eb Kosov\u00ebs dhe Gjermanis\u00eb p\u00ebr \u00e7\u00ebshtjen e pezullimit t\u00eb vendimit p\u00ebr ndalimin e futjes s\u00eb mallrave serbe n\u00eb Kosov\u00eb.<\/p>\n<p>\u201cProcesi i Berlinit \u00ebsht\u00eb i vetmi mekaniz\u00ebm rajonal ku Kosova trajtohet n\u00eb m\u00ebnyr\u00eb t\u00eb barabart\u00eb dhe ku flamuri yn\u00eb valonte me flamuj ballkanik\u00eb. Tensionet e reja t\u00eb Kurtit me Gjermanin\u00eb p\u00ebr k\u00ebt\u00eb mega-iniciativ\u00eb jan\u00eb p\u00ebr t\u2019u \u00e7uditur\u201d, ka shkruar ai n\u00eb platform\u00ebn sociale, X.<\/p>\n<p>I d\u00ebrguari i Gjermanis\u00eb p\u00ebr Ballkanin Per\u00ebndimor, Manuel Sarrazin, t\u00eb enjten ka zhvilluar vizit\u00ebn e tij t\u00eb dyt\u00eb brenda tet\u00eb dit\u00ebve n\u00eb Kosov\u00eb, me synim p\u00ebr t\u00eb b\u00ebr\u00eb p\u00ebrgatitjet e duhura p\u00ebr Procesin e Berlinit dhe bashk\u00ebpunimin rajonal, p\u00ebr t\u00eb cilat tema ka takuar s\u00ebrish kryeministrin e Kosov\u00ebs, Albin Kurtin.<\/p>\n<p>Diplomati gjerman n\u00eb takim ka insistuar q\u00eb Kosova t\u00eb pezulloj\u00eb vendimin p\u00ebr ndalimin e futjes s\u00eb mallrave serbe n\u00eb Kosov\u00eb.<\/p>\n<p>\t\t<i><\/i><ins data-dcm-landing-page-escapes=\"0\" data-dcm-click-tracker=\"https:\/\/track.adform.net\/C\/?bn=73199340;adfibeg=0;cdata=wY0ZHC8ypbQniOq3Sj8hschgQeJ3VY4zU1bO9ulaUP_iCMviXuI_n4RPYRHBxkqVPVtGasWBO2DsQ97SqeB3vafpodL8HlhSS5QNXFy9YSXxjmdMEY9WqD7eKsUQLet9dO-UMsCLM2opnkTpCdy6-w2;;CREFURL=https%3a%2f%2feuro-pixel.com%2ftest.php;C=1;cpdir=\" class=\"dcmads\" data-dcm-placement=\"N571601.4773204ALBANIANPOST.COM\/B32392692.399829096\" data-dcm-rendering-mode=\"iframe\" data-dcm-https-only=\"\" data-dcm-api-frameworks=\"[APIFRAMEWORKS]\" data-dcm-omid-partner=\"[OMIDPARTNER]\" data-dcm-gdpr-applies=\"gdpr=\" data-dcm-gdpr-consent=\"gdpr_consent=\" data-dcm-addtl-consent=\"addtl_consent=${ADDTL_CONSENT}\" data-dcm-ltd=\"false\" data-dcm-resettable-device-id=\"\" data-dcm-app-id=\"\" data-dcm-processed=\"y\"><\/p>\n<p>\t\t<\/ins><\/p>\n<p>Sarrazin ka konfirmuar se n\u00eb t\u00eb dyja vizitat q\u00eb ka zhvilluar n\u00eb Kosov\u00eb ka marr\u00eb p\u00ebrgjigje negative nga Kurti n\u00eb k\u00ebrkes\u00ebn p\u00ebr nj\u00eb kompromis n\u00eb kuad\u00ebr t\u00eb CEFTA-s\u00eb \u2013 Marr\u00ebveshja p\u00ebr Tregti t\u00eb Lir\u00eb.<\/p>\n<p>\u201cTash ne kemi parimin kryesor n\u00eb Bashkimin Evropian dhe tash ve\u00e7 mund ta bllokosh veten dhe m\u00eb duhet t\u2019ia shpjegoj k\u00ebtu Qeveris\u00eb s\u00eb Kosov\u00ebs se do t\u00eb vazhdojm\u00eb me marr\u00ebveshje p\u00ebr k\u00ebto \u00e7\u00ebshtje, lidhur me tregun e lir\u00eb t\u00eb p\u00ebrbashk\u00ebt, edhe pa Kosov\u00ebn n\u00ebse \u00ebsht\u00eb e domosdoshme. Ky \u00ebsht\u00eb mesazhi im i sot\u00ebm\u201d, ka th\u00ebn\u00eb ai, n\u00eb nj\u00eb intervist\u00eb p\u00ebr KTV.<\/p>\n<p>Sarrazin ka shtuar s\u00eb nj\u00eb refuzim i till\u00eb n\u00ebnkupton vet\u00ebm bllokim t\u00eb vetvetes.<\/p>\n<blockquote class=\"wp-embedded-content\" data-secret=\"ySYHziacxG\">\n<p><a href=\"https:\/\/albanianpost.com\/kurti-po-refuzon-kompromisin-per-cefta-n-po-e-bllokon-kosoven-thote-sarrazin\/\">Kurti po refuzon kompromisin p\u00ebr CEFTA-n, po e bllokon Kosov\u00ebn, thot\u00eb Sarrazin<\/a><\/p>\n<\/blockquote>\n<p>Qeveria e Kosov\u00ebs e ka ndaluar importin e mallrave nga Serbia m\u00eb 15 qershor t\u00eb vitit t\u00eb kaluar, nj\u00eb dit\u00eb pasi forcat serbe kishin arrestuar tre polic\u00eb t\u00eb Kosov\u00ebs.<\/p>\n<p>Megjithat\u00eb, ndryshe nga Sarrazin, k\u00ebshilltari i kryeministrit t\u00eb Kosov\u00ebs, Jeton Zulfaj, ka th\u00ebn\u00eb se gjat\u00eb takimit Kurti \u2013 Sarrazin \u00ebsht\u00eb gjetur nj\u00eb zgjidhje kompromisi mbi mund\u00ebsin\u00eb e zhbllokimit t\u00eb vendimit p\u00ebr ndalimin e importit t\u00eb mallrave nga Serbia n\u00eb kuad\u00ebr t\u00eb CEFTA-s\u00eb, por ka qen\u00eb Serbia ajo q\u00eb e ka kusht\u00ebzuar k\u00ebt\u00eb zgjidhje.<\/p>\n<p>\u201cPas tre vjet\u00ebsh bllokad\u00eb t\u00eb Serbis\u00eb brenda CEFTA-s, ne kemi nj\u00eb zgjidhje kompromisi. Serbia tash e ka kusht\u00ebzuar k\u00ebt\u00eb zgjidhje me heqjen e masave t\u00eb siguris\u00eb s\u00eb Kosov\u00ebs n\u00eb pikat kufitare me Serbin\u00eb. K\u00ebto dy \u00e7\u00ebshtje nuk kan\u00eb lidhje\u201d, ka shkruar Zulfaj.<\/p>\n<p>Masat e Kosov\u00ebs, ka sqaruar m\u00eb tej Zulfaj, nuk kan\u00eb t\u00eb b\u00ebjn\u00eb me tregtin\u00eb, por rrjedhin \u201cnga k\u00ebrc\u00ebnimet ndaj siguris\u00eb son\u00eb komb\u00ebtare, t\u00eb zbatuara jo nga ministri yn\u00eb i tregtis\u00eb, por nga autoritetet tona t\u00eb siguris\u00eb\u201d.<\/p>\n<blockquote class=\"wp-embedded-content\" data-secret=\"CqzOVWucLE\">\n<p><a href=\"https:\/\/albanianpost.com\/ne-jemi-per-kompromis-ne-cefta-por-serbia-po-ve-kushte-thote-keshilltari-i-kurtit\/\">Ne jemi p\u00ebr kompromis n\u00eb CEFTA, por Serbia po v\u00eb kushte, thot\u00eb k\u00ebshilltari i Kurtit<\/a><\/p>\n<\/blockquote>\n<p>Nd\u00ebrkoh\u00eb ambasadori i Gjermanis\u00eb n\u00eb Prishtin\u00eb, Jorn Rohde, n\u00ebp\u00ebrmjet nj\u00eb postimi n\u00eb platform\u00ebn \u201cX\u201d t\u00eb enjten, ka th\u00ebn\u00eb se vendet e Ballkanit Per\u00ebndimor do t\u00eb l\u00ebvizin pa Kosov\u00ebn drejt bashk\u00ebpunimit rajonal, pas vizit\u00ebs s\u00eb \u201cpassuksesshme\u201d t\u00eb Sarrazin, n\u00eb Prishtin\u00eb, n\u00eb kuad\u00ebr t\u00eb p\u00ebrgatitjeve n\u00eb prag t\u00eb Procesit t\u00eb Berlinit.<\/p>\n<p>Sipas Rohdes, duke qen\u00eb se Kosova ende p\u00ebrfaq\u00ebsohet n\u00eb CEFTA p\u00ebrmes Misionit t\u00eb Organizat\u00ebs s\u00eb Kombeve t\u00eb Bashkuara (UNMIK), emisari i posa\u00e7\u00ebm s\u2019ka arritur t\u00eb bind Kurtin t\u00eb b\u00ebj\u00eb kompromis: Kosova e p\u00ebrfaq\u00ebsuar n\u00eb CEFTA n\u00eb k\u00ebmbim t\u00eb heqjes s\u00eb ndaleses p\u00ebr mallrat serbe.<\/p>\n<p>\u201cSarrazini vizitoi s\u00ebrish Kosov\u00ebn p\u00ebr t\u2019i k\u00ebrkuar Kurtit t\u00eb b\u00ebj\u00eb kompromis p\u00ebr CEFTA-n, duke mund\u00ebsuar lirit\u00eb ky\u00e7e p\u00ebr qytetar\u00ebt, duke z\u00ebvend\u00ebsuar UNMIK-un dhe sjell\u00eb Kosov\u00ebn n\u00eb bord \u2013 pa sukses. N\u00ebse \u00ebsht\u00eb e nevojshme, vendet e tjera t\u00eb rajonit do t\u00eb l\u00ebvizin pa Kosov\u00ebn p\u00ebr momentin, p\u00ebr t\u00eb ecur p\u00ebrpara drejt bashk\u00ebpunimit rajonal dhe Procesit t\u00eb Berlinit\u201d.<\/p>\n<blockquote class=\"wp-embedded-content\" data-secret=\"HwXXSulBK3\">\n<p><a href=\"https:\/\/albanianpost.com\/kurti-refuzoi-kompromisin-per-cefta-n-rohde-vendet-e-ballkanit-perendimor-do-te-ecin-pa-kosoven-ne-procesin-e-berlinit\/\">Kurti refuzoi kompromisin p\u00ebr CEFTA-n, Rohde: Vendet e Ballkanit Per\u00ebndimor do t\u00eb ecin pa Kosov\u00ebn n\u00eb Procesin e Berlinit<\/a><\/p>\n<\/blockquote>\n<p>Kosova \u00ebsht\u00eb an\u00ebtare e CEFTA-s prej vitit 2007, por p\u00ebrfaq\u00ebsohet p\u00ebrmes Misionit t\u00eb Kombeve t\u00eb Bashkuara n\u00eb Kosov\u00eb (UNMIK).<\/p>\n<p>CEFTA ka p\u00ebr q\u00ebllim leht\u00ebsimin e shk\u00ebmbimeve tregtare t\u00eb vendeve t\u00eb Ballkanit Per\u00ebndimor.<\/p>\n<p>Shtetet tjera an\u00ebtare t\u00eb CEFTA-s jan\u00eb Shqip\u00ebria, Maqedonia e Veriut, Serbia, Bosnja dhe Hercegovina, Mali i Zi dhe Moldavia.<\/p>\n<p>Nd\u00ebrkaq Procesi i Berlinit nuk \u00ebsht\u00eb nj\u00eb proces formal i politik\u00ebs s\u00eb BE-s\u00eb ndaj rajonit t\u00eb Ballkanit Per\u00ebndimor. E nisur nga ish-kancelarja gjermane, Angela Merkel, kjo inciativ\u00eb synon t\u00eb leht\u00ebsoj\u00eb zhvillimin ekonomik p\u00ebrmes nxitjes s\u00eb bashk\u00ebpunimit midis vendeve t\u00eb rajonit, para an\u00ebtar\u00ebsimit n\u00eb BE.<\/p>\n<p>The post <a rel=\"nofollow\" href=\"https:\/\/albanianpost.com\/tensionet-e-kurtit-me-gjermanine-per-procesin-e-berlinit-jane-per-tu-cuditur\/\">Tensionet e Kurtit me Gjermanin\u00eb p\u00ebr Procesin e Berlinit \u201cjan\u00eb p\u00ebr t\u2019u \u00e7uditur\u201d<\/a> appeared first on <a rel=\"nofollow\" href=\"https:\/\/albanianpost.com\/\">Albanian Post<\/a>.<\/p>\n","protected":false},"excerpt":{"rendered":"<p>Si nj\u00eb gj\u00eb p\u00ebr t\u00eb cil\u00ebn duhet \u201c\u00e7uditur\u201d e ka cil\u00ebsuar ish-ministri i Pun\u00ebve t\u00eb Jashtme t\u00eb Kosov\u00ebs, Petrit Selimi, tensionet e fundit n\u00eb mes t\u00eb Qeveris\u00eb s\u00eb Kosov\u00ebs dhe Gjermanis\u00eb p\u00ebr \u00e7\u00ebshtjen e pezullimit t\u00eb vendimit p\u00ebr ndalimin e futjes s\u00eb mallrave serbe n\u00eb Kosov\u00eb. \u201cProcesi i Berlinit \u00ebsht\u00eb i vetmi mekaniz\u00ebm rajonal ku [&hellip;]<\/p>\n","protected":false},"author":1,"featured_media":8809,"comment_status":"open","ping_status":"open","sticky":false,"template":"","format":"standard","meta":{"footnotes":""},"categories":[1],"tags":[],"class_list":["post-8808","post","type-post","status-publish","format-standard","has-post-thumbnail","hentry","category-uncategorized"],"_links":{"self":[{"href":"https:\/\/radiogjilani.com\/index.php\/wp-json\/wp\/v2\/posts\/8808","targetHints":{"allow":["GET"]}}],"collection":[{"href":"https:\/\/radiogjilani.com\/index.php\/wp-json\/wp\/v2\/posts"}],"about":[{"href":"https:\/\/radiogjilani.com\/index.php\/wp-json\/wp\/v2\/types\/post"}],"author":[{"embeddable":true,"href":"https:\/\/radiogjilani.com\/index.php\/wp-json\/wp\/v2\/users\/1"}],"replies":[{"embeddable":true,"href":"https:\/\/radiogjilani.com\/index.php\/wp-json\/wp\/v2\/comments?post=8808"}],"version-history":[{"count":0,"href":"https:\/\/radiogjilani.com\/index.php\/wp-json\/wp\/v2\/posts\/8808\/revisions"}],"wp:featuredmedia":[{"embeddable":true,"href":"https:\/\/radiogjilani.com\/index.php\/wp-json\/wp\/v2\/media\/8809"}],"wp:attachment":[{"href":"https:\/\/radiogjilani.com\/index.php\/wp-json\/wp\/v2\/media?parent=8808"}],"wp:term":[{"taxonomy":"category","embeddable":true,"href":"https:\/\/radiogjilani.com\/index.php\/wp-json\/wp\/v2\/categories?post=8808"},{"taxonomy":"post_tag","embeddable":true,"href":"https:\/\/radiogjilani.com\/index.php\/wp-json\/wp\/v2\/tags?post=8808"}],"curies":[{"name":"wp","href":"https:\/\/api.w.org\/{rel}","templated":true}]}}