{"id":8810,"date":"2024-09-06T00:30:00","date_gmt":"2024-09-06T00:30:00","guid":{"rendered":"https:\/\/radiogjilani.com\/index.php\/2024\/09\/06\/shtepia-e-bardhe-i-thote-putinit-te-ndaloje-se-foluri-per-zgjedhjet-e-shba-ve\/"},"modified":"2024-09-06T00:30:00","modified_gmt":"2024-09-06T00:30:00","slug":"shtepia-e-bardhe-i-thote-putinit-te-ndaloje-se-foluri-per-zgjedhjet-e-shba-ve","status":"publish","type":"post","link":"https:\/\/radiogjilani.com\/index.php\/2024\/09\/06\/shtepia-e-bardhe-i-thote-putinit-te-ndaloje-se-foluri-per-zgjedhjet-e-shba-ve\/","title":{"rendered":"Sht\u00ebpia e Bardh\u00eb i thot\u00eb Putinit t\u00eb \u2018ndaloj\u00eb s\u00eb foluri\u2019 p\u00ebr zgjedhjet e SHBA-ve"},"content":{"rendered":"<p>Sht\u00ebpia e Bardh\u00eb i tha presidentit rus Vladimir Putin t\u00eb enjten q\u00eb t\u00eb \u201cndaloj\u00eb\u201d s\u00eb foluri p\u00ebr zgjedhjet e ardhshme presidenciale n\u00eb SHBA, disa or\u00eb pasi ai tha se po mb\u00ebshteste z\u00ebvend\u00ebspresidenten Kamala Harris.<\/p>\n<p>\u201cPutini duhet t\u00eb ndaloj\u00eb s\u00eb foluri p\u00ebr zgjedhjet tona, pik\u00eb. Ai nuk duhet t\u00eb favorizoj\u00eb ask\u00ebnd n\u00eb nj\u00eb m\u00ebnyr\u00eb apo tjet\u00ebr\u201d, u tha gazetar\u00ebve z\u00ebdh\u00ebn\u00ebsi i K\u00ebshillit t\u00eb Siguris\u00eb Komb\u00ebtare, John Kirby.<\/p>\n<p>\u201cT\u00eb vetmit njer\u00ebz q\u00eb duhet t\u00eb p\u00ebrcaktojn\u00eb se kush \u00ebsht\u00eb presidenti i ardhsh\u00ebm i Shteteve t\u00eb Bashkuara \u00ebsht\u00eb populli amerikan dhe ne do ta vler\u00ebsonim shum\u00eb n\u00ebse Putin do t\u00eb p\u00ebrgjigjej: t\u00eb ndaloj\u00eb s\u00eb foluri p\u00ebr zgjedhjet tona dhe t\u00eb ndaloj\u00eb s\u00eb nd\u00ebrhyri n\u00eb to\u201d, shtoi ai.<\/p>\n<p>Duke folur n\u00eb nj\u00eb forum ekonomik n\u00eb Rusi, Putin thuhet se tha me nj\u00eb buz\u00ebqeshje: \u201cUn\u00eb thash\u00eb se \u2018i preferuari\u2019 yn\u00eb, n\u00ebse mund t\u00eb them k\u00ebshtu, ishte presidenti aktual Biden. Ai u hoq nga gara, por ai rekomandoi q\u00eb t\u00eb gjith\u00eb mb\u00ebshtet\u00ebsit e tij mb\u00ebshtesin Harris, k\u00ebshtu q\u00eb ne do t\u00eb b\u00ebjm\u00eb t\u00eb nj\u00ebjt\u00ebn gj\u00eb, ne do ta mb\u00ebshtesim at\u00eb\u201d.<\/p>\n<p>\t\t<i><\/i><ins data-dcm-landing-page-escapes=\"0\" data-dcm-click-tracker=\"https:\/\/track.adform.net\/C\/?bn=73199340;adfibeg=0;cdata=wY0ZHC8ypbQniOq3Sj8hschgQeJ3VY4zU1bO9ulaUP_iCMviXuI_n4RPYRHBxkqVPVtGasWBO2DsQ97SqeB3vafpodL8HlhSS5QNXFy9YSXxjmdMEY9WqD7eKsUQLet9dO-UMsCLM2opnkTpCdy6-w2;;CREFURL=https%3a%2f%2feuro-pixel.com%2ftest.php;C=1;cpdir=\" class=\"dcmads\" data-dcm-placement=\"N571601.4773204ALBANIANPOST.COM\/B32392692.399829096\" data-dcm-rendering-mode=\"iframe\" data-dcm-https-only=\"\" data-dcm-api-frameworks=\"[APIFRAMEWORKS]\" data-dcm-omid-partner=\"[OMIDPARTNER]\" data-dcm-gdpr-applies=\"gdpr=\" data-dcm-gdpr-consent=\"gdpr_consent=\" data-dcm-addtl-consent=\"addtl_consent=${ADDTL_CONSENT}\" data-dcm-ltd=\"false\" data-dcm-resettable-device-id=\"\" data-dcm-app-id=\"\" data-dcm-processed=\"y\"><\/p>\n<p>\t\t<\/ins><\/p>\n<p>Mb\u00ebshtetja e dukshme e Putinit p\u00ebr Harris erdhi disa or\u00eb pasi Departamenti i Drejt\u00ebsis\u00eb njoftoi akuzat t\u00eb m\u00ebrkur\u00ebn kund\u00ebr shtetasve rus\u00eb Kostiantyn Kalashnikov, 31 vje\u00e7 dhe Elena Afanasyeva, 27 vje\u00e7, p\u00ebr komplot p\u00ebr t\u00eb shkelur Aktin e Regjistrimit t\u00eb Agjent\u00ebve t\u00eb Huaj (FARA) dhe komplot p\u00ebr t\u00eb kryer pastrim parash.<\/p>\n<p>Akuzat p\u00ebrqendrohen rreth pretendimeve se dy punonj\u00ebsit e transmetuesit shtet\u00ebror rus RT kan\u00eb derdhur 10 milion\u00eb dollar\u00eb tek ndikuesit n\u00eb internet, t\u00eb cil\u00ebt m\u00eb pas krijuan p\u00ebrmbajtje t\u00eb favorshme p\u00ebr narrativat e Kremlinit.<\/p>\n<p>Agjencit\u00eb e inteligjenc\u00ebs amerikane kan\u00eb paralajm\u00ebruar se n\u00eb disa zgjedhje t\u00eb fundit presidenciale dhe kongrese, Rusia po p\u00ebrpiqej t\u00eb ndikonte n\u00eb rezultatin e tyre.<\/p>\n<p>The post <a rel=\"nofollow\" href=\"https:\/\/albanianpost.com\/shtepia-e-bardhe-i-thote-putinit-te-ndaloje-se-foluri-per-zgjedhjet-e-shba-ve\/\">Sht\u00ebpia e Bardh\u00eb i thot\u00eb Putinit t\u00eb \u2018ndaloj\u00eb s\u00eb foluri\u2019 p\u00ebr zgjedhjet e SHBA-ve<\/a> appeared first on <a rel=\"nofollow\" href=\"https:\/\/albanianpost.com\/\">Albanian Post<\/a>.<\/p>\n","protected":false},"excerpt":{"rendered":"<p>Sht\u00ebpia e Bardh\u00eb i tha presidentit rus Vladimir Putin t\u00eb enjten q\u00eb t\u00eb \u201cndaloj\u00eb\u201d s\u00eb foluri p\u00ebr zgjedhjet e ardhshme presidenciale n\u00eb SHBA, disa or\u00eb pasi ai tha se po mb\u00ebshteste z\u00ebvend\u00ebspresidenten Kamala Harris. \u201cPutini duhet t\u00eb ndaloj\u00eb s\u00eb foluri p\u00ebr zgjedhjet tona, pik\u00eb. Ai nuk duhet t\u00eb favorizoj\u00eb ask\u00ebnd n\u00eb nj\u00eb m\u00ebnyr\u00eb apo tjet\u00ebr\u201d, [&hellip;]<\/p>\n","protected":false},"author":1,"featured_media":8811,"comment_status":"open","ping_status":"open","sticky":false,"template":"","format":"standard","meta":{"footnotes":""},"categories":[1],"tags":[],"class_list":["post-8810","post","type-post","status-publish","format-standard","has-post-thumbnail","hentry","category-uncategorized"],"_links":{"self":[{"href":"https:\/\/radiogjilani.com\/index.php\/wp-json\/wp\/v2\/posts\/8810","targetHints":{"allow":["GET"]}}],"collection":[{"href":"https:\/\/radiogjilani.com\/index.php\/wp-json\/wp\/v2\/posts"}],"about":[{"href":"https:\/\/radiogjilani.com\/index.php\/wp-json\/wp\/v2\/types\/post"}],"author":[{"embeddable":true,"href":"https:\/\/radiogjilani.com\/index.php\/wp-json\/wp\/v2\/users\/1"}],"replies":[{"embeddable":true,"href":"https:\/\/radiogjilani.com\/index.php\/wp-json\/wp\/v2\/comments?post=8810"}],"version-history":[{"count":0,"href":"https:\/\/radiogjilani.com\/index.php\/wp-json\/wp\/v2\/posts\/8810\/revisions"}],"wp:featuredmedia":[{"embeddable":true,"href":"https:\/\/radiogjilani.com\/index.php\/wp-json\/wp\/v2\/media\/8811"}],"wp:attachment":[{"href":"https:\/\/radiogjilani.com\/index.php\/wp-json\/wp\/v2\/media?parent=8810"}],"wp:term":[{"taxonomy":"category","embeddable":true,"href":"https:\/\/radiogjilani.com\/index.php\/wp-json\/wp\/v2\/categories?post=8810"},{"taxonomy":"post_tag","embeddable":true,"href":"https:\/\/radiogjilani.com\/index.php\/wp-json\/wp\/v2\/tags?post=8810"}],"curies":[{"name":"wp","href":"https:\/\/api.w.org\/{rel}","templated":true}]}}