{"id":8824,"date":"2024-09-07T01:18:31","date_gmt":"2024-09-07T01:18:31","guid":{"rendered":"https:\/\/radiogjilani.com\/index.php\/2024\/09\/07\/mbyllet-edhe-pika-kufitare-ne-merdare-deri-te-ndalen-veprimet-selektive-e-fashiste\/"},"modified":"2024-09-07T01:18:31","modified_gmt":"2024-09-07T01:18:31","slug":"mbyllet-edhe-pika-kufitare-ne-merdare-deri-te-ndalen-veprimet-selektive-e-fashiste","status":"publish","type":"post","link":"https:\/\/radiogjilani.com\/index.php\/2024\/09\/07\/mbyllet-edhe-pika-kufitare-ne-merdare-deri-te-ndalen-veprimet-selektive-e-fashiste\/","title":{"rendered":"Mbyllet edhe pika kufitare n\u00eb Merdar\u00eb \u201cderi t\u00eb ndalen veprimet selektive e fashiste\u201d"},"content":{"rendered":"<p>Ministri i Pun\u00ebve t\u00eb Brendshme, Xhelal Sve\u00e7la ka njofutar se \u00ebsht\u00eb mbyllur edhe pika kufitare n\u00eb Merdare. Si\u00e7 njoftoi Svecla, kjo pik\u00eb u mbyll \u201cn\u00eb mbrojtje t\u00eb jet\u00ebs dhe p\u00ebr sigurin\u00eb e t\u00eb gjith\u00eb qytetar\u00ebve tan\u00eb\u201d Njoftimi i plot\u00eb: Mbyllet edhe pika kufitare n\u00eb Merdar\u00eb Pas veprimeve t\u00eb njejta t\u00eb ekstremist\u00ebve t\u00eb maskuar serb brenda territorit t\u00eb Serbis\u00eb, q\u00eb po ndalojn\u00eb n\u00eb m\u00ebnyr\u00eb selektive e me qasje&#8230;<\/p>\n<p><a href=\"https:\/\/ekonomiaonline.com\/mbyllet-edhe-pika-kufitare-ne-merdare-deri-te-ndalen-veprimet-selektive-e-fashiste\/\" rel=\"nofollow\">Source<\/a><\/p>\n","protected":false},"excerpt":{"rendered":"<p>Ministri i Pun\u00ebve t\u00eb Brendshme, Xhelal Sve\u00e7la ka njofutar se \u00ebsht\u00eb mbyllur edhe pika kufitare n\u00eb Merdare. Si\u00e7 njoftoi Svecla, kjo pik\u00eb u mbyll \u201cn\u00eb mbrojtje t\u00eb jet\u00ebs dhe p\u00ebr sigurin\u00eb e t\u00eb gjith\u00eb qytetar\u00ebve tan\u00eb\u201d Njoftimi i plot\u00eb: Mbyllet edhe pika kufitare n\u00eb Merdar\u00eb Pas veprimeve t\u00eb njejta t\u00eb ekstremist\u00ebve t\u00eb maskuar serb brenda [&hellip;]<\/p>\n","protected":false},"author":1,"featured_media":8825,"comment_status":"open","ping_status":"open","sticky":false,"template":"","format":"standard","meta":{"footnotes":""},"categories":[19],"tags":[],"class_list":["post-8824","post","type-post","status-publish","format-standard","has-post-thumbnail","hentry","category-eko"],"_links":{"self":[{"href":"https:\/\/radiogjilani.com\/index.php\/wp-json\/wp\/v2\/posts\/8824","targetHints":{"allow":["GET"]}}],"collection":[{"href":"https:\/\/radiogjilani.com\/index.php\/wp-json\/wp\/v2\/posts"}],"about":[{"href":"https:\/\/radiogjilani.com\/index.php\/wp-json\/wp\/v2\/types\/post"}],"author":[{"embeddable":true,"href":"https:\/\/radiogjilani.com\/index.php\/wp-json\/wp\/v2\/users\/1"}],"replies":[{"embeddable":true,"href":"https:\/\/radiogjilani.com\/index.php\/wp-json\/wp\/v2\/comments?post=8824"}],"version-history":[{"count":0,"href":"https:\/\/radiogjilani.com\/index.php\/wp-json\/wp\/v2\/posts\/8824\/revisions"}],"wp:featuredmedia":[{"embeddable":true,"href":"https:\/\/radiogjilani.com\/index.php\/wp-json\/wp\/v2\/media\/8825"}],"wp:attachment":[{"href":"https:\/\/radiogjilani.com\/index.php\/wp-json\/wp\/v2\/media?parent=8824"}],"wp:term":[{"taxonomy":"category","embeddable":true,"href":"https:\/\/radiogjilani.com\/index.php\/wp-json\/wp\/v2\/categories?post=8824"},{"taxonomy":"post_tag","embeddable":true,"href":"https:\/\/radiogjilani.com\/index.php\/wp-json\/wp\/v2\/tags?post=8824"}],"curies":[{"name":"wp","href":"https:\/\/api.w.org\/{rel}","templated":true}]}}