{"id":8868,"date":"2024-09-08T01:18:24","date_gmt":"2024-09-08T01:18:24","guid":{"rendered":"https:\/\/radiogjilani.com\/index.php\/2024\/09\/08\/evropa-duhet-te-kete-kujdes-nga-tundimet-e-teknokracise\/"},"modified":"2024-09-08T01:18:24","modified_gmt":"2024-09-08T01:18:24","slug":"evropa-duhet-te-kete-kujdes-nga-tundimet-e-teknokracise","status":"publish","type":"post","link":"https:\/\/radiogjilani.com\/index.php\/2024\/09\/08\/evropa-duhet-te-kete-kujdes-nga-tundimet-e-teknokracise\/","title":{"rendered":"Evropa duhet t\u00eb ket\u00eb kujdes nga tundimet e teknokracis\u00eb"},"content":{"rendered":"<p>Shikoni gjendjen e politik\u00ebs evropiane sot dhe do t\u2019ju shfaqet nj\u00eb peizazh i eg\u00ebr.<\/p>\n<p>Franca ngeci me nj\u00eb qeveri t\u00eb p\u00ebrkohshme p\u00ebr dy muaj pas zgjedhjeve legjislative t\u00eb cilat asnj\u00eb parti nuk i fitoi me vendosm\u00ebri.<\/p>\n<p>N\u00eb Gjermani, e djathta ekstreme doli n\u00eb krye n\u00eb nj\u00eb seri zgjedhjesh shtet\u00ebrore m\u00eb 1 shtator; Kancelari, Olaf Scholz, duket i destinuar p\u00ebr humbje n\u00eb nj\u00eb votim mbar\u00ebkomb\u00ebtar vitin e ardhsh\u00ebm.<\/p>\n<p>Sa m\u00eb pak t\u00eb flitet p\u00ebr Hungarin\u00eb dhe kryeministrin e saj t\u00eb fort\u00eb, Viktor Orban, aq m\u00eb mir\u00eb.<\/p>\n<p>\t\t<i><\/i><ins data-dcm-landing-page-escapes=\"0\" data-dcm-click-tracker=\"https:\/\/track.adform.net\/C\/?bn=73199340;adfibeg=0;cdata=wY0ZHC8ypbQniOq3Sj8hschgQeJ3VY4zU1bO9ulaUP_iCMviXuI_n4RPYRHBxkqVPVtGasWBO2DsQ97SqeB3vafpodL8HlhSS5QNXFy9YSXxjmdMEY9WqD7eKsUQLet9dO-UMsCLM2opnkTpCdy6-w2;;CREFURL=https%3a%2f%2feuro-pixel.com%2ftest.php;C=1;cpdir=\" class=\"dcmads\" data-dcm-placement=\"N571601.4773204ALBANIANPOST.COM\/B32392692.399829096\" data-dcm-rendering-mode=\"iframe\" data-dcm-https-only=\"\" data-dcm-api-frameworks=\"[APIFRAMEWORKS]\" data-dcm-omid-partner=\"[OMIDPARTNER]\" data-dcm-gdpr-applies=\"gdpr=\" data-dcm-gdpr-consent=\"gdpr_consent=\" data-dcm-addtl-consent=\"addtl_consent=${ADDTL_CONSENT}\" data-dcm-ltd=\"false\" data-dcm-resettable-device-id=\"\" data-dcm-app-id=\"\" data-dcm-processed=\"y\"><\/p>\n<p>\t\t<\/ins><\/p>\n<p>Koalicionet e formuara nga partit\u00eb me shum\u00eb pak t\u00eb p\u00ebrbashk\u00ebta mbajn\u00eb qeverit\u00eb me shumic\u00eb t\u00eb dob\u00ebt n\u00eb pushtet, nga Spanja n\u00eb Holand\u00eb.<\/p>\n<p>Dhe pastaj \u00ebsht\u00eb Belgjika, nj\u00eb vend ku politikan\u00ebt b\u00ebjn\u00eb pazare p\u00ebr nj\u00eb vit ose m\u00eb shum\u00eb p\u00ebrpara se t\u00eb formojn\u00eb nj\u00eb qeveri (num\u00ebrimi aktual: 88 dit\u00eb).<\/p>\n<p>Nj\u00eb pjes\u00eb e hijeshis\u00eb s\u00eb demokracis\u00eb \u00ebsht\u00eb \u00e7rregullt\u00ebsia, por Evropa e ka ngritur n\u00eb qiell k\u00ebt\u00eb kaos.<\/p>\n<p>Edhe n\u00eb mes t\u00eb trazirave t\u00eb shkaktuara nga votimet, n\u00eb nj\u00eb cep t\u00eb Evrop\u00ebs veriore, nj\u00eb pjes\u00eb e makin\u00ebs qeveritare t\u00eb kontinentit vazhdon t\u00eb l\u00ebkundet.<\/p>\n<p>Nj\u00eb list\u00eb e re prej 27 komisioner\u00ebsh evropian\u00eb po grumbullohet aktualisht n\u00eb Bruksel, me detyra t\u00eb reja q\u00eb pritet t\u00eb b\u00ebhen publike n\u00eb dit\u00ebt n\u00eb vijim.<\/p>\n<p>Nga politika e migracionit te tregtia, rregullimi i teknologjis\u00eb, forcimi i mbrojtjes evropiane, monitorimi i financave komb\u00ebtare, hartimi i rregullave t\u00eb gjelbra dhe shum\u00eb m\u00eb tep\u00ebr, disa aspekte t\u00eb jet\u00ebs n\u00eb bllok jan\u00eb p\u00ebrtej fush\u00ebveprimit t\u00eb gjigantit ekzekutiv t\u00eb Bashkimit Evropian.<\/p>\n<p>Qasja teknokratike favorizon pyetjet rreth llogaridh\u00ebnies demokratike.<\/p>\n<p>Marshimi i teknokrat\u00ebve evropian\u00eb \u00ebsht\u00eb kryesisht p\u00ebr shkak t\u00eb zhvendosjes s\u00eb \u201ckompetencave\u201d nga 27 vendet e tij an\u00ebtare drejt BE-s\u00eb.<\/p>\n<p>Dikur nj\u00eb union tregtar i qymyrit dhe \u00e7elikut, BE \u00ebsht\u00eb shnd\u00ebrruar n\u00eb nj\u00eb qeveri, p\u00ebrve\u00e7 emrit.<\/p>\n<p>Shpesh kjo nuk \u00ebsht\u00eb gj\u00eb e keqe: do t\u00eb ishte absurde q\u00eb dy shum\u00eb vende fqinje t\u00eb ken\u00eb secila objektivat e veta t\u00eb dekarbonizimit, p\u00ebr shembull.<\/p>\n<p>Nd\u00ebrsa Evropa ka luftuar nj\u00eb s\u00ebr\u00eb krizash, nga COVID-19 tek lufta n\u00eb Ukrain\u00eb, teknokrat\u00ebt e Brukselit kan\u00eb grumbulluar m\u00eb shum\u00eb ndikim.<\/p>\n<p>Nj\u00eb pjes\u00eb n\u00eb rritje e buxhetit t\u00eb BE-s\u00eb u shp\u00ebrndahet vendeve q\u00eb plot\u00ebsojn\u00eb kushtet e p\u00ebrcaktuara nga eurokrat\u00ebt, qoft\u00eb reformimi i gjykatave apo ligjet e pun\u00ebs.<\/p>\n<p>N\u00eb teori, n\u00ebse jo n\u00eb praktik\u00eb, rregullat e bllokut kufizojn\u00eb d\u00ebshir\u00ebn e natyrshme t\u00eb qeverive komb\u00ebtare p\u00ebr t\u00eb drejtuar deficite buxhetore pa fund, p\u00ebr shembull.<\/p>\n<p>M\u00eb 9 shtator, Mario Draghi, nj\u00eb ish-shefi i Bank\u00ebs Qendrore Evropiane, pritet t\u00eb zbuloj\u00eb nj\u00eb raport se si t\u00eb ringjallet ekonomia sklerotike e bllokut.<\/p>\n<p>I p\u00ebrfolur se do t\u00eb dal\u00eb n\u00eb 400 faqe, ai tashm\u00eb po trajtohet si nj\u00eb plan orkular p\u00ebr at\u00eb q\u00eb qeverit\u00eb duhet t\u00eb b\u00ebjn\u00eb p\u00ebr t\u00eb q\u00ebndruar n\u00eb hiret e mira t\u00eb BE-s\u00eb.<\/p>\n<p>Pa dyshim q\u00eb raporti i Draghit \u2013 dekretet e t\u00eb cilit do t\u00eb futen n\u00eb dokumentet e pun\u00ebs s\u00eb komisioner\u00ebve t\u00eb ardhsh\u00ebm \u2013 do t\u00eb jet\u00eb plot kuptim.<\/p>\n<p>Por kush vendos n\u00ebse \u00ebsht\u00eb k\u00ebshtu?<\/p>\n<p>Politikan\u00ebt duhet t\u00eb shqet\u00ebsohen se si do t\u00eb luajn\u00eb politikat e tyre n\u00eb kutin\u00eb e votimit.<\/p>\n<p>Si kryeteknokrati i fundit i BE-s\u00eb, kjo nuk e shqet\u00ebson Draghin.<\/p>\n<p>Koha e raportit, e p\u00ebrgatitur kryesisht m\u00eb par\u00eb, por e publikuar menj\u00ebher\u00eb pas zgjedhjeve evropiane, n\u00eb t\u00eb cilat rekomandimet e tij nuk u shfaq\u00ebn, \u00ebsht\u00eb p\u00ebr t\u00eb ardhur keq.<\/p>\n<p>Raporti do t\u2019i jap\u00eb forc\u00eb pretendimeve se BE-ja \u00ebsht\u00eb e pap\u00ebrgjegjshme ndaj votuesve.<\/p>\n<p>Kjo pik\u00eb shpesh \u00ebsht\u00eb e ekzagjeruar.<\/p>\n<p>Teknokracia ka fituar nj\u00eb terren edhe n\u00eb nivel komb\u00ebtar.<\/p>\n<p>Politika evropiane \u00ebsht\u00eb b\u00ebr\u00eb m\u00eb e rr\u00ebmujshme.<\/p>\n<p>Ka ikur koha e dy partive t\u00eb m\u00ebdha q\u00eb nxor\u00ebn zgjedhjet me nj\u00eb fitues t\u00eb qart\u00eb.<\/p>\n<p>Tani ka deri n\u00eb 12-t\u00eb duke p\u00ebrfshir\u00eb t\u00eb gjelb\u00ebrit, liberal\u00ebt dhe nacionalist\u00ebt gjithashtu.<\/p>\n<p>Kompromisi i k\u00ebrkuar p\u00ebr t\u00eb krijuar aleanca \u00ebsht\u00eb edhe m\u00eb i pakapsh\u00ebm.<\/p>\n<p>N\u00eb ng\u00ebr\u00e7in q\u00eb pasoi, zgjidhja p\u00ebr nj\u00eb ekspert t\u00eb pakontestuesh\u00ebm \u00ebsht\u00eb shpesh zgjidhja e vetme e dukshme.<\/p>\n<p><em>Marr\u00eb nga The Economist, p\u00ebrshtatur p\u00ebr Albanian Post\u00a0<\/em><\/p>\n<p>The post <a href=\"https:\/\/albanianpost.com\/evropa-duhet-te-kete-kujdes-nga-tundimet-e-teknokracise\/\">Evropa duhet t\u00eb ket\u00eb kujdes nga tundimet e teknokracis\u00eb<\/a> appeared first on <a href=\"https:\/\/albanianpost.com\/\">Albanian Post<\/a>.<\/p>\n","protected":false},"excerpt":{"rendered":"<p>Shikoni gjendjen e politik\u00ebs evropiane sot dhe do t\u2019ju shfaqet nj\u00eb peizazh i eg\u00ebr. Franca ngeci me nj\u00eb qeveri t\u00eb p\u00ebrkohshme p\u00ebr dy muaj pas zgjedhjeve legjislative t\u00eb cilat asnj\u00eb parti nuk i fitoi me vendosm\u00ebri. N\u00eb Gjermani, e djathta ekstreme doli n\u00eb krye n\u00eb nj\u00eb seri zgjedhjesh shtet\u00ebrore m\u00eb 1 shtator; Kancelari, Olaf Scholz, [&hellip;]<\/p>\n","protected":false},"author":1,"featured_media":8869,"comment_status":"open","ping_status":"open","sticky":false,"template":"","format":"standard","meta":{"footnotes":""},"categories":[1],"tags":[],"class_list":["post-8868","post","type-post","status-publish","format-standard","has-post-thumbnail","hentry","category-uncategorized"],"_links":{"self":[{"href":"https:\/\/radiogjilani.com\/index.php\/wp-json\/wp\/v2\/posts\/8868","targetHints":{"allow":["GET"]}}],"collection":[{"href":"https:\/\/radiogjilani.com\/index.php\/wp-json\/wp\/v2\/posts"}],"about":[{"href":"https:\/\/radiogjilani.com\/index.php\/wp-json\/wp\/v2\/types\/post"}],"author":[{"embeddable":true,"href":"https:\/\/radiogjilani.com\/index.php\/wp-json\/wp\/v2\/users\/1"}],"replies":[{"embeddable":true,"href":"https:\/\/radiogjilani.com\/index.php\/wp-json\/wp\/v2\/comments?post=8868"}],"version-history":[{"count":0,"href":"https:\/\/radiogjilani.com\/index.php\/wp-json\/wp\/v2\/posts\/8868\/revisions"}],"wp:featuredmedia":[{"embeddable":true,"href":"https:\/\/radiogjilani.com\/index.php\/wp-json\/wp\/v2\/media\/8869"}],"wp:attachment":[{"href":"https:\/\/radiogjilani.com\/index.php\/wp-json\/wp\/v2\/media?parent=8868"}],"wp:term":[{"taxonomy":"category","embeddable":true,"href":"https:\/\/radiogjilani.com\/index.php\/wp-json\/wp\/v2\/categories?post=8868"},{"taxonomy":"post_tag","embeddable":true,"href":"https:\/\/radiogjilani.com\/index.php\/wp-json\/wp\/v2\/tags?post=8868"}],"curies":[{"name":"wp","href":"https:\/\/api.w.org\/{rel}","templated":true}]}}