{"id":8928,"date":"2024-09-09T01:22:03","date_gmt":"2024-09-09T01:22:03","guid":{"rendered":"https:\/\/radiogjilani.com\/index.php\/2024\/09\/09\/cfare-thone-yjet-e-horoskopit-shenja-me-me-fat\/"},"modified":"2024-09-09T01:22:03","modified_gmt":"2024-09-09T01:22:03","slug":"cfare-thone-yjet-e-horoskopit-shenja-me-me-fat","status":"publish","type":"post","link":"https:\/\/radiogjilani.com\/index.php\/2024\/09\/09\/cfare-thone-yjet-e-horoskopit-shenja-me-me-fat\/","title":{"rendered":"\u00c7far\u00eb thon\u00eb yjet e horoskopit: Shenja m\u00eb me fat"},"content":{"rendered":"<p><strong>Pak jav\u00eb m\u00eb par\u00eb, Alisa dhe Urimi dhan\u00eb lajmin e bukur.<\/strong><\/p>\n<p>\u00c7ifti i njohur po b\u00ebhen prind\u00ebr p\u00ebr her\u00eb t\u00eb par\u00eb, pas vitesh bashk\u00eb!<\/p>\n<p>Alisa ka qen\u00eb goxha e hapur p\u00ebr t\u00eb ndar\u00eb cop\u00ebza nga p\u00ebrditshm\u00ebria e saj p\u00ebrgjat\u00eb pritjes s\u00eb \u00ebmb\u00ebl.<\/p>\n<p>Nj\u00eb nga momentet m\u00eb t\u00eb ve\u00e7anta, ajo e ka ndar\u00eb s\u00eb fundmi n\u00eb rrjete sociale.<\/p>\n<p>Alisa ka xhiruar momentin kur i kumton lajmin gjyshes s\u00eb saj.<\/p>\n<p>Kjo e fundit fillimisht nuk beson duke menduar se b\u00ebhet fjal\u00eb p\u00ebr nj\u00eb rreng mir\u00ebpo pastaj g\u00ebzohet tejmase.<\/p>\n<p>\u00a0<\/p>\n<blockquote class=\"instagram-media\" data-instgrm-captioned=\"\" data-instgrm-permalink=\"https:\/\/www.instagram.com\/reel\/C_nLyrvtuZf\/?utm_source=ig_embed&#038;utm_campaign=loading\" data-instgrm-version=\"14\">\n<div>\n<p>\u00a0<\/p>\n<div>\n<div><\/div>\n<div>\n<div><\/div>\n<div><\/div>\n<\/div>\n<\/div>\n<div><\/div>\n<div><\/div>\n<div>\n<div>View this post on Instagram<\/div>\n<\/div>\n<div><\/div>\n<div>\n<div>\n<div><\/div>\n<div><\/div>\n<div><\/div>\n<\/div>\n<div>\n<div><\/div>\n<div><\/div>\n<\/div>\n<div>\n<div><\/div>\n<div><\/div>\n<div><\/div>\n<\/div>\n<\/div>\n<div>\n<div><\/div>\n<div><\/div>\n<\/div>\n<p>\u00a0<\/p>\n<p><a href=\"https:\/\/www.instagram.com\/reel\/C_nLyrvtuZf\/?utm_source=ig_embed&#038;utm_campaign=loading\" target=\"_blank\" rel=\"noopener\">A post shared by Alisa Maloku (@aliissaaax)<\/a><\/p>\n<\/div>\n<\/blockquote>\n<ul class=\"op-related-articles\" title=\"Showtime\">\n<li><a href=\"https:\/\/gazetablic.com\/lotina-i-shkon-per-vizite-familjes-se-mozzikut-per-ditelindjen-e-vjehrres\/\"><\/a><\/li>\n<li><a href=\"https:\/\/gazetablic.com\/dhurata-dhe-urimi-i-erolldit-per-ditelindjen-e-dioles\/\"><\/a><\/li>\n<li><a href=\"https:\/\/gazetablic.com\/si-besohet-momenti-kur-alisa-i-tregon-gjyshes-qe-eshte-shtatzene\/\"><\/a><\/li>\n<\/ul>\n<p>The post <a rel=\"nofollow\" href=\"https:\/\/gazetablic.com\/si-besohet-momenti-kur-alisa-i-tregon-gjyshes-qe-eshte-shtatzene\/\">S\u2019i besohet, momenti kur Alisa i tregon gjyshes q\u00eb \u00ebsht\u00eb shtatz\u00ebn\u00eb<\/a> appeared first on <a rel=\"nofollow\" href=\"https:\/\/gazetablic.com\/\">GazetaBlic<\/a>.<\/p>\n","protected":false},"excerpt":{"rendered":"<p>Pak jav\u00eb m\u00eb par\u00eb, Alisa dhe Urimi dhan\u00eb lajmin e bukur. \u00c7ifti i njohur po b\u00ebhen prind\u00ebr p\u00ebr her\u00eb t\u00eb par\u00eb, pas vitesh bashk\u00eb! Alisa ka qen\u00eb goxha e hapur p\u00ebr t\u00eb ndar\u00eb cop\u00ebza nga p\u00ebrditshm\u00ebria e saj p\u00ebrgjat\u00eb pritjes s\u00eb \u00ebmb\u00ebl. Nj\u00eb nga momentet m\u00eb t\u00eb ve\u00e7anta, ajo e ka ndar\u00eb s\u00eb fundmi n\u00eb [&hellip;]<\/p>\n","protected":false},"author":1,"featured_media":8929,"comment_status":"open","ping_status":"open","sticky":false,"template":"","format":"standard","meta":{"footnotes":""},"categories":[22],"tags":[],"class_list":["post-8928","post","type-post","status-publish","format-standard","has-post-thumbnail","hentry","category-showbiz"],"_links":{"self":[{"href":"https:\/\/radiogjilani.com\/index.php\/wp-json\/wp\/v2\/posts\/8928","targetHints":{"allow":["GET"]}}],"collection":[{"href":"https:\/\/radiogjilani.com\/index.php\/wp-json\/wp\/v2\/posts"}],"about":[{"href":"https:\/\/radiogjilani.com\/index.php\/wp-json\/wp\/v2\/types\/post"}],"author":[{"embeddable":true,"href":"https:\/\/radiogjilani.com\/index.php\/wp-json\/wp\/v2\/users\/1"}],"replies":[{"embeddable":true,"href":"https:\/\/radiogjilani.com\/index.php\/wp-json\/wp\/v2\/comments?post=8928"}],"version-history":[{"count":0,"href":"https:\/\/radiogjilani.com\/index.php\/wp-json\/wp\/v2\/posts\/8928\/revisions"}],"wp:featuredmedia":[{"embeddable":true,"href":"https:\/\/radiogjilani.com\/index.php\/wp-json\/wp\/v2\/media\/8929"}],"wp:attachment":[{"href":"https:\/\/radiogjilani.com\/index.php\/wp-json\/wp\/v2\/media?parent=8928"}],"wp:term":[{"taxonomy":"category","embeddable":true,"href":"https:\/\/radiogjilani.com\/index.php\/wp-json\/wp\/v2\/categories?post=8928"},{"taxonomy":"post_tag","embeddable":true,"href":"https:\/\/radiogjilani.com\/index.php\/wp-json\/wp\/v2\/tags?post=8928"}],"curies":[{"name":"wp","href":"https:\/\/api.w.org\/{rel}","templated":true}]}}