{"id":8958,"date":"2024-09-10T02:21:44","date_gmt":"2024-09-10T02:21:44","guid":{"rendered":"https:\/\/radiogjilani.com\/index.php\/2024\/09\/10\/hong-kong-u-refuzon-hyrjen-per-aktivistin-gjerman-qe-shkoi-ne-kine\/"},"modified":"2024-09-10T02:21:44","modified_gmt":"2024-09-10T02:21:44","slug":"hong-kong-u-refuzon-hyrjen-per-aktivistin-gjerman-qe-shkoi-ne-kine","status":"publish","type":"post","link":"https:\/\/radiogjilani.com\/index.php\/2024\/09\/10\/hong-kong-u-refuzon-hyrjen-per-aktivistin-gjerman-qe-shkoi-ne-kine\/","title":{"rendered":"Hong Kong-u refuzon hyrjen p\u00ebr aktivistin gjerman q\u00eb shkoi n\u00eb Kin\u00eb"},"content":{"rendered":"<p>Nj\u00eb aktivisti politik gjerman iu mohua hyrja n\u00eb Hong Kong nga Kina kontinentale, nj\u00eb rast i rrall\u00eb kur politika e imigracionit dukej m\u00eb kufizuese n\u00eb qendr\u00ebn e financave dikur t\u00eb lir\u00eb se pjesa tjet\u00ebr e vendit.<\/p>\n<p>K\u00ebshtu shkruan n\u00eb artikullin e saj, kompania mediatike \u201cBloomberg\u201d.<\/p>\n<p>David Missal, nj\u00eb avokat me baz\u00eb n\u00eb Berlin p\u00ebr \u00e7\u00ebshtjet e Hong Kong-ut dhe Tibet-it, po udh\u00ebtonte nga Pekin-i p\u00ebr n\u00eb ish-kolonin\u00eb britanike p\u00ebr nj\u00eb pushim kur autoritetet n\u00eb aeroport e ndaluan dhe e mor\u00ebn n\u00eb pyetje p\u00ebr rreth 13 or\u00eb, zbuloi ai t\u00eb h\u00ebn\u00ebn.<\/p>\n<p>Missal bashk\u00ebthemeloi nj\u00eb grup jofitimprur\u00ebs q\u00eb mbron nj\u00eb Hong Kong \u201ct\u00eb lir\u00eb dhe demokratik\u201d dhe aktualisht punon p\u00ebr \u201cTibet Initiative Deutschland\u201d, e cila b\u00ebn fushat\u00eb p\u00ebr vet\u00ebvendosjen e rajonit kinez.<\/p>\n<p>\t\t<i><\/i><ins data-dcm-landing-page-escapes=\"0\" data-dcm-click-tracker=\"https:\/\/track.adform.net\/C\/?bn=73199340;adfibeg=0;cdata=wY0ZHC8ypbQniOq3Sj8hschgQeJ3VY4zU1bO9ulaUP_iCMviXuI_n4RPYRHBxkqVPVtGasWBO2DsQ97SqeB3vafpodL8HlhSS5QNXFy9YSXxjmdMEY9WqD7eKsUQLet9dO-UMsCLM2opnkTpCdy6-w2;;CREFURL=https%3a%2f%2feuro-pixel.com%2ftest.php;C=1;cpdir=\" class=\"dcmads\" data-dcm-placement=\"N571601.4773204ALBANIANPOST.COM\/B32392692.399829096\" data-dcm-rendering-mode=\"iframe\" data-dcm-https-only=\"\" data-dcm-api-frameworks=\"[APIFRAMEWORKS]\" data-dcm-omid-partner=\"[OMIDPARTNER]\" data-dcm-gdpr-applies=\"gdpr=\" data-dcm-gdpr-consent=\"gdpr_consent=\" data-dcm-addtl-consent=\"addtl_consent=${ADDTL_CONSENT}\" data-dcm-ltd=\"false\" data-dcm-resettable-device-id=\"\" data-dcm-app-id=\"\" data-dcm-processed=\"y\"><\/p>\n<p>\t\t<\/ins><\/p>\n<p>Pekin-i zyrtar e ka lidhur nj\u00eb avokim t\u00eb till\u00eb me thirrjet p\u00ebr shk\u00ebputje.<\/p>\n<p>Refuzimi erdhi disa muaj pasi Hong Kong-u bllokoi hyrjen e nj\u00eb p\u00ebrfaq\u00ebsuesi t\u00eb Reporter\u00ebve pa Kufij p\u00ebr t\u00eb monitoruar gjyqin e ish-manjatit t\u00eb medias Jimmy Lai, i cili \u00ebsht\u00eb akuzuar p\u00ebr rrezikim t\u00eb siguris\u00eb komb\u00ebtare.<\/p>\n<p>N\u00eb t\u00eb dyja rastet, autoritetet nuk shpjeguan vendimet e tyre.<\/p>\n<p>Mohimi i hyrjes p\u00ebr njer\u00ebzit e lidhur me grupet e t\u00eb drejtave t\u00eb njeriut ka nxitur kritika nga qeverit\u00eb per\u00ebndimore p\u00ebr tkurrjen e lirive q\u00eb e kan\u00eb ve\u00e7uar qytetin prej koh\u00ebsh nga kontinenti.<\/p>\n<p>Autoritetet amerikane l\u00ebshuan jav\u00ebn e kaluar \u200b\u200bnj\u00eb paralajm\u00ebrim k\u00ebshillues se bizneset q\u00eb operojn\u00eb n\u00eb Hong Kong mund t\u00eb bien n\u00eb kund\u00ebrshtim me legjislacionin e ri t\u00eb siguris\u00eb komb\u00ebtare, n\u00eb nj\u00eb njoftim q\u00eb qeveria e qytetit e hodhi posht\u00eb si \u201ct\u00eb g\u00ebnjesht\u00ebrta dhe t\u00eb pav\u00ebrteta\u201d.<\/p>\n<p>Missal, i diplomuar p\u00ebr master n\u00eb Universitetin e Hong Kong-ut, tha se ai zbarkoi n\u00eb mbr\u00ebmjen e von\u00eb t\u00eb s\u00eb shtun\u00ebs dhe u mor n\u00eb pyetje n\u00eb nj\u00eb dhom\u00eb pa dritare nga rreth mesnata deri pas mesdit\u00ebs.<\/p>\n<p>Ai nuk ishte n\u00eb gjendje t\u00eb flinte dhe e quajti p\u00ebrvoj\u00ebn \u201cpak shqet\u00ebsuese nga ana emocionale\u201d.<\/p>\n<p>Oficer\u00ebt e pyet\u00ebn Missal-in p\u00ebr pun\u00ebn e tij, \u00e7far\u00eb planifikonte t\u00eb b\u00ebnte n\u00eb Hong Kong, studimet e tij t\u00eb kaluara n\u00eb qytet dhe n\u00eb Kin\u00eb.<\/p>\n<p>Ata pyet\u00ebn edhe p\u00ebr d\u00ebbimin e tij nga kontinenti. N\u00eb vitin 2018, autoritetet refuzuan t\u00eb rinovonin viz\u00ebn studentore t\u00eb Missal-it pasi ai paraqiti nj\u00eb projekt mbi t\u00eb drejtat e njeriut gjat\u00eb programit t\u00eb tij master n\u00eb Universitetin Tsinghua n\u00eb Pekin, shtoi Missal.<\/p>\n<p>Autoritetet e Hong Kong-ut cituan vet\u00ebm \u201carsye imigrimi\u201d p\u00ebr refuzimin e hyrjes p\u00ebrpara se ta lejonin t\u00eb fluturonte p\u00ebr n\u00eb Vietnam, n\u00ebnvizoi aktivisti.<\/p>\n<p>Ai tha se mund t\u00eb lidhej me pun\u00ebn e tij n\u00eb Iniciativ\u00ebn e Tibetit, d\u00ebbimin e tij t\u00eb m\u00ebparsh\u00ebm nga Kina ose aktivizmin e tij t\u00eb m\u00ebparsh\u00ebm n\u00eb lidhje me Hong Kong-un.<\/p>\n<p>Missal tha se oficer\u00ebt nuk ia hoq\u00ebn telefonin dhe ai kontaktoi konsullat\u00ebn gjermane n\u00eb Hong Kong p\u00ebr k\u00ebshilla rreth gjasht\u00eb or\u00eb pas marrjes n\u00eb pyetje.<\/p>\n<p>The post <a href=\"https:\/\/albanianpost.com\/hong-kong-u-refuzon-hyrjen-per-aktivistin-gjerman-qe-shkoi-ne-kine\/\">Hong Kong-u refuzon hyrjen p\u00ebr aktivistin gjerman q\u00eb shkoi n\u00eb Kin\u00eb<\/a> appeared first on <a href=\"https:\/\/albanianpost.com\/\">Albanian Post<\/a>.<\/p>\n","protected":false},"excerpt":{"rendered":"<p>Nj\u00eb aktivisti politik gjerman iu mohua hyrja n\u00eb Hong Kong nga Kina kontinentale, nj\u00eb rast i rrall\u00eb kur politika e imigracionit dukej m\u00eb kufizuese n\u00eb qendr\u00ebn e financave dikur t\u00eb lir\u00eb se pjesa tjet\u00ebr e vendit. K\u00ebshtu shkruan n\u00eb artikullin e saj, kompania mediatike \u201cBloomberg\u201d. David Missal, nj\u00eb avokat me baz\u00eb n\u00eb Berlin p\u00ebr \u00e7\u00ebshtjet [&hellip;]<\/p>\n","protected":false},"author":1,"featured_media":8959,"comment_status":"open","ping_status":"open","sticky":false,"template":"","format":"standard","meta":{"footnotes":""},"categories":[1],"tags":[],"class_list":["post-8958","post","type-post","status-publish","format-standard","has-post-thumbnail","hentry","category-uncategorized"],"_links":{"self":[{"href":"https:\/\/radiogjilani.com\/index.php\/wp-json\/wp\/v2\/posts\/8958","targetHints":{"allow":["GET"]}}],"collection":[{"href":"https:\/\/radiogjilani.com\/index.php\/wp-json\/wp\/v2\/posts"}],"about":[{"href":"https:\/\/radiogjilani.com\/index.php\/wp-json\/wp\/v2\/types\/post"}],"author":[{"embeddable":true,"href":"https:\/\/radiogjilani.com\/index.php\/wp-json\/wp\/v2\/users\/1"}],"replies":[{"embeddable":true,"href":"https:\/\/radiogjilani.com\/index.php\/wp-json\/wp\/v2\/comments?post=8958"}],"version-history":[{"count":0,"href":"https:\/\/radiogjilani.com\/index.php\/wp-json\/wp\/v2\/posts\/8958\/revisions"}],"wp:featuredmedia":[{"embeddable":true,"href":"https:\/\/radiogjilani.com\/index.php\/wp-json\/wp\/v2\/media\/8959"}],"wp:attachment":[{"href":"https:\/\/radiogjilani.com\/index.php\/wp-json\/wp\/v2\/media?parent=8958"}],"wp:term":[{"taxonomy":"category","embeddable":true,"href":"https:\/\/radiogjilani.com\/index.php\/wp-json\/wp\/v2\/categories?post=8958"},{"taxonomy":"post_tag","embeddable":true,"href":"https:\/\/radiogjilani.com\/index.php\/wp-json\/wp\/v2\/tags?post=8958"}],"curies":[{"name":"wp","href":"https:\/\/api.w.org\/{rel}","templated":true}]}}