{"id":8960,"date":"2024-09-10T02:21:43","date_gmt":"2024-09-10T02:21:43","guid":{"rendered":"https:\/\/radiogjilani.com\/index.php\/2024\/09\/10\/zgjedhjet-ne-shba-ben-meir-harrisi-sdo-te-ndryshoje-qasjen-rreth-dialogut-trumpi-do-te-ndikohet-nga-pikepamjet-e-putinit\/"},"modified":"2024-09-10T02:21:43","modified_gmt":"2024-09-10T02:21:43","slug":"zgjedhjet-ne-shba-ben-meir-harrisi-sdo-te-ndryshoje-qasjen-rreth-dialogut-trumpi-do-te-ndikohet-nga-pikepamjet-e-putinit","status":"publish","type":"post","link":"https:\/\/radiogjilani.com\/index.php\/2024\/09\/10\/zgjedhjet-ne-shba-ben-meir-harrisi-sdo-te-ndryshoje-qasjen-rreth-dialogut-trumpi-do-te-ndikohet-nga-pikepamjet-e-putinit\/","title":{"rendered":"Zgjedhjet n\u00eb SHBA | Ben-Meir: Harrisi s\u2019do t\u00eb ndryshoj\u00eb qasjen rreth dialogut \u2013 Trumpi do t\u00eb ndikohet nga pik\u00ebpamjet e Putinit"},"content":{"rendered":"<p>Alon Ben-Meir, profesor amerikan n\u00eb pension dhe ekspert i politik\u00ebs ballkanike, ka vler\u00ebsuar se kandidatja nga radh\u00ebt e demokrat\u00ebve n\u00eb gar\u00ebn presidenciale t\u00eb n\u00ebntorit n\u00eb Shtetet e Bashkuara t\u00eb Amerik\u00ebs (SHBA), Kamala Harris, nuk do t\u00eb ndryshoj\u00eb shum\u00eb n\u00eb m\u00ebnyr\u00ebs se si do t\u2019i qaset dialogut p\u00ebr normalizimin e marr\u00ebdh\u00ebnieve t\u00eb acaruara nd\u00ebrmjet Kosov\u00ebs dhe Serbis\u00eb.<\/p>\n<p>Megjithat\u00eb, n\u00eb nj\u00eb artikull autorial kushtuar rrjedhj\u00ebs s\u00eb tensionuar n\u00eb marr\u00ebdh\u00ebniet midis Prishtin\u00ebs dhe Beogradit, ai ka th\u00ebn\u00eb se rikthimi i kandidatit republikan, Donald Trump, n\u00eb krye t\u00eb Sht\u00ebpis\u00eb s\u00eb Bardh\u00eb, mund t\u00eb ket\u00eb pasoja p\u00ebr Kosov\u00ebn, duke marr\u00eb parasysh af\u00ebrsin\u00eb e ish-presidentit me presidentin rus, Vladimir Putin, dhe pozicionin kontravers ndaj Kosov\u00ebs.<\/p>\n<p>\u201cN\u00ebse Harrisi zgjidhet presidente e ardhshme e SHBA-s\u00eb, un\u00eb nuk pres ndonj\u00eb ndryshim t\u00eb duksh\u00ebm n\u00eb politik\u00ebn amerikane n\u00eb lidhje me konfliktin Kosov\u00eb-Serbi. Megjithat\u00eb, n\u00ebse Trumpi rizgjidhet, ai do t\u00eb ndikohet \u2013 n\u00eb nj\u00eb far\u00eb mase \u2013 nga pik\u00ebpamjet e Putinit p\u00ebr Ballkanin Per\u00ebndimor dhe d\u00ebshirat e tij p\u00ebr t\u00eb destabilizuar rajonin\u201d, ka shkruar Ben-Meir n\u00eb nj\u00eb analiz\u00eb.<\/p>\n<p>\u201cTrumpi ka t\u00eb ngjar\u00eb t\u00eb jet\u00eb m\u00eb pak mb\u00ebshtet\u00ebs p\u00ebr pozicionin e Kosov\u00ebs, por jo n\u00eb mas\u00eb sa do t\u00eb ndryshonte politik\u00ebn e p\u00ebrgjithshme t\u00eb SHBA-s\u00eb ndaj Ballkanit dhe angazhimin e SHBA-s\u00eb p\u00ebr pavar\u00ebsin\u00eb e Kosov\u00ebs\u201d, ka shtuar ai.<\/p>\n<p>\t\t<i><\/i><ins data-dcm-landing-page-escapes=\"0\" data-dcm-click-tracker=\"https:\/\/track.adform.net\/C\/?bn=73199340;adfibeg=0;cdata=wY0ZHC8ypbQniOq3Sj8hschgQeJ3VY4zU1bO9ulaUP_iCMviXuI_n4RPYRHBxkqVPVtGasWBO2DsQ97SqeB3vafpodL8HlhSS5QNXFy9YSXxjmdMEY9WqD7eKsUQLet9dO-UMsCLM2opnkTpCdy6-w2;;CREFURL=https%3a%2f%2feuro-pixel.com%2ftest.php;C=1;cpdir=\" class=\"dcmads\" data-dcm-placement=\"N571601.4773204ALBANIANPOST.COM\/B32392692.399829096\" data-dcm-rendering-mode=\"iframe\" data-dcm-https-only=\"\" data-dcm-api-frameworks=\"[APIFRAMEWORKS]\" data-dcm-omid-partner=\"[OMIDPARTNER]\" data-dcm-gdpr-applies=\"gdpr=\" data-dcm-gdpr-consent=\"gdpr_consent=\" data-dcm-addtl-consent=\"addtl_consent=${ADDTL_CONSENT}\" data-dcm-ltd=\"false\" data-dcm-resettable-device-id=\"\" data-dcm-app-id=\"\" data-dcm-processed=\"y\"><\/p>\n<p>\t\t<\/ins><\/p>\n<p>Ndryshe, zgjedhjet presidenciale amerikane vijn\u00eb n\u00eb koh\u00ebn kur Uashingtoni ka shtuar p\u00ebrpjekjet p\u00ebr t\u2019i zbutur tensionet n\u00eb Ballkanin Per\u00ebndimor, posa\u00e7\u00ebrisht nd\u00ebrmjet Kosov\u00ebs dhe Serbis\u00eb. Nd\u00ebrkoh\u00eb, p\u00ebrkund\u00ebr se analist\u00ebt nuk presin q\u00eb politika amerikane ndaj Ballkanit Per\u00ebndimor t\u00eb ndryshoj\u00eb rr\u00ebnj\u00ebsisht, lider\u00ebt rajonal\u00eb kan\u00eb preferencat e tyre p\u00ebr gar\u00ebn presidenciale.<\/p>\n<p>The post <a href=\"https:\/\/albanianpost.com\/zgjedhjet-ne-shba-ben-meir-harrisi-sdo-te-ndryshoje-qasjen-rreth-dialogut-trumpi-do-te-ndikohet-nga-pikepamjet-e-putinit\/\">Zgjedhjet n\u00eb SHBA | Ben-Meir: Harrisi s\u2019do t\u00eb ndryshoj\u00eb qasjen rreth dialogut \u2013 Trumpi do t\u00eb ndikohet nga pik\u00ebpamjet e Putinit<\/a> appeared first on <a href=\"https:\/\/albanianpost.com\/\">Albanian Post<\/a>.<\/p>\n","protected":false},"excerpt":{"rendered":"<p>Alon Ben-Meir, profesor amerikan n\u00eb pension dhe ekspert i politik\u00ebs ballkanike, ka vler\u00ebsuar se kandidatja nga radh\u00ebt e demokrat\u00ebve n\u00eb gar\u00ebn presidenciale t\u00eb n\u00ebntorit n\u00eb Shtetet e Bashkuara t\u00eb Amerik\u00ebs (SHBA), Kamala Harris, nuk do t\u00eb ndryshoj\u00eb shum\u00eb n\u00eb m\u00ebnyr\u00ebs se si do t\u2019i qaset dialogut p\u00ebr normalizimin e marr\u00ebdh\u00ebnieve t\u00eb acaruara nd\u00ebrmjet Kosov\u00ebs dhe [&hellip;]<\/p>\n","protected":false},"author":1,"featured_media":8961,"comment_status":"open","ping_status":"open","sticky":false,"template":"","format":"standard","meta":{"footnotes":""},"categories":[1],"tags":[],"class_list":["post-8960","post","type-post","status-publish","format-standard","has-post-thumbnail","hentry","category-uncategorized"],"_links":{"self":[{"href":"https:\/\/radiogjilani.com\/index.php\/wp-json\/wp\/v2\/posts\/8960","targetHints":{"allow":["GET"]}}],"collection":[{"href":"https:\/\/radiogjilani.com\/index.php\/wp-json\/wp\/v2\/posts"}],"about":[{"href":"https:\/\/radiogjilani.com\/index.php\/wp-json\/wp\/v2\/types\/post"}],"author":[{"embeddable":true,"href":"https:\/\/radiogjilani.com\/index.php\/wp-json\/wp\/v2\/users\/1"}],"replies":[{"embeddable":true,"href":"https:\/\/radiogjilani.com\/index.php\/wp-json\/wp\/v2\/comments?post=8960"}],"version-history":[{"count":0,"href":"https:\/\/radiogjilani.com\/index.php\/wp-json\/wp\/v2\/posts\/8960\/revisions"}],"wp:featuredmedia":[{"embeddable":true,"href":"https:\/\/radiogjilani.com\/index.php\/wp-json\/wp\/v2\/media\/8961"}],"wp:attachment":[{"href":"https:\/\/radiogjilani.com\/index.php\/wp-json\/wp\/v2\/media?parent=8960"}],"wp:term":[{"taxonomy":"category","embeddable":true,"href":"https:\/\/radiogjilani.com\/index.php\/wp-json\/wp\/v2\/categories?post=8960"},{"taxonomy":"post_tag","embeddable":true,"href":"https:\/\/radiogjilani.com\/index.php\/wp-json\/wp\/v2\/tags?post=8960"}],"curies":[{"name":"wp","href":"https:\/\/api.w.org\/{rel}","templated":true}]}}