{"id":8982,"date":"2024-09-11T02:27:51","date_gmt":"2024-09-11T02:27:51","guid":{"rendered":"https:\/\/radiogjilani.com\/index.php\/2024\/09\/11\/florent-muslija-e-pranon-qe-u-largua-pa-leje-nga-hoteli-dhe-kerkon-falje\/"},"modified":"2024-09-11T02:27:51","modified_gmt":"2024-09-11T02:27:51","slug":"florent-muslija-e-pranon-qe-u-largua-pa-leje-nga-hoteli-dhe-kerkon-falje","status":"publish","type":"post","link":"https:\/\/radiogjilani.com\/index.php\/2024\/09\/11\/florent-muslija-e-pranon-qe-u-largua-pa-leje-nga-hoteli-dhe-kerkon-falje\/","title":{"rendered":"Florent Muslija e pranon q\u00eb u largua pa leje nga hoteli dhe k\u00ebrkon falje!"},"content":{"rendered":"<p>Florent Muslija ishte nj\u00ebri nga tre futbollist\u00ebt e p\u00ebrjashtuar nga komb\u00ebtarja e Kosov\u00ebs, bashk\u00eb me Edon Zhegrov\u00ebn e Aro Muricin, p\u00ebr shkak t\u00eb thyerjes s\u00eb rregullave. Muslija p\u00ebrmes nj\u00eb postimi n\u00eb rrjetin social Instagram, ka pranuar fajin dhe ka th\u00ebn\u00eb se disa lajme q\u00eb kan\u00eb qarkulluar jan\u00eb t\u00eb v\u00ebrteta e disa jo. \u201cKam b\u00ebr\u00eb nj\u00eb gabim p\u00ebr t\u00eb cil\u00ebn, natyrisht marr p\u00ebrgjegj\u00ebsin\u00eb. Dy dit\u00eb para ndeshjes n\u00eb&#8230;<\/p>\n<p><a href=\"https:\/\/ekonomiaonline.com\/florent-muslija-e-pranon-qe-u-largua-pa-leje-nga-hoteli-dhe-kerkon-falje\/\" rel=\"nofollow\">Source<\/a><\/p>\n","protected":false},"excerpt":{"rendered":"<p>Florent Muslija ishte nj\u00ebri nga tre futbollist\u00ebt e p\u00ebrjashtuar nga komb\u00ebtarja e Kosov\u00ebs, bashk\u00eb me Edon Zhegrov\u00ebn e Aro Muricin, p\u00ebr shkak t\u00eb thyerjes s\u00eb rregullave. Muslija p\u00ebrmes nj\u00eb postimi n\u00eb rrjetin social Instagram, ka pranuar fajin dhe ka th\u00ebn\u00eb se disa lajme q\u00eb kan\u00eb qarkulluar jan\u00eb t\u00eb v\u00ebrteta e disa jo. \u201cKam b\u00ebr\u00eb nj\u00eb [&hellip;]<\/p>\n","protected":false},"author":1,"featured_media":8983,"comment_status":"open","ping_status":"open","sticky":false,"template":"","format":"standard","meta":{"footnotes":""},"categories":[19],"tags":[],"class_list":["post-8982","post","type-post","status-publish","format-standard","has-post-thumbnail","hentry","category-eko"],"_links":{"self":[{"href":"https:\/\/radiogjilani.com\/index.php\/wp-json\/wp\/v2\/posts\/8982","targetHints":{"allow":["GET"]}}],"collection":[{"href":"https:\/\/radiogjilani.com\/index.php\/wp-json\/wp\/v2\/posts"}],"about":[{"href":"https:\/\/radiogjilani.com\/index.php\/wp-json\/wp\/v2\/types\/post"}],"author":[{"embeddable":true,"href":"https:\/\/radiogjilani.com\/index.php\/wp-json\/wp\/v2\/users\/1"}],"replies":[{"embeddable":true,"href":"https:\/\/radiogjilani.com\/index.php\/wp-json\/wp\/v2\/comments?post=8982"}],"version-history":[{"count":0,"href":"https:\/\/radiogjilani.com\/index.php\/wp-json\/wp\/v2\/posts\/8982\/revisions"}],"wp:featuredmedia":[{"embeddable":true,"href":"https:\/\/radiogjilani.com\/index.php\/wp-json\/wp\/v2\/media\/8983"}],"wp:attachment":[{"href":"https:\/\/radiogjilani.com\/index.php\/wp-json\/wp\/v2\/media?parent=8982"}],"wp:term":[{"taxonomy":"category","embeddable":true,"href":"https:\/\/radiogjilani.com\/index.php\/wp-json\/wp\/v2\/categories?post=8982"},{"taxonomy":"post_tag","embeddable":true,"href":"https:\/\/radiogjilani.com\/index.php\/wp-json\/wp\/v2\/tags?post=8982"}],"curies":[{"name":"wp","href":"https:\/\/api.w.org\/{rel}","templated":true}]}}