{"id":9020,"date":"2024-09-12T03:24:05","date_gmt":"2024-09-12T03:24:05","guid":{"rendered":"https:\/\/radiogjilani.com\/index.php\/2024\/09\/12\/genjeshtrat-e-vv-se-ndoshta-pijne-uje-ne-kosove-por-jo-jashte\/"},"modified":"2024-09-12T03:24:05","modified_gmt":"2024-09-12T03:24:05","slug":"genjeshtrat-e-vv-se-ndoshta-pijne-uje-ne-kosove-por-jo-jashte","status":"publish","type":"post","link":"https:\/\/radiogjilani.com\/index.php\/2024\/09\/12\/genjeshtrat-e-vv-se-ndoshta-pijne-uje-ne-kosove-por-jo-jashte\/","title":{"rendered":"G\u00ebnjeshtrat e VV-s\u00eb ndoshta pijn\u00eb uj\u00eb n\u00eb Kosov\u00eb, por jo jasht\u00eb"},"content":{"rendered":"<p>A ka nj\u00eb njeri normal n\u00eb VV q\u00eb ka guxim dhe men\u00e7uri t\u2019i tregoj\u00eb Albinit disa gj\u00ebra shum\u00eb bazike, por tep\u00ebr t\u00eb r\u00ebnd\u00ebsishme, q\u00eb po e d\u00ebmtojn\u00eb jo vet\u00ebm at\u00eb, por gjith\u00eb Kosov\u00ebn? Nuk \u00ebsht\u00eb kritik\u00eb opozitare, por k\u00ebshill\u00eb njer\u00ebzore dhe shqiptare: \u00cbsht\u00eb nj\u00eb fjal\u00eb popullore q\u00eb thot\u00eb: \u201cN\u00eb rrug\u00ebn e gabimeve, kurdo q\u00eb ndalesh je n\u00eb fitim\u201d. Albin aga, jo q\u00eb \u00ebsht\u00eb n\u00eb rrug\u00eb t\u00eb gabuar, por \u00ebsht\u00eb n\u00eb qorrsokak me&#8230;<\/p>\n<p><a href=\"https:\/\/ekonomiaonline.com\/genjeshtrat-e-vv-se-ndoshta-pijne-uje-ne-kosove-por-jo-jashte\/\" rel=\"nofollow\">Source<\/a><\/p>\n","protected":false},"excerpt":{"rendered":"<p>A ka nj\u00eb njeri normal n\u00eb VV q\u00eb ka guxim dhe men\u00e7uri t\u2019i tregoj\u00eb Albinit disa gj\u00ebra shum\u00eb bazike, por tep\u00ebr t\u00eb r\u00ebnd\u00ebsishme, q\u00eb po e d\u00ebmtojn\u00eb jo vet\u00ebm at\u00eb, por gjith\u00eb Kosov\u00ebn? Nuk \u00ebsht\u00eb kritik\u00eb opozitare, por k\u00ebshill\u00eb njer\u00ebzore dhe shqiptare: \u00cbsht\u00eb nj\u00eb fjal\u00eb popullore q\u00eb thot\u00eb: \u201cN\u00eb rrug\u00ebn e gabimeve, kurdo q\u00eb ndalesh [&hellip;]<\/p>\n","protected":false},"author":1,"featured_media":9021,"comment_status":"open","ping_status":"open","sticky":false,"template":"","format":"standard","meta":{"footnotes":""},"categories":[19],"tags":[],"class_list":["post-9020","post","type-post","status-publish","format-standard","has-post-thumbnail","hentry","category-eko"],"_links":{"self":[{"href":"https:\/\/radiogjilani.com\/index.php\/wp-json\/wp\/v2\/posts\/9020","targetHints":{"allow":["GET"]}}],"collection":[{"href":"https:\/\/radiogjilani.com\/index.php\/wp-json\/wp\/v2\/posts"}],"about":[{"href":"https:\/\/radiogjilani.com\/index.php\/wp-json\/wp\/v2\/types\/post"}],"author":[{"embeddable":true,"href":"https:\/\/radiogjilani.com\/index.php\/wp-json\/wp\/v2\/users\/1"}],"replies":[{"embeddable":true,"href":"https:\/\/radiogjilani.com\/index.php\/wp-json\/wp\/v2\/comments?post=9020"}],"version-history":[{"count":0,"href":"https:\/\/radiogjilani.com\/index.php\/wp-json\/wp\/v2\/posts\/9020\/revisions"}],"wp:featuredmedia":[{"embeddable":true,"href":"https:\/\/radiogjilani.com\/index.php\/wp-json\/wp\/v2\/media\/9021"}],"wp:attachment":[{"href":"https:\/\/radiogjilani.com\/index.php\/wp-json\/wp\/v2\/media?parent=9020"}],"wp:term":[{"taxonomy":"category","embeddable":true,"href":"https:\/\/radiogjilani.com\/index.php\/wp-json\/wp\/v2\/categories?post=9020"},{"taxonomy":"post_tag","embeddable":true,"href":"https:\/\/radiogjilani.com\/index.php\/wp-json\/wp\/v2\/tags?post=9020"}],"curies":[{"name":"wp","href":"https:\/\/api.w.org\/{rel}","templated":true}]}}