{"id":9054,"date":"2024-09-12T03:25:08","date_gmt":"2024-09-12T03:25:08","guid":{"rendered":"https:\/\/radiogjilani.com\/index.php\/2024\/09\/12\/rita-ora-nuk-e-di-se-cfare-ka-ne-ujin-e-kosoves-por-jam-shume-krenare-per-te-gjithe-yjet-e-muzikes-qe-kane-dale-nga-atje\/"},"modified":"2024-09-12T03:25:08","modified_gmt":"2024-09-12T03:25:08","slug":"rita-ora-nuk-e-di-se-cfare-ka-ne-ujin-e-kosoves-por-jam-shume-krenare-per-te-gjithe-yjet-e-muzikes-qe-kane-dale-nga-atje","status":"publish","type":"post","link":"https:\/\/radiogjilani.com\/index.php\/2024\/09\/12\/rita-ora-nuk-e-di-se-cfare-ka-ne-ujin-e-kosoves-por-jam-shume-krenare-per-te-gjithe-yjet-e-muzikes-qe-kane-dale-nga-atje\/","title":{"rendered":"Rita Ora: Nuk e di se \u00e7far\u00eb ka n\u00eb ujin e Kosov\u00ebs, por jam shum\u00eb krenare p\u00ebr t\u00eb gjith\u00eb yjet e muzik\u00ebs q\u00eb kan\u00eb dal\u00eb nga atje"},"content":{"rendered":"<p><strong>K\u00ebng\u00ebtarja Xhensila Myrtezaj e ka nisur dit\u00ebn e sotme mbase m\u00eb her\u00eb se q\u00eb \u00ebsht\u00eb m\u00ebsuar gjat\u00eb sezonit veror.<\/strong><\/p>\n<p>Kjo pasi q\u00eb sot, vajza e saj dhe ish-burrit, Bes Kallaku, nisi rrug\u00ebtimin e saj shkollor.<\/p>\n<p>E nj\u00eb dedikim nuk mungoi nga Xhensila.<\/p>\n<p>\u201cMami do jet\u00eb me ty n\u00eb \u00e7do hap t\u00ebndin. Do jem aty p\u00ebr t\u00eb duartrokitur \u00e7do sukses t\u00ebndin. Tek te shoh duke u rritur, ndihem e bekuar, ndihem n\u00ebn\u00eb dhe grua e p\u00ebrmbushur\u201d, shkroi artistja pos tjerash.<\/p>\n<p>E n\u00eb fotografin\u00eb q\u00eb Xhensila postoi, Ajka shfaqet me nj\u00eb \u00e7ant\u00eb shkolle t\u00eb mark\u00ebs luksoze Dolce &#038; Gabbana.<\/p>\n<p>Ne u interesuam ta dim\u00eb se sa kushton, dhe nj\u00eb \u00e7ant\u00eb di\u00e7ka di\u00e7ka e ngjashme me at\u00eb t\u00eb Ajk\u00ebs, madje pak m\u00eb e thjesht\u00eb, kap shifr\u00ebn e afro 500 eurove.<\/p>\n<p><img loading=\"lazy\" decoding=\"async\" class=\"alignnone wp-image-3149765\" src=\"https:\/\/gazetablic.com\/wp-content\/uploads\/2024\/09\/IMG_6055-179x300.jpeg\" alt=\"\" width=\"351\" height=\"588\" srcset=\"https:\/\/gazetablic.com\/wp-content\/uploads\/2024\/09\/IMG_6055-179x300.jpeg 179w, https:\/\/gazetablic.com\/wp-content\/uploads\/2024\/09\/IMG_6055-768x1284.jpeg 768w, https:\/\/gazetablic.com\/wp-content\/uploads\/2024\/09\/IMG_6055-919x1536.jpeg 919w, https:\/\/gazetablic.com\/wp-content\/uploads\/2024\/09\/IMG_6055-1225x2048.jpeg 1225w, https:\/\/gazetablic.com\/wp-content\/uploads\/2024\/09\/IMG_6055.jpeg 1279w\" sizes=\"auto, (max-width: 351px) 100vw, 351px\"><\/p>\n<ul class=\"op-related-articles\" title=\"Showtime\">\n<li><a href=\"https:\/\/gazetablic.com\/rita-ora-nuk-e-di-se-cfare-ka-ne-ujin-e-kosoves-por-jam-shume-krenare-per-te-gjithe-yjet-e-muzikes-qe-kane-dale-nga-atje\/\"><\/a><\/li>\n<li><a href=\"https:\/\/gazetablic.com\/remzie-osmani-feston-ditelindjen-ja-sa-vjec-mbush\/\"><\/a><\/li>\n<li><a href=\"https:\/\/gazetablic.com\/canta-e-shkolles-e-vajzes-se-xhensiles-kushton-nje-lejla\/\"><\/a><\/li>\n<\/ul>\n<p>The post <a rel=\"nofollow\" href=\"https:\/\/gazetablic.com\/canta-e-shkolles-e-vajzes-se-xhensiles-kushton-nje-lejla\/\">\u00c7anta e shkoll\u00ebs e vajz\u00ebs s\u00eb Xhensil\u00ebs kushton nj\u00eb \u201clejla\u201d<\/a> appeared first on <a rel=\"nofollow\" href=\"https:\/\/gazetablic.com\/\">GazetaBlic<\/a>.<\/p>\n","protected":false},"excerpt":{"rendered":"<p>K\u00ebng\u00ebtarja Xhensila Myrtezaj e ka nisur dit\u00ebn e sotme mbase m\u00eb her\u00eb se q\u00eb \u00ebsht\u00eb m\u00ebsuar gjat\u00eb sezonit veror. Kjo pasi q\u00eb sot, vajza e saj dhe ish-burrit, Bes Kallaku, nisi rrug\u00ebtimin e saj shkollor. E nj\u00eb dedikim nuk mungoi nga Xhensila. \u201cMami do jet\u00eb me ty n\u00eb \u00e7do hap t\u00ebndin. Do jem aty p\u00ebr [&hellip;]<\/p>\n","protected":false},"author":1,"featured_media":9055,"comment_status":"open","ping_status":"open","sticky":false,"template":"","format":"standard","meta":{"footnotes":""},"categories":[22],"tags":[],"class_list":["post-9054","post","type-post","status-publish","format-standard","has-post-thumbnail","hentry","category-showbiz"],"_links":{"self":[{"href":"https:\/\/radiogjilani.com\/index.php\/wp-json\/wp\/v2\/posts\/9054","targetHints":{"allow":["GET"]}}],"collection":[{"href":"https:\/\/radiogjilani.com\/index.php\/wp-json\/wp\/v2\/posts"}],"about":[{"href":"https:\/\/radiogjilani.com\/index.php\/wp-json\/wp\/v2\/types\/post"}],"author":[{"embeddable":true,"href":"https:\/\/radiogjilani.com\/index.php\/wp-json\/wp\/v2\/users\/1"}],"replies":[{"embeddable":true,"href":"https:\/\/radiogjilani.com\/index.php\/wp-json\/wp\/v2\/comments?post=9054"}],"version-history":[{"count":0,"href":"https:\/\/radiogjilani.com\/index.php\/wp-json\/wp\/v2\/posts\/9054\/revisions"}],"wp:featuredmedia":[{"embeddable":true,"href":"https:\/\/radiogjilani.com\/index.php\/wp-json\/wp\/v2\/media\/9055"}],"wp:attachment":[{"href":"https:\/\/radiogjilani.com\/index.php\/wp-json\/wp\/v2\/media?parent=9054"}],"wp:term":[{"taxonomy":"category","embeddable":true,"href":"https:\/\/radiogjilani.com\/index.php\/wp-json\/wp\/v2\/categories?post=9054"},{"taxonomy":"post_tag","embeddable":true,"href":"https:\/\/radiogjilani.com\/index.php\/wp-json\/wp\/v2\/tags?post=9054"}],"curies":[{"name":"wp","href":"https:\/\/api.w.org\/{rel}","templated":true}]}}