{"id":9080,"date":"2024-09-13T03:27:57","date_gmt":"2024-09-13T03:27:57","guid":{"rendered":"https:\/\/radiogjilani.com\/index.php\/2024\/09\/13\/shqiptaret-serish-do-te-protestojne-ne-serbi\/"},"modified":"2024-09-13T03:27:57","modified_gmt":"2024-09-13T03:27:57","slug":"shqiptaret-serish-do-te-protestojne-ne-serbi","status":"publish","type":"post","link":"https:\/\/radiogjilani.com\/index.php\/2024\/09\/13\/shqiptaret-serish-do-te-protestojne-ne-serbi\/","title":{"rendered":"Shqiptar\u00ebt s\u00ebrish do t\u00eb protestojn\u00eb n\u00eb Serbi"},"content":{"rendered":"<p>Pas protest\u00ebs s\u00eb par\u00eb t\u00eb 12 gushtit shqiptar\u00ebt n\u00eb Lugin\u00eb t\u00eb Preshev\u00ebs do t\u00eb vazhdojn\u00eb me organizimin e protestave gjith\u00ebpopullore p\u00ebr shkak t\u00eb diskriminimit t\u00eb shqiptar\u00ebve nga ana e shtetit t\u00eb Serbis\u00eb.<\/p>\n<p>K\u00ebshtu t\u00eb pakt\u00ebn ka b\u00ebr\u00eb t\u00eb ditur deputeti i vet\u00ebm shqiptar n\u00eb Kuvendin e Serbis\u00eb, Shaip Kamberi.<\/p>\n<p>\u201cProtesta vazhdon. P\u00ebr identitet e dinjitet! T\u00eb marshojm\u00eb, t\u00eb gjith\u00eb bashk\u00eb. Kund\u00ebr diskriminimit, shtypjes dhe shkeljeve q\u00eb i b\u00ebhen shqiptar\u00ebve t\u00eb Lugin\u00ebs s\u00eb Preshev\u00ebs. T\u00eb marshojm\u00eb p\u00ebr barazi dhe drejt\u00ebsi!\u201d, shkroi ai n\u00eb platform\u00ebn sociale, Facebook.<\/p>\n<p>Protesta e radh\u00ebs, sipas Kamberit, do t\u00eb organizohet m\u00eb 23 shtator n\u00eb Komun\u00ebn e Preshev\u00ebs<\/p>\n<p>\t\t<i><\/i><ins data-dcm-landing-page-escapes=\"0\" data-dcm-click-tracker=\"https:\/\/track.adform.net\/C\/?bn=73199340;adfibeg=0;cdata=wY0ZHC8ypbQniOq3Sj8hschgQeJ3VY4zU1bO9ulaUP_iCMviXuI_n4RPYRHBxkqVPVtGasWBO2DsQ97SqeB3vafpodL8HlhSS5QNXFy9YSXxjmdMEY9WqD7eKsUQLet9dO-UMsCLM2opnkTpCdy6-w2;;CREFURL=https%3a%2f%2feuro-pixel.com%2ftest.php;C=1;cpdir=\" class=\"dcmads\" data-dcm-placement=\"N571601.4773204ALBANIANPOST.COM\/B32392692.399829096\" data-dcm-rendering-mode=\"iframe\" data-dcm-https-only=\"\" data-dcm-api-frameworks=\"[APIFRAMEWORKS]\" data-dcm-omid-partner=\"[OMIDPARTNER]\" data-dcm-gdpr-applies=\"gdpr=\" data-dcm-gdpr-consent=\"gdpr_consent=\" data-dcm-addtl-consent=\"addtl_consent=${ADDTL_CONSENT}\" data-dcm-ltd=\"false\" data-dcm-resettable-device-id=\"\" data-dcm-app-id=\"\" data-dcm-processed=\"y\"><\/p>\n<p>\t\t<\/ins><\/p>\n<p>Protesta pritet t\u00eb nis n\u00eb or\u00ebn 13:00.<\/p>\n<p>\u201cN\u00eb Gusht ishim n\u00eb Bujanoc, n\u00eb Shtator jemi n\u00eb Preshev\u00eb, p\u00ebr t\u00eb d\u00ebshmuar se jemi nj\u00eb. Problemet tona nuk mund t\u00eb shtyhen m\u00eb. Aspak m\u00eb pak se sa na takon, asnj\u00ebher\u00eb m\u00eb shum\u00eb, por gjithmon\u00eb at\u00eb q\u00eb meritojm\u00eb!\u201d.<\/p>\n<p>Protesta, sipas Kamberit, ka p\u00ebr q\u00ebllim \u201cnd\u00ebrprerjen e pasivizimit t\u00eb adresave, p\u00ebr njohjen e diplomave tona, p\u00ebr vende pune dhe p\u00ebr institucione t\u00eb hapura p\u00ebr t\u00eb gjith\u00eb. P\u00ebr zbatimin e Marr\u00ebveshjeve t\u00eb n\u00ebnshkruara dhe p\u00ebr p\u00ebrmbushjen e detyrimeve t\u00eb shtetit ndaj shqiptar\u00ebve t\u00eb Lugin\u00ebs s\u00eb Preshev\u00ebs\u201d.<\/p>\n<p>\u201cP\u00ebr Preshev\u00ebn me Gjykat\u00eb, p\u00ebr institucione shtet\u00ebrore ku p\u00ebrfaq\u00ebsohen shqiptar\u00ebt! Kjo \u00ebsht\u00eb p\u00ebr t\u00eb gjith\u00eb ne, p\u00ebr dinjitetin dhe identitetin ton\u00eb. Dilni dhe marshoni!\u201d.<\/p>\n<blockquote class=\"wp-embedded-content\" data-secret=\"VCKbNHUXlc\">\n<p><a href=\"https:\/\/albanianpost.com\/per-identitet-dhe-dinjitet-me-12-gusht-shqiptaret-protestojne-ne-serbi\/\">\u201cP\u00ebr Identitet dhe Dinjitet\u201d \u2013 m\u00eb 12 gusht shqiptar\u00ebt protestojn\u00eb n\u00eb Serbi<\/a><\/p>\n<\/blockquote>\n<p>The post <a href=\"https:\/\/albanianpost.com\/shqiptaret-serish-do-te-protestojne-ne-serbi\/\">Shqiptar\u00ebt s\u00ebrish do t\u00eb protestojn\u00eb n\u00eb Serbi<\/a> appeared first on <a href=\"https:\/\/albanianpost.com\/\">Albanian Post<\/a>.<\/p>\n","protected":false},"excerpt":{"rendered":"<p>Pas protest\u00ebs s\u00eb par\u00eb t\u00eb 12 gushtit shqiptar\u00ebt n\u00eb Lugin\u00eb t\u00eb Preshev\u00ebs do t\u00eb vazhdojn\u00eb me organizimin e protestave gjith\u00ebpopullore p\u00ebr shkak t\u00eb diskriminimit t\u00eb shqiptar\u00ebve nga ana e shtetit t\u00eb Serbis\u00eb. K\u00ebshtu t\u00eb pakt\u00ebn ka b\u00ebr\u00eb t\u00eb ditur deputeti i vet\u00ebm shqiptar n\u00eb Kuvendin e Serbis\u00eb, Shaip Kamberi. \u201cProtesta vazhdon. P\u00ebr identitet e dinjitet! [&hellip;]<\/p>\n","protected":false},"author":1,"featured_media":9081,"comment_status":"open","ping_status":"open","sticky":false,"template":"","format":"standard","meta":{"footnotes":""},"categories":[1],"tags":[],"class_list":["post-9080","post","type-post","status-publish","format-standard","has-post-thumbnail","hentry","category-uncategorized"],"_links":{"self":[{"href":"https:\/\/radiogjilani.com\/index.php\/wp-json\/wp\/v2\/posts\/9080","targetHints":{"allow":["GET"]}}],"collection":[{"href":"https:\/\/radiogjilani.com\/index.php\/wp-json\/wp\/v2\/posts"}],"about":[{"href":"https:\/\/radiogjilani.com\/index.php\/wp-json\/wp\/v2\/types\/post"}],"author":[{"embeddable":true,"href":"https:\/\/radiogjilani.com\/index.php\/wp-json\/wp\/v2\/users\/1"}],"replies":[{"embeddable":true,"href":"https:\/\/radiogjilani.com\/index.php\/wp-json\/wp\/v2\/comments?post=9080"}],"version-history":[{"count":0,"href":"https:\/\/radiogjilani.com\/index.php\/wp-json\/wp\/v2\/posts\/9080\/revisions"}],"wp:featuredmedia":[{"embeddable":true,"href":"https:\/\/radiogjilani.com\/index.php\/wp-json\/wp\/v2\/media\/9081"}],"wp:attachment":[{"href":"https:\/\/radiogjilani.com\/index.php\/wp-json\/wp\/v2\/media?parent=9080"}],"wp:term":[{"taxonomy":"category","embeddable":true,"href":"https:\/\/radiogjilani.com\/index.php\/wp-json\/wp\/v2\/categories?post=9080"},{"taxonomy":"post_tag","embeddable":true,"href":"https:\/\/radiogjilani.com\/index.php\/wp-json\/wp\/v2\/tags?post=9080"}],"curies":[{"name":"wp","href":"https:\/\/api.w.org\/{rel}","templated":true}]}}