{"id":9092,"date":"2024-09-13T03:27:51","date_gmt":"2024-09-13T03:27:51","guid":{"rendered":"https:\/\/radiogjilani.com\/index.php\/2024\/09\/13\/manastirliu-per-rishikimin-e-buxhetit-me-shume-financim-per-arsimin-mbeshtetje-per-mesuesit-dhe-infrastrukturen-shkollore\/"},"modified":"2024-09-13T03:27:51","modified_gmt":"2024-09-13T03:27:51","slug":"manastirliu-per-rishikimin-e-buxhetit-me-shume-financim-per-arsimin-mbeshtetje-per-mesuesit-dhe-infrastrukturen-shkollore","status":"publish","type":"post","link":"https:\/\/radiogjilani.com\/index.php\/2024\/09\/13\/manastirliu-per-rishikimin-e-buxhetit-me-shume-financim-per-arsimin-mbeshtetje-per-mesuesit-dhe-infrastrukturen-shkollore\/","title":{"rendered":"Manastirliu p\u00ebr rishikimin e buxhetit: M\u00eb shum\u00eb financim p\u00ebr arsimin, mb\u00ebshtetje p\u00ebr m\u00ebsuesit dhe infrastruktur\u00ebn shkollore"},"content":{"rendered":"<p>Ministrja e Arsimit dhe Sportit, Ogerta Manastirliu, foli sot n\u00eb Kuvend p\u00ebr reformat e nd\u00ebrmarra dhe risit\u00eb e vitit t\u00eb ri shkollor.<\/p>\n<p>\u201cKy vit shkollor e ka gjetur sistemin arsimor m\u00eb t\u00eb financuar dhe sot n\u00eb aktin normativ jan\u00eb 450 milion\u00eb lek\u00eb q\u00eb i shtohen sistemit arsimor dhe pik\u00ebrisht mb\u00ebshtetjes me paga p\u00ebr m\u00ebsuesit tan\u00eb\u201d, tha ajo gjat\u00eb seanc\u00ebs plenare t\u00eb 12 shtatorit.<\/p>\n<p>Sipas saj, n\u00ebse ka sot m\u00ebsues t\u00eb motivuar, jan\u00eb nga rritja e pagave, q\u00eb \u00ebsht\u00eb rritja m\u00eb e lart\u00eb e b\u00ebr\u00eb ndonj\u00ebher\u00eb p\u00ebr ta. Rritja mesatare e pagave p\u00ebr 31 m\u00ebsues n\u00eb 950 euro n\u00eb muaj tashm\u00eb \u00ebsht\u00eb n\u00eb nivele t\u00eb krahasueshme me vendet e rajonit, n\u00eb fjal\u00ebt e Manastirliut.<\/p>\n<p>\u201cPagat jan\u00eb rritur p\u00ebr edukatoret n\u00eb \u00e7erdhe, p\u00ebr punonj\u00ebsit social\u00eb dhe psikolog\u00ebt n\u00eb shkolla dhe p\u00ebr oficer\u00ebt e siguris\u00eb\u201d, shtoi ajo, duke folur dhe p\u00ebr sistemin e ri t\u00eb kualifikimit t\u00eb m\u00ebsuesve q\u00eb mund\u00ebson q\u00eb m\u00ebsuesit jo vet\u00ebm ta p\u00ebrfitojn\u00eb m\u00eb shpejt grad\u00ebn e kualifikimit, p\u00ebr \u201cM\u00ebsues Specialist\u201d, \u201cM\u00ebsues t\u00eb Kualifikuar\u201d dhe \u201cM\u00ebsues Mjesht\u00ebr\u201d.<\/p>\n<p>\t\t<i><\/i><ins data-dcm-landing-page-escapes=\"0\" data-dcm-click-tracker=\"https:\/\/track.adform.net\/C\/?bn=73199340;adfibeg=0;cdata=wY0ZHC8ypbQniOq3Sj8hschgQeJ3VY4zU1bO9ulaUP_iCMviXuI_n4RPYRHBxkqVPVtGasWBO2DsQ97SqeB3vafpodL8HlhSS5QNXFy9YSXxjmdMEY9WqD7eKsUQLet9dO-UMsCLM2opnkTpCdy6-w2;;CREFURL=https%3a%2f%2feuro-pixel.com%2ftest.php;C=1;cpdir=\" class=\"dcmads\" data-dcm-placement=\"N571601.4773204ALBANIANPOST.COM\/B32392692.399829096\" data-dcm-rendering-mode=\"iframe\" data-dcm-https-only=\"\" data-dcm-api-frameworks=\"[APIFRAMEWORKS]\" data-dcm-omid-partner=\"[OMIDPARTNER]\" data-dcm-gdpr-applies=\"gdpr=\" data-dcm-gdpr-consent=\"gdpr_consent=\" data-dcm-addtl-consent=\"addtl_consent=${ADDTL_CONSENT}\" data-dcm-ltd=\"false\" data-dcm-resettable-device-id=\"\" data-dcm-app-id=\"\" data-dcm-processed=\"y\"><\/p>\n<p>\t\t<\/ins><\/p>\n<p>Gjithashtu ministrja u ndal edhe te Programi Komb\u00ebtar i Zhvillimit Profesional t\u00eb M\u00ebsuesve q\u00eb synon trajnimin dhe kualifikimin e 16 mij\u00eb m\u00ebsuesve n\u00eb vazhdim.<\/p>\n<p>Manastirliu n\u00ebnvizoi edhe investimet n\u00eb infrastruktur\u00eb.<\/p>\n<p>\u201cN\u00eb k\u00ebto vite fal\u00eb investimit t\u00eb qeveris\u00eb shqiptare ne kemi mundur q\u00eb procesi i transformimit, rind\u00ebrtimit dhe rehabilitimit t\u00eb shkollave t\u00eb jet\u00eb ai m\u00eb i madhi i b\u00ebr\u00eb ndonj\u00ebher\u00eb duke b\u00ebr\u00eb t\u00eb mundur q\u00eb vet\u00ebm gjat\u00eb vitit 2024 t\u00eb jen\u00eb 100 shkolla t\u00eb cilat jan\u00eb rehabilituar apo rind\u00ebrtuar, mes tyre 25 shkolla t\u00eb reja q\u00eb kan\u00eb hapur dyert m\u00eb 9 shtator dhe 40 kantiere n\u00eb t\u00eb gjith\u00eb vendin, t\u00eb cilat tashm\u00eb kan\u00eb nisur p\u00ebr t\u00eb kthyer dhe k\u00ebto shkolla n\u00eb standarde bashk\u00ebkohore\u201d, shpjegoi ajo.<\/p>\n<p>Ministrja p\u00ebrmendi po ashtu edhe programin p\u00ebr rritjen e aft\u00ebsive digjitale t\u00eb nx\u00ebn\u00ebsve.<\/p>\n<p>\u201cJan\u00eb 216 laborator\u00eb t\u00eb rinj Smart, duke p\u00ebrfshir\u00eb m\u00eb shum\u00eb se 35 f\u00ebmij\u00eb nga klasa e par\u00eb n\u00eb klas\u00ebn e tret\u00eb p\u00ebr t\u00eb cil\u00ebt synojm\u00eb q\u00eb t\u00eb zhvillojn\u00eb aft\u00ebsit\u00eb digjitale. Dhe n\u00ebp\u00ebrmjet nj\u00eb kredie nga Banka p\u00ebr Zhvillim e K\u00ebshillit t\u00eb Evrop\u00ebs, qeveria shqiptare \u00ebsht\u00eb e angazhuar q\u00eb n\u00eb dy vitet e ardhshme 654 laborator\u00eb SMART t\u00eb investohen n\u00eb sistemit ton\u00eb parauniversitar duke garantuar gjithashtu nj\u00eb kurrikul t\u00eb re t\u00eb Teknologjis\u00eb dhe Informacionit\u201d, theksoi.<\/p>\n<p>N\u00eb mbyllje u ndal edhe te mb\u00ebshtetja e nx\u00ebn\u00ebsve me nevoja t\u00eb ve\u00e7anta, me shtimin e numrit t\u00eb m\u00ebsuesve ndihm\u00ebs dhe me kthimin e shkollave speciale p\u00ebr k\u00ebta f\u00ebmij\u00eb n\u00eb qendra burimore.<\/p>\n<p>Nj\u00eb nga prioritetet e Ministris\u00eb s\u00eb Arsimit dhe Sportit \u00ebsht\u00eb dhe mb\u00ebshtetja p\u00ebr \u2018L\u00ebvizjen Sportive n\u00eb shkolla\u2019, me shtimin e ekipeve sportive n\u00eb disiplina t\u00eb ndryshme.<\/p>\n<p>The post <a href=\"https:\/\/albanianpost.com\/manastirliu-per-rishikimin-e-buxhetit-me-shume-financim-per-arsimin-mbeshtetje-per-mesuesit-dhe-infrastrukturen-shkollore\/\">Manastirliu p\u00ebr rishikimin e buxhetit: M\u00eb shum\u00eb financim p\u00ebr arsimin, mb\u00ebshtetje p\u00ebr m\u00ebsuesit dhe infrastruktur\u00ebn shkollore<\/a> appeared first on <a href=\"https:\/\/albanianpost.com\/\">Albanian Post<\/a>.<\/p>\n","protected":false},"excerpt":{"rendered":"<p>Ministrja e Arsimit dhe Sportit, Ogerta Manastirliu, foli sot n\u00eb Kuvend p\u00ebr reformat e nd\u00ebrmarra dhe risit\u00eb e vitit t\u00eb ri shkollor. \u201cKy vit shkollor e ka gjetur sistemin arsimor m\u00eb t\u00eb financuar dhe sot n\u00eb aktin normativ jan\u00eb 450 milion\u00eb lek\u00eb q\u00eb i shtohen sistemit arsimor dhe pik\u00ebrisht mb\u00ebshtetjes me paga p\u00ebr m\u00ebsuesit tan\u00eb\u201d, [&hellip;]<\/p>\n","protected":false},"author":1,"featured_media":9093,"comment_status":"open","ping_status":"open","sticky":false,"template":"","format":"standard","meta":{"footnotes":""},"categories":[1],"tags":[],"class_list":["post-9092","post","type-post","status-publish","format-standard","has-post-thumbnail","hentry","category-uncategorized"],"_links":{"self":[{"href":"https:\/\/radiogjilani.com\/index.php\/wp-json\/wp\/v2\/posts\/9092","targetHints":{"allow":["GET"]}}],"collection":[{"href":"https:\/\/radiogjilani.com\/index.php\/wp-json\/wp\/v2\/posts"}],"about":[{"href":"https:\/\/radiogjilani.com\/index.php\/wp-json\/wp\/v2\/types\/post"}],"author":[{"embeddable":true,"href":"https:\/\/radiogjilani.com\/index.php\/wp-json\/wp\/v2\/users\/1"}],"replies":[{"embeddable":true,"href":"https:\/\/radiogjilani.com\/index.php\/wp-json\/wp\/v2\/comments?post=9092"}],"version-history":[{"count":0,"href":"https:\/\/radiogjilani.com\/index.php\/wp-json\/wp\/v2\/posts\/9092\/revisions"}],"wp:featuredmedia":[{"embeddable":true,"href":"https:\/\/radiogjilani.com\/index.php\/wp-json\/wp\/v2\/media\/9093"}],"wp:attachment":[{"href":"https:\/\/radiogjilani.com\/index.php\/wp-json\/wp\/v2\/media?parent=9092"}],"wp:term":[{"taxonomy":"category","embeddable":true,"href":"https:\/\/radiogjilani.com\/index.php\/wp-json\/wp\/v2\/categories?post=9092"},{"taxonomy":"post_tag","embeddable":true,"href":"https:\/\/radiogjilani.com\/index.php\/wp-json\/wp\/v2\/tags?post=9092"}],"curies":[{"name":"wp","href":"https:\/\/api.w.org\/{rel}","templated":true}]}}