{"id":9114,"date":"2024-09-14T04:35:41","date_gmt":"2024-09-14T04:35:41","guid":{"rendered":"https:\/\/radiogjilani.com\/index.php\/2024\/09\/14\/shpallja-e-okupimit-te-kosoves-eshte-nje-pamflet-i-paster-i-vuciqit\/"},"modified":"2024-09-14T04:35:41","modified_gmt":"2024-09-14T04:35:41","slug":"shpallja-e-okupimit-te-kosoves-eshte-nje-pamflet-i-paster-i-vuciqit","status":"publish","type":"post","link":"https:\/\/radiogjilani.com\/index.php\/2024\/09\/14\/shpallja-e-okupimit-te-kosoves-eshte-nje-pamflet-i-paster-i-vuciqit\/","title":{"rendered":"Shpallja e \u201cokupimit t\u00eb Kosov\u00ebs\u201d \u00ebsht\u00eb nj\u00eb pamflet i past\u00ebr i Vu\u00e7iqit"},"content":{"rendered":"<p>M\u00eb duket se kan\u00eb kaluar jav\u00eb t\u00eb t\u00ebra, n\u00eb nj\u00eb anestezi t\u00eb p\u00ebrgjithshme shoq\u00ebrore, n\u00ebn radar, pothuajse pa u v\u00ebn\u00eb re dhe me tension, dit\u00eb pas dite, bllokadat e paralajm\u00ebruara, kalimet kufitare t\u00eb Serbis\u00eb me Kosov\u00ebn, nga disa organizata t\u00eb djathta serbe nga Kosova. Gjat\u00eb koh\u00ebs q\u00eb k\u00ebto bllokada komprometuese dhe t\u00eb lehta p\u00ebr t\u2019u par\u00eb ishin n\u00eb vazhdim, presidenti serb Aleksandar Vu\u00e7iq&#8230;<\/p>\n<p><a href=\"https:\/\/ekonomiaonline.com\/shpallja-e-okupimit-te-kosoves-eshte-nje-pamflet-i-paster-i-vuciqit\/\" rel=\"nofollow\">Source<\/a><\/p>\n","protected":false},"excerpt":{"rendered":"<p>M\u00eb duket se kan\u00eb kaluar jav\u00eb t\u00eb t\u00ebra, n\u00eb nj\u00eb anestezi t\u00eb p\u00ebrgjithshme shoq\u00ebrore, n\u00ebn radar, pothuajse pa u v\u00ebn\u00eb re dhe me tension, dit\u00eb pas dite, bllokadat e paralajm\u00ebruara, kalimet kufitare t\u00eb Serbis\u00eb me Kosov\u00ebn, nga disa organizata t\u00eb djathta serbe nga Kosova. Gjat\u00eb koh\u00ebs q\u00eb k\u00ebto bllokada komprometuese dhe t\u00eb lehta p\u00ebr t\u2019u [&hellip;]<\/p>\n","protected":false},"author":1,"featured_media":9115,"comment_status":"open","ping_status":"open","sticky":false,"template":"","format":"standard","meta":{"footnotes":""},"categories":[19],"tags":[],"class_list":["post-9114","post","type-post","status-publish","format-standard","has-post-thumbnail","hentry","category-eko"],"_links":{"self":[{"href":"https:\/\/radiogjilani.com\/index.php\/wp-json\/wp\/v2\/posts\/9114","targetHints":{"allow":["GET"]}}],"collection":[{"href":"https:\/\/radiogjilani.com\/index.php\/wp-json\/wp\/v2\/posts"}],"about":[{"href":"https:\/\/radiogjilani.com\/index.php\/wp-json\/wp\/v2\/types\/post"}],"author":[{"embeddable":true,"href":"https:\/\/radiogjilani.com\/index.php\/wp-json\/wp\/v2\/users\/1"}],"replies":[{"embeddable":true,"href":"https:\/\/radiogjilani.com\/index.php\/wp-json\/wp\/v2\/comments?post=9114"}],"version-history":[{"count":0,"href":"https:\/\/radiogjilani.com\/index.php\/wp-json\/wp\/v2\/posts\/9114\/revisions"}],"wp:featuredmedia":[{"embeddable":true,"href":"https:\/\/radiogjilani.com\/index.php\/wp-json\/wp\/v2\/media\/9115"}],"wp:attachment":[{"href":"https:\/\/radiogjilani.com\/index.php\/wp-json\/wp\/v2\/media?parent=9114"}],"wp:term":[{"taxonomy":"category","embeddable":true,"href":"https:\/\/radiogjilani.com\/index.php\/wp-json\/wp\/v2\/categories?post=9114"},{"taxonomy":"post_tag","embeddable":true,"href":"https:\/\/radiogjilani.com\/index.php\/wp-json\/wp\/v2\/tags?post=9114"}],"curies":[{"name":"wp","href":"https:\/\/api.w.org\/{rel}","templated":true}]}}