{"id":912,"date":"2024-04-09T20:46:41","date_gmt":"2024-04-09T20:46:41","guid":{"rendered":"https:\/\/radiogjilani.com\/index.php\/2024\/04\/09\/realizoi-fotosesion-me-poza-provokuese-si-murgeshe-rihanna-merr-kritika-te-ashpra-nga-katoliket\/"},"modified":"2024-04-09T20:46:41","modified_gmt":"2024-04-09T20:46:41","slug":"realizoi-fotosesion-me-poza-provokuese-si-murgeshe-rihanna-merr-kritika-te-ashpra-nga-katoliket","status":"publish","type":"post","link":"https:\/\/radiogjilani.com\/index.php\/2024\/04\/09\/realizoi-fotosesion-me-poza-provokuese-si-murgeshe-rihanna-merr-kritika-te-ashpra-nga-katoliket\/","title":{"rendered":"Realizoi fotosesion me poza provokuese si murgesh\u00eb, Rihanna merr kritika t\u00eb ashpra nga katolik\u00ebt"},"content":{"rendered":"<p>Rihanna ka b\u00ebr\u00eb q\u00eb nj\u00eb tuf\u00eb fansash t\u00eb saj fetar\u00eb t\u00eb largohen nga ajo pasi q\u00eb ajo u vesh si nj\u00eb murgesh\u00eb seksi p\u00ebr t\u00eb dh\u00ebn\u00eb nj\u00eb intervist\u00eb p\u00ebr numrin e fundit t\u00eb revist\u00ebs \u201cInterview\u201d. Si p\u00ebrgjigje p\u00ebr nj\u00eb fotosesion t\u00eb k\u00ebng\u00ebtares 36 vje\u00e7are q\u00eb kishte t\u00eb veshur veshjet me t\u00eb bardha dhe t\u00eb zeza, veshjen tradicionale q\u00eb veshin grat\u00eb q\u00eb jan\u00eb n\u00ebn urdhra fetar\u00eb, ka b\u00ebr\u00eb q\u00eb n\u00eb drejtim t\u00eb tyre t\u00eb&#8230;<\/p>\n<p><a href=\"https:\/\/ekonomiaonline.com\/realizoi-fotosesion-me-poza-provokuese-si-murgeshe-rihanna-merr-kritika-te-ashpra-nga-katoliket\/\" rel=\"nofollow\">Source<\/a><\/p>\n","protected":false},"excerpt":{"rendered":"<p>Rihanna ka b\u00ebr\u00eb q\u00eb nj\u00eb tuf\u00eb fansash t\u00eb saj fetar\u00eb t\u00eb largohen nga ajo pasi q\u00eb ajo u vesh si nj\u00eb murgesh\u00eb seksi p\u00ebr t\u00eb dh\u00ebn\u00eb nj\u00eb intervist\u00eb p\u00ebr numrin e fundit t\u00eb revist\u00ebs \u201cInterview\u201d. Si p\u00ebrgjigje p\u00ebr nj\u00eb fotosesion t\u00eb k\u00ebng\u00ebtares 36 vje\u00e7are q\u00eb kishte t\u00eb veshur veshjet me t\u00eb bardha dhe t\u00eb zeza, [&hellip;]<\/p>\n","protected":false},"author":1,"featured_media":913,"comment_status":"open","ping_status":"open","sticky":false,"template":"","format":"standard","meta":{"footnotes":""},"categories":[19],"tags":[],"class_list":["post-912","post","type-post","status-publish","format-standard","has-post-thumbnail","hentry","category-eko"],"_links":{"self":[{"href":"https:\/\/radiogjilani.com\/index.php\/wp-json\/wp\/v2\/posts\/912","targetHints":{"allow":["GET"]}}],"collection":[{"href":"https:\/\/radiogjilani.com\/index.php\/wp-json\/wp\/v2\/posts"}],"about":[{"href":"https:\/\/radiogjilani.com\/index.php\/wp-json\/wp\/v2\/types\/post"}],"author":[{"embeddable":true,"href":"https:\/\/radiogjilani.com\/index.php\/wp-json\/wp\/v2\/users\/1"}],"replies":[{"embeddable":true,"href":"https:\/\/radiogjilani.com\/index.php\/wp-json\/wp\/v2\/comments?post=912"}],"version-history":[{"count":0,"href":"https:\/\/radiogjilani.com\/index.php\/wp-json\/wp\/v2\/posts\/912\/revisions"}],"wp:featuredmedia":[{"embeddable":true,"href":"https:\/\/radiogjilani.com\/index.php\/wp-json\/wp\/v2\/media\/913"}],"wp:attachment":[{"href":"https:\/\/radiogjilani.com\/index.php\/wp-json\/wp\/v2\/media?parent=912"}],"wp:term":[{"taxonomy":"category","embeddable":true,"href":"https:\/\/radiogjilani.com\/index.php\/wp-json\/wp\/v2\/categories?post=912"},{"taxonomy":"post_tag","embeddable":true,"href":"https:\/\/radiogjilani.com\/index.php\/wp-json\/wp\/v2\/tags?post=912"}],"curies":[{"name":"wp","href":"https:\/\/api.w.org\/{rel}","templated":true}]}}