{"id":9132,"date":"2024-09-14T04:36:01","date_gmt":"2024-09-14T04:36:01","guid":{"rendered":"https:\/\/radiogjilani.com\/index.php\/2024\/09\/14\/gjermania-do-te-mireprese-250-mije-keniane-ne-marreveshjen-e-punes\/"},"modified":"2024-09-14T04:36:01","modified_gmt":"2024-09-14T04:36:01","slug":"gjermania-do-te-mireprese-250-mije-keniane-ne-marreveshjen-e-punes","status":"publish","type":"post","link":"https:\/\/radiogjilani.com\/index.php\/2024\/09\/14\/gjermania-do-te-mireprese-250-mije-keniane-ne-marreveshjen-e-punes\/","title":{"rendered":"Gjermania do t\u00eb mir\u00ebpres\u00eb 250 mij\u00eb kenian\u00eb, n\u00eb marr\u00ebveshjen e pun\u00ebs"},"content":{"rendered":"<p>Gjermania ka r\u00ebn\u00eb dakord t\u00eb hap\u00eb dyert p\u00ebr 250 mij\u00eb pun\u00ebtor\u00eb kenian\u00eb t\u00eb kualifikuar dhe gjysm\u00eb t\u00eb kualifikuar, n\u00eb nj\u00eb marr\u00ebveshje t\u00eb kontrolluar dhe t\u00eb synuar p\u00ebr migracionin p\u00ebr motive pun\u00ebsimi.<\/p>\n<p>Kenia po p\u00ebrballet me v\u00ebshtir\u00ebsi n\u00eb rritje p\u00ebr t\u00eb siguruar pun\u00eb dhe t\u00eb ardhura t\u00eb mjaftueshme p\u00ebr profesionist\u00ebt e saj t\u00eb rinj, nd\u00ebrsa Gjermania po p\u00ebrballet me munges\u00eb t\u00eb fuqis\u00eb pun\u00ebtore t\u00eb kualifikuar.<\/p>\n<p>Pes\u00eb shofer\u00eb autobus\u00ebsh kenian\u00eb jan\u00eb mir\u00ebpritur tashm\u00eb n\u00eb Flensburg, n\u00eb veri t\u00eb Gjermanis\u00eb, n\u00eb nj\u00eb projekt pilot.<\/p>\n<p>Marr\u00ebveshjet e migracionit jan\u00eb nj\u00eb shtyll\u00eb qendrore n\u00eb p\u00ebrpjekjet e qeveris\u00eb gjermane p\u00ebr t\u00eb frenuar imigracionin.<\/p>\n<p>\t\t<i><\/i><ins data-dcm-landing-page-escapes=\"0\" data-dcm-click-tracker=\"https:\/\/track.adform.net\/C\/?bn=73199340;adfibeg=0;cdata=wY0ZHC8ypbQniOq3Sj8hschgQeJ3VY4zU1bO9ulaUP_iCMviXuI_n4RPYRHBxkqVPVtGasWBO2DsQ97SqeB3vafpodL8HlhSS5QNXFy9YSXxjmdMEY9WqD7eKsUQLet9dO-UMsCLM2opnkTpCdy6-w2;;CREFURL=https%3a%2f%2feuro-pixel.com%2ftest.php;C=1;cpdir=\" class=\"dcmads\" data-dcm-placement=\"N571601.4773204ALBANIANPOST.COM\/B32392692.399829096\" data-dcm-rendering-mode=\"iframe\" data-dcm-https-only=\"\" data-dcm-api-frameworks=\"[APIFRAMEWORKS]\" data-dcm-omid-partner=\"[OMIDPARTNER]\" data-dcm-gdpr-applies=\"gdpr=\" data-dcm-gdpr-consent=\"gdpr_consent=\" data-dcm-addtl-consent=\"addtl_consent=${ADDTL_CONSENT}\" data-dcm-ltd=\"false\" data-dcm-resettable-device-id=\"\" data-dcm-app-id=\"\" data-dcm-processed=\"y\"><\/p>\n<p>\t\t<\/ins><\/p>\n<p>Marr\u00ebveshja do t\u00eb thjeshtoj\u00eb gjithashtu riatdhesimin e kenian\u00ebve q\u00eb ndodhen n\u00eb Gjermani pa leje ligjore.<\/p>\n<p>Emigracioni \u00ebsht\u00eb nj\u00eb problem i madh n\u00eb Gjermani p\u00ebr momentin, pas rritjes s\u00eb popullaritetit t\u00eb partis\u00eb s\u00eb ekstremit t\u00eb djatht\u00eb anti-emigracion, Alternativa p\u00ebr Gjermanin\u00eb (AfD).<\/p>\n<p>Qeverit\u00eb e nj\u00ebpasnj\u00ebshme n\u00eb Berlin kan\u00eb lejuar nj\u00eb num\u00ebr relativisht t\u00eb madh azilk\u00ebrkuesish t\u00eb vendosen n\u00eb vend vitet e fundit.<\/p>\n<p>Gjermania pranoi m\u00eb shum\u00eb se nj\u00eb milion njer\u00ebz, kryesisht t\u00eb arratisur nga lufta n\u00eb vende t\u00eb tilla si Siria, gjat\u00eb kriz\u00ebs s\u00eb emigrant\u00ebve 2015-2016 dhe ka pranuar 1.2 milion\u00eb ukrainas q\u00eb nga fillimi i pushtimit t\u00eb plot\u00eb t\u00eb Rusis\u00eb n\u00eb shkurt 2022.<\/p>\n<p>Marr\u00ebveshja e pun\u00ebs u n\u00ebnshkrua n\u00eb Berlin nga kancelari gjerman Olaf Scholz dhe presidenti i Kenias, William Ruto.<\/p>\n<p>Gjermania ra dakord t\u00eb leht\u00ebsoj\u00eb disa nga ligjet e saj t\u00eb imigracionit p\u00ebr t\u2019u mund\u00ebsuar kenian\u00ebve t\u00eb gjejn\u00eb pun\u00eb n\u00eb ekonomin\u00eb m\u00eb t\u00eb madhe t\u00eb Evrop\u00ebs.<\/p>\n<p>Autoritetet n\u00eb Berlin do t\u00eb konsiderojn\u00eb gjithashtu zgjatjen e lejeve t\u00eb p\u00ebrkohshme t\u00eb q\u00ebndrimit p\u00ebr pun\u00ebtor\u00ebt kenian\u00eb q\u00eb kan\u00eb siguruar nj\u00eb pun\u00eb t\u00eb miratuar.<\/p>\n<p>Keniasve do t\u2019u jepen gjithashtu viza afatgjata p\u00ebr t\u00eb studiuar ose kryer trajnime profesionale n\u00eb Gjermani.<\/p>\n<p>\u201cMe skadimin e viz\u00ebs s\u00eb q\u00ebndrimit afatgjat\u00eb, kenian\u00ebt mund t\u00eb marrin nj\u00eb leje q\u00ebndrimi t\u00eb p\u00ebrkohshme p\u00ebr q\u00ebllime studimi n\u00eb Gjermani deri n\u00eb dy vjet\u201d, thuhet n\u00eb marr\u00ebveshje.<\/p>\n<p>Leja e p\u00ebrkohshme e q\u00ebndrimit mund t\u00eb zgjatet n\u00ebse q\u00ebllimi i q\u00ebndrimit nuk \u00ebsht\u00eb arritur ende, por \u00ebsht\u00eb i arritsh\u00ebm brenda nj\u00eb periudhe \u201ct\u00eb arsyeshme\u201d, shton ai.<\/p>\n<p>Sipas marr\u00ebveshjes, specialist\u00ebt e IT nga Kenia do t\u00eb lejohen t\u00eb hyjn\u00eb dhe t\u00eb punojn\u00eb n\u00eb Gjermani, edhe n\u00ebse nuk kan\u00eb kualifikime formale.<\/p>\n<p>T\u00eb dyja qeverit\u00eb do t\u00eb mb\u00ebshtesin imigrimin e pun\u00ebtor\u00ebve t\u00eb kualifikuar q\u00eb kan\u00eb mbaruar formimin profesional ose kan\u00eb marr\u00eb nj\u00eb diplom\u00eb universitare, p\u00ebr sa koh\u00eb q\u00eb kualifikimet e tyre njihen nga autoritetet p\u00ebrkat\u00ebse t\u00eb pal\u00ebs tjet\u00ebr.<\/p>\n<p>Marr\u00ebveshja p\u00ebrfshin gjithashtu dispozita p\u00ebr ripranimin dhe kthimin e qytetar\u00ebve midis dy kombeve.<\/p>\n<p>Ai p\u00ebrshkruan udh\u00ebzime p\u00ebr parandalimin dhe luft\u00ebn kund\u00ebr shfryt\u00ebzimit t\u00eb pun\u00ebs, pun\u00ebs s\u00eb detyruar dhe trafikimit t\u00eb qenieve njer\u00ebzore.<\/p>\n<p>Nd\u00ebrsa mir\u00ebpriti pes\u00eb shofer\u00eb kenian\u00eb n\u00eb Flensburg t\u00eb enjten, ministri i Transportit i Schleswig-Holstein, Claus Ruhe Madsen tha se Gjermania kishte nevoj\u00eb p\u00ebr duar q\u00eb punojn\u00eb shum\u00eb dhe mendje t\u00eb zgjuara.<\/p>\n<p>\u201cNe thjesht duhet t\u00eb pozicionohemi n\u00eb Gjermani n\u00eb nj\u00eb m\u00ebnyr\u00eb t\u00eb till\u00eb q\u00eb t\u00eb jet\u00eb t\u00ebrheq\u00ebse p\u00ebr t\u00eb ardhur k\u00ebtu\u201d, shtoi Madsen.<\/p>\n<p>Drejtuesit jan\u00eb grupi i par\u00eb i pun\u00ebtor\u00ebve kenian\u00eb, t\u00eb cil\u00ebt do t\u00eb trajnohen nga kompania e autobus\u00ebve Aktiv n\u00eb nj\u00eb projekt pilot, me shpres\u00ebn p\u00ebr t\u00eb gjetur nj\u00eb pun\u00eb n\u00eb Gjermani.<\/p>\n<p>Mjek\u00ebt, infermier\u00ebt dhe m\u00ebsuesit jan\u00eb nd\u00ebr ata q\u00eb pritet t\u00eb marrin pjes\u00eb n\u00eb program.<\/p>\n<p>The post <a href=\"https:\/\/albanianpost.com\/gjermania-do-te-mireprese-250-mije-keniane-ne-marreveshjen-e-punes\/\">Gjermania do t\u00eb mir\u00ebpres\u00eb 250 mij\u00eb kenian\u00eb, n\u00eb marr\u00ebveshjen e pun\u00ebs<\/a> appeared first on <a href=\"https:\/\/albanianpost.com\/\">Albanian Post<\/a>.<\/p>\n","protected":false},"excerpt":{"rendered":"<p>Gjermania ka r\u00ebn\u00eb dakord t\u00eb hap\u00eb dyert p\u00ebr 250 mij\u00eb pun\u00ebtor\u00eb kenian\u00eb t\u00eb kualifikuar dhe gjysm\u00eb t\u00eb kualifikuar, n\u00eb nj\u00eb marr\u00ebveshje t\u00eb kontrolluar dhe t\u00eb synuar p\u00ebr migracionin p\u00ebr motive pun\u00ebsimi. Kenia po p\u00ebrballet me v\u00ebshtir\u00ebsi n\u00eb rritje p\u00ebr t\u00eb siguruar pun\u00eb dhe t\u00eb ardhura t\u00eb mjaftueshme p\u00ebr profesionist\u00ebt e saj t\u00eb rinj, nd\u00ebrsa Gjermania [&hellip;]<\/p>\n","protected":false},"author":1,"featured_media":9133,"comment_status":"open","ping_status":"open","sticky":false,"template":"","format":"standard","meta":{"footnotes":""},"categories":[1],"tags":[],"class_list":["post-9132","post","type-post","status-publish","format-standard","has-post-thumbnail","hentry","category-uncategorized"],"_links":{"self":[{"href":"https:\/\/radiogjilani.com\/index.php\/wp-json\/wp\/v2\/posts\/9132","targetHints":{"allow":["GET"]}}],"collection":[{"href":"https:\/\/radiogjilani.com\/index.php\/wp-json\/wp\/v2\/posts"}],"about":[{"href":"https:\/\/radiogjilani.com\/index.php\/wp-json\/wp\/v2\/types\/post"}],"author":[{"embeddable":true,"href":"https:\/\/radiogjilani.com\/index.php\/wp-json\/wp\/v2\/users\/1"}],"replies":[{"embeddable":true,"href":"https:\/\/radiogjilani.com\/index.php\/wp-json\/wp\/v2\/comments?post=9132"}],"version-history":[{"count":0,"href":"https:\/\/radiogjilani.com\/index.php\/wp-json\/wp\/v2\/posts\/9132\/revisions"}],"wp:featuredmedia":[{"embeddable":true,"href":"https:\/\/radiogjilani.com\/index.php\/wp-json\/wp\/v2\/media\/9133"}],"wp:attachment":[{"href":"https:\/\/radiogjilani.com\/index.php\/wp-json\/wp\/v2\/media?parent=9132"}],"wp:term":[{"taxonomy":"category","embeddable":true,"href":"https:\/\/radiogjilani.com\/index.php\/wp-json\/wp\/v2\/categories?post=9132"},{"taxonomy":"post_tag","embeddable":true,"href":"https:\/\/radiogjilani.com\/index.php\/wp-json\/wp\/v2\/tags?post=9132"}],"curies":[{"name":"wp","href":"https:\/\/api.w.org\/{rel}","templated":true}]}}