{"id":9180,"date":"2024-09-15T05:20:11","date_gmt":"2024-09-15T05:20:11","guid":{"rendered":"https:\/\/radiogjilani.com\/index.php\/2024\/09\/15\/rafael-leao-endrra-e-pamundur-e-barcelona-s\/"},"modified":"2024-09-15T05:20:11","modified_gmt":"2024-09-15T05:20:11","slug":"rafael-leao-endrra-e-pamundur-e-barcelona-s","status":"publish","type":"post","link":"https:\/\/radiogjilani.com\/index.php\/2024\/09\/15\/rafael-leao-endrra-e-pamundur-e-barcelona-s\/","title":{"rendered":"Rafael Leao, \u00ebndrra e pamundur e Barcelona-s"},"content":{"rendered":"<p>Rafael Leao, ylli i Milan-it, \u00ebsht\u00eb kthyer n\u00eb nj\u00eb nga emrat m\u00eb t\u00eb d\u00ebshiruar nga Barcelona.<\/p>\n<p>N\u00eb mosh\u00ebn 25-vje\u00e7are, portugezja ka treguar nj\u00eb nivel spektakolar loje, gj\u00eb q\u00eb ka ngjallur interesin e disa t\u00eb m\u00ebdhenjve evropian\u00eb, ku klubi i Bar\u00e7\u00ebs \u00ebsht\u00eb nj\u00eb nga m\u00eb k\u00ebmb\u00ebngul\u00ebsit.<\/p>\n<p>Megjithat\u00eb, aspiratat e Bar\u00e7\u00ebs duket se bien ndesh me realitetin kontraktual t\u00eb lojtarit, i cili ka nj\u00eb lidhje me Milan-in deri n\u00eb vitin 2028, gj\u00eb q\u00eb e komplikon seriozisht nj\u00eb operacion t\u00eb mundsh\u00ebm.<\/p>\n<p>Performanca e Leao-s sezonin e kaluar ishte e jasht\u00ebzakonshme, me 15 gola dhe 14 asistime q\u00eb e ndihmuan Milan-in t\u00eb q\u00ebndronte n\u00eb luft\u00ebn p\u00ebr vendet e para n\u00eb Serie A dhe t\u00eb dallohej n\u00eb garat evropiane.<\/p>\n<p>\t\t<i><\/i><ins data-dcm-landing-page-escapes=\"0\" data-dcm-click-tracker=\"https:\/\/track.adform.net\/C\/?bn=73199340;adfibeg=0;cdata=wY0ZHC8ypbQniOq3Sj8hschgQeJ3VY4zU1bO9ulaUP_iCMviXuI_n4RPYRHBxkqVPVtGasWBO2DsQ97SqeB3vafpodL8HlhSS5QNXFy9YSXxjmdMEY9WqD7eKsUQLet9dO-UMsCLM2opnkTpCdy6-w2;;CREFURL=https%3a%2f%2feuro-pixel.com%2ftest.php;C=1;cpdir=\" class=\"dcmads\" data-dcm-placement=\"N571601.4773204ALBANIANPOST.COM\/B32392692.399829096\" data-dcm-rendering-mode=\"iframe\" data-dcm-https-only=\"\" data-dcm-api-frameworks=\"[APIFRAMEWORKS]\" data-dcm-omid-partner=\"[OMIDPARTNER]\" data-dcm-gdpr-applies=\"gdpr=\" data-dcm-gdpr-consent=\"gdpr_consent=\" data-dcm-addtl-consent=\"addtl_consent=${ADDTL_CONSENT}\" data-dcm-ltd=\"false\" data-dcm-resettable-device-id=\"\" data-dcm-app-id=\"\" data-dcm-processed=\"y\"><\/p>\n<p>\t\t<\/ins><\/p>\n<p>Aft\u00ebsia e tij p\u00ebr t\u00eb \u00e7ekuilibruar rival\u00ebt me shpejt\u00ebsin\u00eb, driblimin dhe vizionin e loj\u00ebs e kan\u00eb vendosur at\u00eb n\u00eb mesin e sulmuesve m\u00eb t\u00eb mir\u00eb n\u00eb bot\u00eb, di\u00e7ka q\u00eb nuk ka kaluar pa u v\u00ebn\u00eb re nga bordi i Barcelona-s.<\/p>\n<p>Por, \u00e7mimi i k\u00ebrkuar nga Milan-i, i cili \u00ebsht\u00eb rreth 100 milion\u00eb euro, e b\u00ebn thuajse t\u00eb pamundur n\u00ebnshkrimin e tij p\u00ebr klubin katalanas, p\u00ebr shkak t\u00eb kufizimeve financiare q\u00eb po kalon.<\/p>\n<p>Klauzola e nd\u00ebrprerjes dhe koh\u00ebzgjatja e kontrat\u00ebs s\u00eb tij p\u00ebrforcojn\u00eb pozicionin e skuadr\u00ebs italiane, e cila nuk \u00ebsht\u00eb e gatshme t\u00eb l\u00ebr\u00eb leht\u00ebsisht nj\u00eb nga lojtar\u00ebt ky\u00e7 t\u00eb saj.<\/p>\n<p>Leao nga ana e tij duket se \u00ebsht\u00eb i fokusuar n\u00eb vazhdimin e karrier\u00ebs n\u00eb Itali, ku ka gjetur stabilitet, duke u b\u00ebr\u00eb nj\u00eb nga figurat e projektit kuqezi.<\/p>\n<p>Interesi i skuadrave si Barcelona do t\u00eb vazhdoj\u00eb t\u00eb jet\u00eb konstant, por e ardhmja e Rafael Leao-s, t\u00eb pakt\u00ebn n\u00eb afat t\u00eb shkurt\u00ebr, duket se \u00ebsht\u00eb m\u00eb e lidhur me Milan-in.<\/p>\n<p>N\u00ebse ai ruan performanc\u00ebn e tij, nuk do t\u00eb ishte e \u00e7uditshme q\u00eb gjigant\u00ebt e tjer\u00eb evropian\u00eb t\u2019i bashkohen luft\u00ebs p\u00ebr n\u00ebnshkrimin e tij, por \u00e7do l\u00ebvizje do t\u00eb kusht\u00ebzohet nga shifrat e larta q\u00eb do t\u00eb k\u00ebrkoj\u00eb Milan-i p\u00ebr transferimin e tij.<\/p>\n<p>The post <a href=\"https:\/\/albanianpost.com\/rafael-leao-endrra-e-pamundur-e-barcelona-s\/\">Rafael Leao, \u00ebndrra e pamundur e Barcelona-s<\/a> appeared first on <a href=\"https:\/\/albanianpost.com\/\">Albanian Post<\/a>.<\/p>\n","protected":false},"excerpt":{"rendered":"<p>Rafael Leao, ylli i Milan-it, \u00ebsht\u00eb kthyer n\u00eb nj\u00eb nga emrat m\u00eb t\u00eb d\u00ebshiruar nga Barcelona. N\u00eb mosh\u00ebn 25-vje\u00e7are, portugezja ka treguar nj\u00eb nivel spektakolar loje, gj\u00eb q\u00eb ka ngjallur interesin e disa t\u00eb m\u00ebdhenjve evropian\u00eb, ku klubi i Bar\u00e7\u00ebs \u00ebsht\u00eb nj\u00eb nga m\u00eb k\u00ebmb\u00ebngul\u00ebsit. Megjithat\u00eb, aspiratat e Bar\u00e7\u00ebs duket se bien ndesh me realitetin [&hellip;]<\/p>\n","protected":false},"author":1,"featured_media":9181,"comment_status":"open","ping_status":"open","sticky":false,"template":"","format":"standard","meta":{"footnotes":""},"categories":[1],"tags":[],"class_list":["post-9180","post","type-post","status-publish","format-standard","has-post-thumbnail","hentry","category-uncategorized"],"_links":{"self":[{"href":"https:\/\/radiogjilani.com\/index.php\/wp-json\/wp\/v2\/posts\/9180","targetHints":{"allow":["GET"]}}],"collection":[{"href":"https:\/\/radiogjilani.com\/index.php\/wp-json\/wp\/v2\/posts"}],"about":[{"href":"https:\/\/radiogjilani.com\/index.php\/wp-json\/wp\/v2\/types\/post"}],"author":[{"embeddable":true,"href":"https:\/\/radiogjilani.com\/index.php\/wp-json\/wp\/v2\/users\/1"}],"replies":[{"embeddable":true,"href":"https:\/\/radiogjilani.com\/index.php\/wp-json\/wp\/v2\/comments?post=9180"}],"version-history":[{"count":0,"href":"https:\/\/radiogjilani.com\/index.php\/wp-json\/wp\/v2\/posts\/9180\/revisions"}],"wp:featuredmedia":[{"embeddable":true,"href":"https:\/\/radiogjilani.com\/index.php\/wp-json\/wp\/v2\/media\/9181"}],"wp:attachment":[{"href":"https:\/\/radiogjilani.com\/index.php\/wp-json\/wp\/v2\/media?parent=9180"}],"wp:term":[{"taxonomy":"category","embeddable":true,"href":"https:\/\/radiogjilani.com\/index.php\/wp-json\/wp\/v2\/categories?post=9180"},{"taxonomy":"post_tag","embeddable":true,"href":"https:\/\/radiogjilani.com\/index.php\/wp-json\/wp\/v2\/tags?post=9180"}],"curies":[{"name":"wp","href":"https:\/\/api.w.org\/{rel}","templated":true}]}}