{"id":9206,"date":"2024-09-16T05:31:03","date_gmt":"2024-09-16T05:31:03","guid":{"rendered":"https:\/\/radiogjilani.com\/index.php\/2024\/09\/16\/ldk-pretendon-se-sekretari-i-saj-ne-podujeve-u-sulmua-nga-bashkepunetori-i-bulliqit\/"},"modified":"2024-09-16T05:31:03","modified_gmt":"2024-09-16T05:31:03","slug":"ldk-pretendon-se-sekretari-i-saj-ne-podujeve-u-sulmua-nga-bashkepunetori-i-bulliqit","status":"publish","type":"post","link":"https:\/\/radiogjilani.com\/index.php\/2024\/09\/16\/ldk-pretendon-se-sekretari-i-saj-ne-podujeve-u-sulmua-nga-bashkepunetori-i-bulliqit\/","title":{"rendered":"LDK pretendon se sekretari i saj n\u00eb Podujev\u00eb u sulmua nga bashk\u00ebpun\u00ebtori i Bulliqit"},"content":{"rendered":"<p>Dega e Lidhjes Demokratike t\u00eb Kosov\u00ebs n\u00eb Podujev\u00eb, po pretendon se sekretari Besim Latifi, \u00ebsht\u00eb sulmuar nga bashk\u00ebpun\u00ebtori i ngusht\u00eb i kryetarit t\u00eb k\u00ebsaj komune, Shpejtim Bulliqi. N\u00eb reagimin e deg\u00ebs s\u00eb LDK-s\u00eb thuhet se incidenti ka ndodhur pa ndonj\u00eb problem paraprak. \u201cRasti \u00ebsht\u00eb raportuar n\u00eb Policin\u00eb e Kosov\u00ebs dhe, sipas njoftimeve t\u00eb policis\u00eb, i nj\u00ebjti \u00ebsht\u00eb duke u trajtuar sipas procedurave&#8230;<\/p>\n<p><a href=\"https:\/\/ekonomiaonline.com\/ldk-pretendon-se-sekretari-i-saj-ne-podujeve-u-sulmua-nga-bashkepunetori-i-bulliqit\/\" rel=\"nofollow\">Source<\/a><\/p>\n","protected":false},"excerpt":{"rendered":"<p>Dega e Lidhjes Demokratike t\u00eb Kosov\u00ebs n\u00eb Podujev\u00eb, po pretendon se sekretari Besim Latifi, \u00ebsht\u00eb sulmuar nga bashk\u00ebpun\u00ebtori i ngusht\u00eb i kryetarit t\u00eb k\u00ebsaj komune, Shpejtim Bulliqi. N\u00eb reagimin e deg\u00ebs s\u00eb LDK-s\u00eb thuhet se incidenti ka ndodhur pa ndonj\u00eb problem paraprak. \u201cRasti \u00ebsht\u00eb raportuar n\u00eb Policin\u00eb e Kosov\u00ebs dhe, sipas njoftimeve t\u00eb policis\u00eb, i [&hellip;]<\/p>\n","protected":false},"author":1,"featured_media":9207,"comment_status":"open","ping_status":"open","sticky":false,"template":"","format":"standard","meta":{"footnotes":""},"categories":[19],"tags":[],"class_list":["post-9206","post","type-post","status-publish","format-standard","has-post-thumbnail","hentry","category-eko"],"_links":{"self":[{"href":"https:\/\/radiogjilani.com\/index.php\/wp-json\/wp\/v2\/posts\/9206","targetHints":{"allow":["GET"]}}],"collection":[{"href":"https:\/\/radiogjilani.com\/index.php\/wp-json\/wp\/v2\/posts"}],"about":[{"href":"https:\/\/radiogjilani.com\/index.php\/wp-json\/wp\/v2\/types\/post"}],"author":[{"embeddable":true,"href":"https:\/\/radiogjilani.com\/index.php\/wp-json\/wp\/v2\/users\/1"}],"replies":[{"embeddable":true,"href":"https:\/\/radiogjilani.com\/index.php\/wp-json\/wp\/v2\/comments?post=9206"}],"version-history":[{"count":0,"href":"https:\/\/radiogjilani.com\/index.php\/wp-json\/wp\/v2\/posts\/9206\/revisions"}],"wp:featuredmedia":[{"embeddable":true,"href":"https:\/\/radiogjilani.com\/index.php\/wp-json\/wp\/v2\/media\/9207"}],"wp:attachment":[{"href":"https:\/\/radiogjilani.com\/index.php\/wp-json\/wp\/v2\/media?parent=9206"}],"wp:term":[{"taxonomy":"category","embeddable":true,"href":"https:\/\/radiogjilani.com\/index.php\/wp-json\/wp\/v2\/categories?post=9206"},{"taxonomy":"post_tag","embeddable":true,"href":"https:\/\/radiogjilani.com\/index.php\/wp-json\/wp\/v2\/tags?post=9206"}],"curies":[{"name":"wp","href":"https:\/\/api.w.org\/{rel}","templated":true}]}}