{"id":9224,"date":"2024-09-16T05:31:39","date_gmt":"2024-09-16T05:31:39","guid":{"rendered":"https:\/\/radiogjilani.com\/index.php\/2024\/09\/16\/tajfuni-le-te-pakten-74-te-vdekur-ne-myanmar-pas-permbytjeve-dhe-rreshqitjeve-te-dheut\/"},"modified":"2024-09-16T05:31:39","modified_gmt":"2024-09-16T05:31:39","slug":"tajfuni-le-te-pakten-74-te-vdekur-ne-myanmar-pas-permbytjeve-dhe-rreshqitjeve-te-dheut","status":"publish","type":"post","link":"https:\/\/radiogjilani.com\/index.php\/2024\/09\/16\/tajfuni-le-te-pakten-74-te-vdekur-ne-myanmar-pas-permbytjeve-dhe-rreshqitjeve-te-dheut\/","title":{"rendered":"Tajfuni l\u00eb t\u00eb pakt\u00ebn 74 t\u00eb vdekur n\u00eb Myanmar pas p\u00ebrmbytjeve dhe rr\u00ebshqitjeve t\u00eb dheut"},"content":{"rendered":"<p>T\u00eb pakt\u00ebn 74 persona kan\u00eb vdekur dhe shum\u00eb t\u00eb tjer\u00eb jan\u00eb ende t\u00eb zhdukur n\u00eb Myanmar pas p\u00ebrmbytjeve t\u00eb m\u00ebdha dhe rr\u00ebshqitjeve t\u00eb dheut t\u00eb shkaktuara nga tajfuni Yagi, njoftuan mediat shtet\u00ebrore t\u00eb diel\u00ebn.<\/p>\n<p>P\u00ebrmbytjet n\u00eb t\u00eb gjith\u00eb vendin e shkat\u00ebrruar nga lufta civile kan\u00eb prekur m\u00eb shum\u00eb se 450 fshatra dhe lagje, sipas Agjencis\u00eb s\u00eb Lajmeve t\u00eb Myanmar (MNA).<\/p>\n<p>Ai shtoi se operacionet e k\u00ebrkim-shp\u00ebtimit jan\u00eb duke u zhvilluar p\u00ebr t\u00eb gjetur 89 persona ende t\u00eb zhdukur. Rreth 65 mij\u00eb sht\u00ebpi jan\u00eb shkat\u00ebrruar gjithashtu, sipas MNA.<\/p>\n<p>Imazhet nga agjencia e lajmeve AFP treguan sht\u00ebpi dhe automjete t\u00eb zhytura n\u00eb qytetin e Taungoo, nj\u00eb or\u00eb n\u00eb jug t\u00eb kryeqytetit Naypyidaw. Imazhet e tjera tregojn\u00eb banor\u00ebt duke evakuuar n\u00eb varka dhe gomone me bambu, sendet e tyre t\u00eb mb\u00ebshtjella me qese plastike.<\/p>\n<p>\t\t<i><\/i><ins data-dcm-landing-page-escapes=\"0\" data-dcm-click-tracker=\"https:\/\/track.adform.net\/C\/?bn=73199340;adfibeg=0;cdata=wY0ZHC8ypbQniOq3Sj8hschgQeJ3VY4zU1bO9ulaUP_iCMviXuI_n4RPYRHBxkqVPVtGasWBO2DsQ97SqeB3vafpodL8HlhSS5QNXFy9YSXxjmdMEY9WqD7eKsUQLet9dO-UMsCLM2opnkTpCdy6-w2;;CREFURL=https%3a%2f%2feuro-pixel.com%2ftest.php;C=1;cpdir=\" class=\"dcmads\" data-dcm-placement=\"N571601.4773204ALBANIANPOST.COM\/B32392692.399829096\" data-dcm-rendering-mode=\"iframe\" data-dcm-https-only=\"\" data-dcm-api-frameworks=\"[APIFRAMEWORKS]\" data-dcm-omid-partner=\"[OMIDPARTNER]\" data-dcm-gdpr-applies=\"gdpr=\" data-dcm-gdpr-consent=\"gdpr_consent=\" data-dcm-addtl-consent=\"addtl_consent=${ADDTL_CONSENT}\" data-dcm-ltd=\"false\" data-dcm-resettable-device-id=\"\" data-dcm-app-id=\"\" data-dcm-processed=\"y\"><\/p>\n<p>\t\t<\/ins><\/p>\n<p>Tajfuni Yagi, stuhia m\u00eb e fuqishme e Azis\u00eb k\u00ebt\u00eb vit, la nj\u00eb gjurm\u00eb shkat\u00ebrrimi n\u00eb t\u00eb gjith\u00eb Azin\u00eb Juglindore dhe Kin\u00ebn jugore pasi p\u00ebrfshiu rajonin me shira t\u00eb dendur dhe er\u00ebra t\u00eb forta.<\/p>\n<p>N\u00eb Vietnam, numri i t\u00eb vdekurve \u00ebsht\u00eb rritur n\u00eb t\u00eb pakt\u00ebn 226 si pasoj\u00eb e stuhis\u00eb dhe rr\u00ebshqitjeve t\u00eb dheut dhe p\u00ebrmbytjeve q\u00eb shkaktoi ajo, tha t\u00eb enjten agjencia e qeveris\u00eb p\u00ebr fatkeq\u00ebsit\u00eb, sipas Reuters.<\/p>\n<p>Dhe n\u00eb Tajland\u00eb, n\u00ebnt\u00eb persona vdiq\u00ebn jav\u00ebn e kaluar nga moti i keq i sjell\u00eb nga tajfuni, raportoi Reuters, duke cituar qeverin\u00eb tajlandeze \u2013 nga gjithsej 33 vdekje n\u00eb mbar\u00eb vendin q\u00eb nga gushti nga incidentet e lidhura me shiun, p\u00ebrfshir\u00eb rr\u00ebshqitjet e dheut.<\/p>\n<p>Stuhit\u00eb po b\u00ebhen m\u00eb intensive dhe m\u00eb vdekjeprur\u00ebse nga ngrohja e oqeanit, kan\u00eb paralajm\u00ebruar prej koh\u00ebsh shkenc\u00ebtar\u00ebt. Nd\u00ebrsa kombet e zhvilluara mbajn\u00eb nj\u00eb p\u00ebrgjegj\u00ebsi m\u00eb t\u00eb madhe historike p\u00ebr kriz\u00ebn klimatike t\u00eb shkaktuar nga njeriu, vendet n\u00eb zhvillim dhe shtetet me ishuj t\u00eb vegj\u00ebl po vuajn\u00eb ndikimet m\u00eb t\u00eb k\u00ebqija.<\/p>\n<p>The post <a href=\"https:\/\/albanianpost.com\/tajfuni-le-te-pakten-74-te-vdekur-ne-myanmar-pas-permbytjeve-dhe-rreshqitjeve-te-dheut\/\">Tajfuni l\u00eb t\u00eb pakt\u00ebn 74 t\u00eb vdekur n\u00eb Myanmar pas p\u00ebrmbytjeve dhe rr\u00ebshqitjeve t\u00eb dheut<\/a> appeared first on <a href=\"https:\/\/albanianpost.com\/\">Albanian Post<\/a>.<\/p>\n","protected":false},"excerpt":{"rendered":"<p>T\u00eb pakt\u00ebn 74 persona kan\u00eb vdekur dhe shum\u00eb t\u00eb tjer\u00eb jan\u00eb ende t\u00eb zhdukur n\u00eb Myanmar pas p\u00ebrmbytjeve t\u00eb m\u00ebdha dhe rr\u00ebshqitjeve t\u00eb dheut t\u00eb shkaktuara nga tajfuni Yagi, njoftuan mediat shtet\u00ebrore t\u00eb diel\u00ebn. P\u00ebrmbytjet n\u00eb t\u00eb gjith\u00eb vendin e shkat\u00ebrruar nga lufta civile kan\u00eb prekur m\u00eb shum\u00eb se 450 fshatra dhe lagje, sipas Agjencis\u00eb [&hellip;]<\/p>\n","protected":false},"author":1,"featured_media":9225,"comment_status":"open","ping_status":"open","sticky":false,"template":"","format":"standard","meta":{"footnotes":""},"categories":[1],"tags":[],"class_list":["post-9224","post","type-post","status-publish","format-standard","has-post-thumbnail","hentry","category-uncategorized"],"_links":{"self":[{"href":"https:\/\/radiogjilani.com\/index.php\/wp-json\/wp\/v2\/posts\/9224","targetHints":{"allow":["GET"]}}],"collection":[{"href":"https:\/\/radiogjilani.com\/index.php\/wp-json\/wp\/v2\/posts"}],"about":[{"href":"https:\/\/radiogjilani.com\/index.php\/wp-json\/wp\/v2\/types\/post"}],"author":[{"embeddable":true,"href":"https:\/\/radiogjilani.com\/index.php\/wp-json\/wp\/v2\/users\/1"}],"replies":[{"embeddable":true,"href":"https:\/\/radiogjilani.com\/index.php\/wp-json\/wp\/v2\/comments?post=9224"}],"version-history":[{"count":0,"href":"https:\/\/radiogjilani.com\/index.php\/wp-json\/wp\/v2\/posts\/9224\/revisions"}],"wp:featuredmedia":[{"embeddable":true,"href":"https:\/\/radiogjilani.com\/index.php\/wp-json\/wp\/v2\/media\/9225"}],"wp:attachment":[{"href":"https:\/\/radiogjilani.com\/index.php\/wp-json\/wp\/v2\/media?parent=9224"}],"wp:term":[{"taxonomy":"category","embeddable":true,"href":"https:\/\/radiogjilani.com\/index.php\/wp-json\/wp\/v2\/categories?post=9224"},{"taxonomy":"post_tag","embeddable":true,"href":"https:\/\/radiogjilani.com\/index.php\/wp-json\/wp\/v2\/tags?post=9224"}],"curies":[{"name":"wp","href":"https:\/\/api.w.org\/{rel}","templated":true}]}}