{"id":9244,"date":"2024-09-17T06:19:06","date_gmt":"2024-09-17T06:19:06","guid":{"rendered":"https:\/\/radiogjilani.com\/index.php\/2024\/09\/17\/vazhdon-procesi-gjyqesor-ndaj-ish-krereve-te-uck-se-2\/"},"modified":"2024-09-17T06:19:06","modified_gmt":"2024-09-17T06:19:06","slug":"vazhdon-procesi-gjyqesor-ndaj-ish-krereve-te-uck-se-2","status":"publish","type":"post","link":"https:\/\/radiogjilani.com\/index.php\/2024\/09\/17\/vazhdon-procesi-gjyqesor-ndaj-ish-krereve-te-uck-se-2\/","title":{"rendered":"Vazhdon procesi gjyq\u00ebsor ndaj ish-krer\u00ebve t\u00eb U\u00c7K-s\u00eb"},"content":{"rendered":"<p>N\u00eb Dhomat e Specializuara t\u00eb Kosov\u00ebs n\u00eb Hag\u00eb sot vazhdon procesi gjyq\u00ebsor ndaj ish-krer\u00ebve t\u00eb Ushtris\u00eb \u00c7lirimtare t\u00eb Kosov\u00ebs Hashim Tha\u00e7it, Kadri Veselit, Rexhep Selimit dhe Jakup Krasniqit.N\u00eb Dhomat e Specializuara t\u00eb Kosov\u00ebs n\u00eb Hag\u00eb, dje ka d\u00ebshmuar d\u00ebshmitari i 85-t\u00eb i Zyr\u00ebs s\u00eb Prokurorit t\u00eb Specializuar. Ky d\u00ebshmitar ka d\u00ebshmuar me masa mbrojt\u00ebse dhe sipas p\u00ebrmbledhjes s\u00eb lexuar nga&#8230;<\/p>\n<p><a href=\"https:\/\/ekonomiaonline.com\/vazhdon-procesi-gjyqesor-ndaj-ish-krereve-te-uck-se-11\/\" rel=\"nofollow\">Source<\/a><\/p>\n","protected":false},"excerpt":{"rendered":"<p>N\u00eb Dhomat e Specializuara t\u00eb Kosov\u00ebs n\u00eb Hag\u00eb sot vazhdon procesi gjyq\u00ebsor ndaj ish-krer\u00ebve t\u00eb Ushtris\u00eb \u00c7lirimtare t\u00eb Kosov\u00ebs Hashim Tha\u00e7it, Kadri Veselit, Rexhep Selimit dhe Jakup Krasniqit.N\u00eb Dhomat e Specializuara t\u00eb Kosov\u00ebs n\u00eb Hag\u00eb, dje ka d\u00ebshmuar d\u00ebshmitari i 85-t\u00eb i Zyr\u00ebs s\u00eb Prokurorit t\u00eb Specializuar. Ky d\u00ebshmitar ka d\u00ebshmuar me masa mbrojt\u00ebse dhe [&hellip;]<\/p>\n","protected":false},"author":1,"featured_media":9245,"comment_status":"open","ping_status":"open","sticky":false,"template":"","format":"standard","meta":{"footnotes":""},"categories":[19],"tags":[],"class_list":["post-9244","post","type-post","status-publish","format-standard","has-post-thumbnail","hentry","category-eko"],"_links":{"self":[{"href":"https:\/\/radiogjilani.com\/index.php\/wp-json\/wp\/v2\/posts\/9244","targetHints":{"allow":["GET"]}}],"collection":[{"href":"https:\/\/radiogjilani.com\/index.php\/wp-json\/wp\/v2\/posts"}],"about":[{"href":"https:\/\/radiogjilani.com\/index.php\/wp-json\/wp\/v2\/types\/post"}],"author":[{"embeddable":true,"href":"https:\/\/radiogjilani.com\/index.php\/wp-json\/wp\/v2\/users\/1"}],"replies":[{"embeddable":true,"href":"https:\/\/radiogjilani.com\/index.php\/wp-json\/wp\/v2\/comments?post=9244"}],"version-history":[{"count":0,"href":"https:\/\/radiogjilani.com\/index.php\/wp-json\/wp\/v2\/posts\/9244\/revisions"}],"wp:featuredmedia":[{"embeddable":true,"href":"https:\/\/radiogjilani.com\/index.php\/wp-json\/wp\/v2\/media\/9245"}],"wp:attachment":[{"href":"https:\/\/radiogjilani.com\/index.php\/wp-json\/wp\/v2\/media?parent=9244"}],"wp:term":[{"taxonomy":"category","embeddable":true,"href":"https:\/\/radiogjilani.com\/index.php\/wp-json\/wp\/v2\/categories?post=9244"},{"taxonomy":"post_tag","embeddable":true,"href":"https:\/\/radiogjilani.com\/index.php\/wp-json\/wp\/v2\/tags?post=9244"}],"curies":[{"name":"wp","href":"https:\/\/api.w.org\/{rel}","templated":true}]}}