{"id":9262,"date":"2024-09-17T06:19:27","date_gmt":"2024-09-17T06:19:27","guid":{"rendered":"https:\/\/radiogjilani.com\/index.php\/2024\/09\/17\/raundi-i-ri-i-negociatave-ne-bruksel-nje-rast-per-progres-apo-nje-gozhde-me-teper-ne-arkivolin-e-dialogut\/"},"modified":"2024-09-17T06:19:27","modified_gmt":"2024-09-17T06:19:27","slug":"raundi-i-ri-i-negociatave-ne-bruksel-nje-rast-per-progres-apo-nje-gozhde-me-teper-ne-arkivolin-e-dialogut","status":"publish","type":"post","link":"https:\/\/radiogjilani.com\/index.php\/2024\/09\/17\/raundi-i-ri-i-negociatave-ne-bruksel-nje-rast-per-progres-apo-nje-gozhde-me-teper-ne-arkivolin-e-dialogut\/","title":{"rendered":"Raundi i ri i negociatave n\u00eb Bruksel: Nj\u00eb rast p\u00ebr progres apo nj\u00eb gozhd\u00eb m\u00eb tep\u00ebr n\u00eb \u201carkivolin\u201d e dialogut?"},"content":{"rendered":"<p>Nj\u00eb raund i ri i negociatave do t\u00eb mbahet t\u00eb mart\u00ebn (sot, 17 shtator) n\u00eb Bruksel midis kryenegociator\u00ebve t\u00eb Kosov\u00ebs dhe Serbis\u00eb \u2013 Besnik Bislimi dhe Petar Petkovi\u00e7 \u2013 nd\u00ebrsa Emisari Special i Bashkimit Evropian (BE) p\u00ebr dialogun Prishtin\u00eb-Beograd, Mirosllav Laj\u00e7ak, synon t\u00eb arrij\u00eb progres n\u00eb zbatimin e marr\u00ebveshjes s\u00eb arritur n\u00eb Oh\u00ebr m\u00eb shum\u00eb se nj\u00eb vit m\u00eb par\u00eb.<\/p>\n<p>K\u00ebt\u00eb e ka konfirmuar z\u00ebdh\u00ebn\u00ebsi i BE-s\u00eb p\u00ebr Politik\u00eb t\u00eb Jashtme dhe Siguri, Peter Stano, i cili, n\u00eb nj\u00eb konferenc\u00eb p\u00ebr shtyp t\u00eb h\u00ebn\u00ebn, ka njoftuar se pal\u00ebt do t\u00eb diskutojn\u00eb p\u00ebr rrug\u00ebn drejt zbatimit t\u00eb marr\u00ebveshjeve t\u00eb arritura n\u00eb kuad\u00ebr t\u00eb dialogut p\u00ebr normalizimin e marr\u00ebdh\u00ebnieve n\u00ebn kujdesin e BE-s\u00eb.<\/p>\n<p>\u201cAgjenda \u00ebsht\u00eb e qart\u00eb: rruga p\u00ebrpara n\u00eb zbatimin e Marr\u00ebveshjes s\u00eb Ohrit dhe sigurisht diskutimet n\u00eb \u00e7\u00ebshtjet q\u00eb jan\u00eb duke ndikuar n\u00eb normalizimin mes Kosov\u00ebs dhe Serbis\u00eb. Rruga p\u00ebrpara p\u00ebr t\u00eb dyja pal\u00ebt \u00ebsht\u00eb konfirmimi i angazhimit konstruktiv n\u00eb procesin e normalizimit. Rasti i par\u00eb p\u00ebr k\u00ebt\u00eb \u00ebsht\u00eb takimi i kryenegociator\u00ebve m\u00eb 17 shtator n\u00eb Bruksel\u201d, ka deklaruar ai.<\/p>\n<p>Megjithat\u00eb, nuk \u00ebsht\u00eb ende e qart\u00eb n\u00ebse kryenegociator\u00ebt do t\u00eb zhvillojn\u00eb takime trepal\u00ebshe, apo vet\u00ebm ve\u00e7 e ve\u00e7. Z\u00ebvend\u00ebskryeministri i Kosov\u00ebs ka deklaruar s\u00eb fundi se Serbia ka refuzuar takimin e p\u00ebrbashk\u00ebt: \u201cKosova ka pranuar takimin trelateral sipas agjend\u00ebs s\u00eb caktuar nga nd\u00ebrmjet\u00ebsuesi. Serbia ka refuzuar nj\u00eb takim t\u00eb till\u00eb, duke u p\u00ebrpjekur t\u00eb imponoj\u00eb agjend\u00ebn\u201d.<\/p>\n<p>\t\t<i><\/i><ins data-dcm-landing-page-escapes=\"0\" data-dcm-click-tracker=\"https:\/\/track.adform.net\/C\/?bn=73199340;adfibeg=0;cdata=wY0ZHC8ypbQniOq3Sj8hschgQeJ3VY4zU1bO9ulaUP_iCMviXuI_n4RPYRHBxkqVPVtGasWBO2DsQ97SqeB3vafpodL8HlhSS5QNXFy9YSXxjmdMEY9WqD7eKsUQLet9dO-UMsCLM2opnkTpCdy6-w2;;CREFURL=https%3a%2f%2feuro-pixel.com%2ftest.php;C=1;cpdir=\" class=\"dcmads\" data-dcm-placement=\"N571601.4773204ALBANIANPOST.COM\/B32392692.399829096\" data-dcm-rendering-mode=\"iframe\" data-dcm-https-only=\"\" data-dcm-api-frameworks=\"[APIFRAMEWORKS]\" data-dcm-omid-partner=\"[OMIDPARTNER]\" data-dcm-gdpr-applies=\"gdpr=\" data-dcm-gdpr-consent=\"gdpr_consent=\" data-dcm-addtl-consent=\"addtl_consent=${ADDTL_CONSENT}\" data-dcm-ltd=\"false\" data-dcm-resettable-device-id=\"\" data-dcm-app-id=\"\" data-dcm-processed=\"y\"><\/p>\n<p>\t\t<\/ins><\/p>\n<p>Nga ana tjet\u00ebr, shefi i t\u00eb ashtuquajtur\u00ebs \u201cZyr\u00eb p\u00ebr Kosov\u00ebn\u201d n\u00eb Qeverin\u00eb e Serbis\u00eb, ka pretenduar n\u00eb nj\u00eb intervist\u00eb p\u00ebr gazet\u00ebn qeveritare \u201cInformer\u201d t\u00eb h\u00ebn\u00ebn se Serbia do t\u00eb k\u00ebrkoj\u00eb \u201czgjidhje kompromisi\u201d n\u00eb kuad\u00ebr t\u00eb dialogut, por sipas tij, duhet q\u00eb edhe Kosova t\u00eb jet\u00eb \u201ce gatshme\u201d p\u00ebr bisedime.<\/p>\n<p>E cikli i ri i negociatave vjen n\u00eb koh\u00ebn kur Kosova ka shprehur pak\u00ebnaq\u00ebsi rreth m\u00ebnyr\u00ebs s\u00eb nd\u00ebrmjet\u00ebsimit t\u00eb BE-s\u00eb, duke shenj\u00ebzuar posa\u00e7\u00ebrisht Laj\u00e7akun, i cili vazhdon t\u00eb jet\u00eb n\u00eb qend\u00ebr t\u00eb kritikave t\u00eb zyrtar\u00ebve institucional\u00eb, t\u00eb cilin, n\u00eb rastin m\u00eb t\u00eb mir\u00eb e konsiderojn\u00eb t\u00eb nj\u00ebansh\u00ebm.<\/p>\n<p>Kryetari i Kuvendit t\u00eb Kosov\u00ebs, Glauk Konjufca, derisa ka shprehur pesimizmin se mund t\u00eb dal\u00eb \u201cdi\u00e7ka\u201d nga rrethi i ri i negociatave n\u00eb nivel t\u00eb kryenegociator\u00ebve, ka th\u00ebn\u00eb se dialogu n\u00ebn nd\u00ebrmjet\u00ebsimin e deritanish\u00ebm t\u00eb Laj\u00e7akut \u201ctashm\u00eb ka vdekur\u201d dhe zor se do t\u00eb \u201cringjallet\u201d brenda k\u00ebtij viti.<\/p>\n<p>\u201cSa i p\u00ebrket perspektiv\u00ebs s\u00eb dialogut, ai ndodhet n\u00eb nj\u00eb qorrsokak prej t\u00eb cilit nuk shoh shum\u00eb rrug\u00ebdalje\u201d, ka theksuar Konjufca, duke p\u00ebrmendur sulmin e armatosur t\u00eb 24 shtatorit 2023 n\u00eb fshatin Banjsk\u00eb t\u00eb Zve\u00e7anit \u2013 komun\u00eb e banuar me shumic\u00eb serbe \u2013 n\u00eb veriun e Kosov\u00ebs t\u00eb\u00a0ngjeshur nga tensionet.<\/p>\n<p>\u201cAjo q\u00eb ka ndodhur n\u00eb Banjsk\u00eb ka qen\u00eb gozhda e fundit n\u00eb arkivolin e dialogut. Ne jemi t\u00eb vet\u00ebdijsh\u00ebm \u2013 dhe kjo \u00ebsht\u00eb e qart\u00eb \u2013 q\u00eb bashk\u00ebsia nd\u00ebrkomb\u00ebtare \u00ebsht\u00eb e nj\u00ebanshme n\u00eb relacionet mes Kosov\u00ebs e Serbis\u00eb. Besoj q\u00eb duhet nj\u00eb drejtim krejt i ri\u201d, ka th\u00ebn\u00eb ai n\u00eb nj\u00eb konferenc\u00eb jav\u00ebn e kaluar.<\/p>\n<p>Autoritetet e Kosov\u00ebs q\u00eb nga fillimi i vitit 2024 kan\u00eb mbyllur disa institucione paralele t\u00eb Serbis\u00eb. E mbyllja e tyre \u00ebsht\u00eb kund\u00ebrshtuar nga serb\u00ebt lokal\u00eb, zyrtar\u00ebt serb\u00eb dhe nj\u00eb pjes\u00eb e komunitetit nd\u00ebrkomb\u00ebtar. Presidenti i Serbis\u00eb, Aleksand\u00ebr Vu\u00e7i\u00e7, ka nxjerr\u00eb disa \u201cmasa\/kushte\u201d rreth k\u00ebtyre zhvillimeve.<\/p>\n<p>N\u00eb mesin e tyre, shpallja e zgjedhjeve t\u00eb reja lokale n\u00eb veri t\u00eb Kosov\u00ebs, kthimi i polic\u00ebve, gjyqtar\u00ebve e prokuror\u00ebve serb\u00eb n\u00eb institucione, t\u00ebrheqja e nj\u00ebsive speciale t\u00eb Policis\u00eb s\u00eb Kosov\u00ebs nga veriu, krahas themelimit t\u00eb Asociacionit t\u00eb Komunave me Shumic\u00eb Serbe. Gjithashtu, nj\u00eb nga masat \u00ebsht\u00eb edhe shpallja e nj\u00eb \u201czone t\u00eb ve\u00e7ant\u00eb p\u00ebr mbrojtje sociale\u201d referuar veriut t\u00eb Kosov\u00ebs.<\/p>\n<p>Nd\u00ebrkoh\u00eb, thirrjet e presidentit t\u00eb Serbis\u00eb p\u00ebr riintegrimin e serb\u00ebve n\u00eb institucionet e Kosov\u00ebs nuk jan\u00eb komentuar nga kryeministri kosovar, Albin Kurti, por jan\u00eb mir\u00ebpritur nga BE-ja. Megjithat\u00eb, ministrja e Pun\u00ebve t\u00eb Jashtme t\u00eb Kosov\u00ebs, Donika G\u00ebrvalla, ka b\u00ebr\u00eb thirrje q\u00eb BE-ja t\u00eb d\u00ebnoj\u00eb sjelljen dhe gjuh\u00ebn agresive e armiq\u00ebsore t\u00eb Vu\u00e7i\u00e7it karshi Kosov\u00ebs.<\/p>\n<div class=\"x11i5rnm xat24cr x1mh8g0r x1vvkbs xtlvy1s x126k92a\">Ndryshe, takimet e mbajtura s\u00eb fundi n\u00eb dialogun nd\u00ebrmjet Kosov\u00ebs dhe Serbis\u00eb n\u00ebn nd\u00ebrmjet\u00ebsimin e BE-s\u00eb, qoft\u00eb n\u00eb nivel t\u00eb lart\u00eb apo n\u00eb nivel t\u00eb kryenegociator\u00ebve, nuk kan\u00eb prodhuar rezultate konkrete. Kosova dhe Serbia vazhdimisht faj\u00ebsojn\u00eb nj\u00ebra-tjetr\u00ebn p\u00ebr moszbatimin e marr\u00ebveshjeve ekzistuese apo p\u00ebr d\u00ebshtimin dhe ng\u00ebr\u00e7in n\u00eb kuad\u00ebr t\u00eb procesit t\u00eb dialogut.<\/div>\n<p>The post <a href=\"https:\/\/albanianpost.com\/raundi-i-ri-i-negociatave-ne-bruksel-nje-rast-per-progres-apo-nje-gozhde-me-teper-ne-arkivolin-e-dialogut\/\">Raundi i ri i negociatave n\u00eb Bruksel: Nj\u00eb rast p\u00ebr progres apo nj\u00eb gozhd\u00eb m\u00eb tep\u00ebr n\u00eb \u201carkivolin\u201d e dialogut?<\/a> appeared first on <a href=\"https:\/\/albanianpost.com\/\">Albanian Post<\/a>.<\/p>\n","protected":false},"excerpt":{"rendered":"<p>Nj\u00eb raund i ri i negociatave do t\u00eb mbahet t\u00eb mart\u00ebn (sot, 17 shtator) n\u00eb Bruksel midis kryenegociator\u00ebve t\u00eb Kosov\u00ebs dhe Serbis\u00eb \u2013 Besnik Bislimi dhe Petar Petkovi\u00e7 \u2013 nd\u00ebrsa Emisari Special i Bashkimit Evropian (BE) p\u00ebr dialogun Prishtin\u00eb-Beograd, Mirosllav Laj\u00e7ak, synon t\u00eb arrij\u00eb progres n\u00eb zbatimin e marr\u00ebveshjes s\u00eb arritur n\u00eb Oh\u00ebr m\u00eb shum\u00eb [&hellip;]<\/p>\n","protected":false},"author":1,"featured_media":9263,"comment_status":"open","ping_status":"open","sticky":false,"template":"","format":"standard","meta":{"footnotes":""},"categories":[1],"tags":[],"class_list":["post-9262","post","type-post","status-publish","format-standard","has-post-thumbnail","hentry","category-uncategorized"],"_links":{"self":[{"href":"https:\/\/radiogjilani.com\/index.php\/wp-json\/wp\/v2\/posts\/9262","targetHints":{"allow":["GET"]}}],"collection":[{"href":"https:\/\/radiogjilani.com\/index.php\/wp-json\/wp\/v2\/posts"}],"about":[{"href":"https:\/\/radiogjilani.com\/index.php\/wp-json\/wp\/v2\/types\/post"}],"author":[{"embeddable":true,"href":"https:\/\/radiogjilani.com\/index.php\/wp-json\/wp\/v2\/users\/1"}],"replies":[{"embeddable":true,"href":"https:\/\/radiogjilani.com\/index.php\/wp-json\/wp\/v2\/comments?post=9262"}],"version-history":[{"count":0,"href":"https:\/\/radiogjilani.com\/index.php\/wp-json\/wp\/v2\/posts\/9262\/revisions"}],"wp:featuredmedia":[{"embeddable":true,"href":"https:\/\/radiogjilani.com\/index.php\/wp-json\/wp\/v2\/media\/9263"}],"wp:attachment":[{"href":"https:\/\/radiogjilani.com\/index.php\/wp-json\/wp\/v2\/media?parent=9262"}],"wp:term":[{"taxonomy":"category","embeddable":true,"href":"https:\/\/radiogjilani.com\/index.php\/wp-json\/wp\/v2\/categories?post=9262"},{"taxonomy":"post_tag","embeddable":true,"href":"https:\/\/radiogjilani.com\/index.php\/wp-json\/wp\/v2\/tags?post=9262"}],"curies":[{"name":"wp","href":"https:\/\/api.w.org\/{rel}","templated":true}]}}