{"id":9266,"date":"2024-09-17T06:19:25","date_gmt":"2024-09-17T06:19:25","guid":{"rendered":"https:\/\/radiogjilani.com\/index.php\/2024\/09\/17\/shqiptaret-jane-me-optimistet-e-rajonit-sipas-barometrit-te-ballkanit-2024\/"},"modified":"2024-09-17T06:19:25","modified_gmt":"2024-09-17T06:19:25","slug":"shqiptaret-jane-me-optimistet-e-rajonit-sipas-barometrit-te-ballkanit-2024","status":"publish","type":"post","link":"https:\/\/radiogjilani.com\/index.php\/2024\/09\/17\/shqiptaret-jane-me-optimistet-e-rajonit-sipas-barometrit-te-ballkanit-2024\/","title":{"rendered":"Shqiptar\u00ebt jan\u00eb m\u00eb optimist\u00ebt e rajonit, sipas Barometrit t\u00eb Ballkanit 2024"},"content":{"rendered":"<p>Ndoshta n\u00eb mas\u00eb nj\u00eb popullat\u00eb jo shum\u00eb optimiste, krahasuar me vendet e tjera m\u00eb t\u00eb zhvilluara, por sipas t\u00eb dh\u00ebnave t\u00eb reja t\u00eb publikuara nga Barometri i Ballkanit 2024, shqiptar\u00ebt jan\u00eb ata m\u00eb t\u00eb k\u00ebnaqurit me jet\u00ebn, nga gjith\u00eb vendet e tjera t\u00eb rajonit.<\/p>\n<p>K\u00ebshtu ka b\u00ebr\u00eb me dije anketimi, pas publikimit t\u00eb rezultateve p\u00ebr gjith\u00eb Ballkanin Per\u00ebndimor, ku ka nj\u00eb dallim t\u00eb qart\u00eb edhe t\u00eb problematikave, t\u00eb cilat shkaktojn\u00eb pak\u00ebnaq\u00ebsi n\u00eb jetes\u00eb.<\/p>\n<p>Fillimisht, vlen p\u00ebr t\u2019u theksuar se shqiptar\u00ebt jan\u00eb m\u00eb t\u00eb k\u00ebnaqurit dhe m\u00eb optimist\u00ebt me jet\u00ebn, n\u00eb krahasim me pes\u00eb shtetet e tjera. Rreth 30% e t\u00eb anketuarve n\u00eb Shqip\u00ebri jan\u00eb t\u00eb k\u00ebnaqur me situat\u00ebn ekonomike n\u00eb vend. teksa, 28%, mendojn\u00eb se situata ekonomike \u00ebsht\u00eb shum\u00eb e keqe.<\/p>\n<p>Ky \u00ebsht\u00eb edhe rezultati m\u00eb i mir\u00eb n\u00eb rajon, me Kosov\u00ebn t\u00eb dyt\u00ebn, me 29% optimiz\u00ebm, Serbin\u00eb me 26%, Malin e Zi me 22%, Bosnj\u00eb dhe Hercegovin\u00ebn me 16%, si edhe t\u00eb fundit Maqedonin\u00eb e Veriut, me nj\u00eb shif\u00ebr tejet t\u00eb ul\u00ebt optimist\u00ebsh, prej 9%.<\/p>\n<p>\t\t<i><\/i><ins data-dcm-landing-page-escapes=\"0\" data-dcm-click-tracker=\"https:\/\/track.adform.net\/C\/?bn=73199340;adfibeg=0;cdata=wY0ZHC8ypbQniOq3Sj8hschgQeJ3VY4zU1bO9ulaUP_iCMviXuI_n4RPYRHBxkqVPVtGasWBO2DsQ97SqeB3vafpodL8HlhSS5QNXFy9YSXxjmdMEY9WqD7eKsUQLet9dO-UMsCLM2opnkTpCdy6-w2;;CREFURL=https%3a%2f%2feuro-pixel.com%2ftest.php;C=1;cpdir=\" class=\"dcmads\" data-dcm-placement=\"N571601.4773204ALBANIANPOST.COM\/B32392692.399829096\" data-dcm-rendering-mode=\"iframe\" data-dcm-https-only=\"\" data-dcm-api-frameworks=\"[APIFRAMEWORKS]\" data-dcm-omid-partner=\"[OMIDPARTNER]\" data-dcm-gdpr-applies=\"gdpr=\" data-dcm-gdpr-consent=\"gdpr_consent=\" data-dcm-addtl-consent=\"addtl_consent=${ADDTL_CONSENT}\" data-dcm-ltd=\"false\" data-dcm-resettable-device-id=\"\" data-dcm-app-id=\"\" data-dcm-processed=\"y\"><\/p>\n<p>\t\t<\/ins><\/p>\n<p>N\u00eb fakt n\u00eb Shqip\u00ebri ka nj\u00eb raport pozitiv ngrit\u00ebs edhe me veten, pasi n\u00eb vitin 2023, e nj\u00ebjta anket\u00eb nxorri t\u00eb k\u00ebnaqur me situat\u00ebn ekonomike vet\u00ebm 24% t\u00eb t\u00eb anketuarve. Ndaj, brenda vitit, k\u00ebnaq\u00ebsia ekonomike \u00ebsht\u00eb rritur me thuajse 6%.<\/p>\n<p>R\u00ebnie t\u00eb madhe nd\u00ebrkaq ka paraqitur Kosova, por edhe vendet e tjera, ku n\u00eb vitin 2023, kosovar\u00ebt kan\u00eb qen\u00eb t\u00eb k\u00ebnaqur me ekonomin\u00eb n\u00eb mas\u00ebn 43%. Pra, duke n\u00ebnkuptuar k\u00ebshtu nj\u00eb r\u00ebnie drastike me 14% k\u00ebt\u00eb vit.<\/p>\n<p>Edhe n\u00eb Serbi r\u00ebnia ka qen\u00eb e ndjeshme, pasi vitin e kaluar 35% e serb\u00ebve mendonin se kishin situat\u00eb t\u00eb mir\u00eb ekonomike, por k\u00ebt\u00eb vit vet\u00ebm 26% e shohin k\u00ebshtu.<\/p>\n<p>Nj\u00ebkoh\u00ebsisht, bie n\u00eb sy se shqiptar\u00ebt e Shqip\u00ebris\u00eb dhe ata t\u00eb Kosov\u00ebs kan\u00eb nj\u00eb panoram\u00eb m\u00eb t\u00eb \u00e7elur sa i takon k\u00ebnaq\u00ebsis\u00eb ekonomike, pasi vet\u00ebm 8% dhe 3% respektivisht mendojn\u00eb se situata e p\u00ebrgjithshme ekonomike \u00ebsht\u00eb \u201cshum\u00eb e keqe\u201d n\u00eb vendet respektive.<\/p>\n<p>N\u00eb 8% ndalet edhe Serbia p\u00ebr k\u00ebt\u00eb perceptim. Nd\u00ebrsa, Maqedonia e Veriut, ka nj\u00eb shif\u00ebr kulmore, ku nj\u00eb n\u00eb kat\u00ebr persona, situat\u00ebn e p\u00ebrgjithshme ekonomike e shohin \u201cshum\u00eb t\u00eb keqe\u201d.<\/p>\n<p>The post <a href=\"https:\/\/albanianpost.com\/shqiptaret-jane-me-optimistet-e-rajonit-sipas-barometrit-te-ballkanit-2024\/\">Shqiptar\u00ebt jan\u00eb m\u00eb optimist\u00ebt e rajonit, sipas Barometrit t\u00eb Ballkanit 2024<\/a> appeared first on <a href=\"https:\/\/albanianpost.com\/\">Albanian Post<\/a>.<\/p>\n","protected":false},"excerpt":{"rendered":"<p>Ndoshta n\u00eb mas\u00eb nj\u00eb popullat\u00eb jo shum\u00eb optimiste, krahasuar me vendet e tjera m\u00eb t\u00eb zhvilluara, por sipas t\u00eb dh\u00ebnave t\u00eb reja t\u00eb publikuara nga Barometri i Ballkanit 2024, shqiptar\u00ebt jan\u00eb ata m\u00eb t\u00eb k\u00ebnaqurit me jet\u00ebn, nga gjith\u00eb vendet e tjera t\u00eb rajonit. K\u00ebshtu ka b\u00ebr\u00eb me dije anketimi, pas publikimit t\u00eb rezultateve p\u00ebr [&hellip;]<\/p>\n","protected":false},"author":1,"featured_media":9267,"comment_status":"open","ping_status":"open","sticky":false,"template":"","format":"standard","meta":{"footnotes":""},"categories":[1],"tags":[],"class_list":["post-9266","post","type-post","status-publish","format-standard","has-post-thumbnail","hentry","category-uncategorized"],"_links":{"self":[{"href":"https:\/\/radiogjilani.com\/index.php\/wp-json\/wp\/v2\/posts\/9266","targetHints":{"allow":["GET"]}}],"collection":[{"href":"https:\/\/radiogjilani.com\/index.php\/wp-json\/wp\/v2\/posts"}],"about":[{"href":"https:\/\/radiogjilani.com\/index.php\/wp-json\/wp\/v2\/types\/post"}],"author":[{"embeddable":true,"href":"https:\/\/radiogjilani.com\/index.php\/wp-json\/wp\/v2\/users\/1"}],"replies":[{"embeddable":true,"href":"https:\/\/radiogjilani.com\/index.php\/wp-json\/wp\/v2\/comments?post=9266"}],"version-history":[{"count":0,"href":"https:\/\/radiogjilani.com\/index.php\/wp-json\/wp\/v2\/posts\/9266\/revisions"}],"wp:featuredmedia":[{"embeddable":true,"href":"https:\/\/radiogjilani.com\/index.php\/wp-json\/wp\/v2\/media\/9267"}],"wp:attachment":[{"href":"https:\/\/radiogjilani.com\/index.php\/wp-json\/wp\/v2\/media?parent=9266"}],"wp:term":[{"taxonomy":"category","embeddable":true,"href":"https:\/\/radiogjilani.com\/index.php\/wp-json\/wp\/v2\/categories?post=9266"},{"taxonomy":"post_tag","embeddable":true,"href":"https:\/\/radiogjilani.com\/index.php\/wp-json\/wp\/v2\/tags?post=9266"}],"curies":[{"name":"wp","href":"https:\/\/api.w.org\/{rel}","templated":true}]}}