{"id":9270,"date":"2024-09-17T06:19:23","date_gmt":"2024-09-17T06:19:23","guid":{"rendered":"https:\/\/radiogjilani.com\/index.php\/2024\/09\/17\/gjyqi-ne-zjarr-i-macron\/"},"modified":"2024-09-17T06:19:23","modified_gmt":"2024-09-17T06:19:23","slug":"gjyqi-ne-zjarr-i-macron","status":"publish","type":"post","link":"https:\/\/radiogjilani.com\/index.php\/2024\/09\/17\/gjyqi-ne-zjarr-i-macron\/","title":{"rendered":"Gjyqi n\u00eb zjarr i Macron"},"content":{"rendered":"<p>Presidenti francez, Emmanuel Macron, pati nj\u00eb Olimpiad\u00eb t\u00eb mrekullueshme dhe tani ai ka rikthyer kontrollin me em\u00ebrimin e Michel Barnier, ish-negociatori kryesor i Bashkimit Evropian p\u00ebr Brexit dhe nj\u00eb minist\u00ebr i Jasht\u00ebm n\u00ebn Jacques Chirac, si kryeminist\u00ebr. Por, ashtu si mandati i dyt\u00eb presidencial i Macron m\u00eb gjer\u00ebsisht, kjo ver\u00eb ishte e prekshme p\u00ebr nj\u00eb koh\u00eb.<\/p>\n<p>Pas paraqitjes s\u00eb fort\u00eb t\u00eb s\u00eb djatht\u00ebs ekstreme franceze n\u00eb zgjedhjet e Parlamentit Evropian dhe zgjedhjeve komb\u00ebtare, q\u00eb lan\u00eb Franc\u00ebn me nj\u00eb parlament t\u00eb varur, Loj\u00ebrat Olimpike t\u00eb Parisit filluan, n\u00eb m\u00ebnyr\u00eb t\u00eb pafat, me zjarrv\u00ebnie nga diversant\u00ebt e ekstremit t\u00eb majt\u00eb kund\u00ebr rrjetit t\u00eb trenave t\u00eb shpejt\u00ebsis\u00eb s\u00eb lart\u00eb t\u00eb Franc\u00ebs n\u00eb prag t\u00eb ceremonis\u00eb s\u00eb hapjes. M\u00eb pas, ra shi mbi vet\u00eb ceremonin\u00eb, duke plot\u00ebsuar nj\u00eb vit n\u00eb t\u00eb cilin parisien\u00ebt ishin ankuar (si\u00e7 b\u00ebjn\u00eb gjithmon\u00eb) p\u00ebr nd\u00ebrprerjet n\u00eb jet\u00ebn e qytetit q\u00eb rrjedhin nga Loj\u00ebrat Verore.<\/p>\n<p>P\u00ebrgatitjet kishin p\u00ebrfshir\u00eb nj\u00eb kthim t\u00eb kodit t\u00eb friksh\u00ebm QR \u2013 nj\u00eb trash\u00ebgimi e bllokimeve pandemike \u2013 p\u00ebr t\u00eb hyr\u00eb n\u00eb zon\u00ebn qendrore rreth Seine-s. Por ndoshta zhg\u00ebnjimi m\u00eb i madh p\u00ebr parisien\u00ebt \u2013 q\u00eb gjithsesi largohen nga qyteti n\u00eb gusht p\u00ebr pushimet e tyre verore \u2013 ishte se ata nuk ishin n\u00eb gjendje t\u00eb jepnin me qira banesat e tyre me \u00e7mime t\u00eb tepruara, si\u00e7 kishte premtuar Airbnb (n\u00eb vend t\u00eb k\u00ebsaj, oferta e tejkaloi shum\u00eb k\u00ebrkes\u00ebn). Nd\u00ebrkoh\u00eb, bizneset e kishin t\u00eb v\u00ebshtir\u00eb t\u00eb operonin brenda qendr\u00ebs s\u00eb qytetit, pastruesit ishin n\u00ebn presion p\u00ebr t\u00eb siguruar q\u00eb sistemi i metros\u00eb t\u00eb ishte i past\u00ebr dhe kuzhinat e supave u zhvendos\u00ebn n\u00eb zonat periferike p\u00ebr t\u2019i mbajtur ato larg syrit t\u00eb mediave nd\u00ebrkomb\u00ebtare.<\/p>\n<p>Por m\u00eb pas erdhi ikona franceze e futbollit, Zinedine Zidane, me pishtarin olimpik. Flamuri francez ndezi ur\u00ebn e Austerlitz-it, Lady Gaga k\u00ebndoi s\u00eb bashku me quais pariziane, nj\u00eb Marie Antoinette e dekapituar u shfaq n\u00ebn tingujt e muzik\u00ebs s\u00eb r\u00ebnd\u00eb metali n\u00eb Conciergerie dhe varkat q\u00eb mbanin ekipet olimpike komb\u00ebtare notuan posht\u00eb Seine. Flaka olimpike u ndez n\u00ebn tingujt e C\u00e9line Dion, e cila kishte dal\u00eb nga pensioni p\u00ebr k\u00ebt\u00eb rast, duke u b\u00ebr\u00eb serenat shikuesve global\u00eb nga Kulla Eiffel. Me k\u00ebt\u00eb, gjith\u00e7ka ndryshoi. Edhe parisien\u00ebt pushuan s\u00eb ankuari dhe filluan t\u00eb ndihen krenar\u00eb. Loj\u00ebrat mund t\u00eb fillojn\u00eb.<\/p>\n<p>\t\t<i><\/i><ins data-dcm-landing-page-escapes=\"0\" data-dcm-click-tracker=\"https:\/\/track.adform.net\/C\/?bn=73199340;adfibeg=0;cdata=wY0ZHC8ypbQniOq3Sj8hschgQeJ3VY4zU1bO9ulaUP_iCMviXuI_n4RPYRHBxkqVPVtGasWBO2DsQ97SqeB3vafpodL8HlhSS5QNXFy9YSXxjmdMEY9WqD7eKsUQLet9dO-UMsCLM2opnkTpCdy6-w2;;CREFURL=https%3a%2f%2feuro-pixel.com%2ftest.php;C=1;cpdir=\" class=\"dcmads\" data-dcm-placement=\"N571601.4773204ALBANIANPOST.COM\/B32392692.399829096\" data-dcm-rendering-mode=\"iframe\" data-dcm-https-only=\"\" data-dcm-api-frameworks=\"[APIFRAMEWORKS]\" data-dcm-omid-partner=\"[OMIDPARTNER]\" data-dcm-gdpr-applies=\"gdpr=\" data-dcm-gdpr-consent=\"gdpr_consent=\" data-dcm-addtl-consent=\"addtl_consent=${ADDTL_CONSENT}\" data-dcm-ltd=\"false\" data-dcm-resettable-device-id=\"\" data-dcm-app-id=\"\" data-dcm-processed=\"y\"><\/p>\n<p>\t\t<\/ins><\/p>\n<p>Franca e arriti objektivin e saj p\u00ebr t\u00eb p\u00ebrfunduar n\u00eb pes\u00ebshen e par\u00eb t\u00eb tabel\u00ebs s\u00eb medaljeve, duke u renditur n\u00eb vendin e pest\u00eb \u2013 nj\u00eb arritje e konsiderueshme p\u00ebr nj\u00eb vend me gjysm\u00ebn e popullsis\u00eb (ose m\u00eb pak) t\u00eb atyre mbi t\u00eb (p\u00ebrve\u00e7 Australis\u00eb). P\u00ebr m\u00eb tep\u00ebr, Franca doli e para nd\u00ebr vendet evropiane. Ylli i shfaqjes ishte notari i ri francez L\u00e9on Marchand, i cili fitoi kat\u00ebr medalje t\u00eb arta.<\/p>\n<h5><strong>Sporti dhe Disporti<\/strong><\/h5>\n<p>Macron e p\u00ebrqafoi at\u00eb, duke u shfaqur kudo menj\u00ebher\u00eb teksa brohoriste p\u00ebr atlet\u00ebt francez\u00eb. Nj\u00eb nga momentet m\u00eb t\u00eb paharrueshme ishte kur ai p\u00ebrqafoi xhudistin gjigant francez Teddy Riner pasi fitoi edhe nj\u00eb medalje t\u00eb art\u00eb.<\/p>\n<p>Imazhet e Macron-it duke festuar sukseset sportive franceze nd\u00ebr vite jan\u00eb tashm\u00eb legjion. Ndoshta m\u00eb e famshmja \u00ebsht\u00eb fotografia e tij duke festuar Kup\u00ebn e Bot\u00ebs t\u00eb Futbollit t\u00eb Franc\u00ebs 2018. Ai duket se ka zhvilluar nj\u00eb marr\u00ebdh\u00ebnie me Kylian Mbapp\u00e9, futbollistin yll t\u00eb Franc\u00ebs, duke e ngush\u00eblluar at\u00eb pas humbjes nga Argjentina n\u00eb finalet e 2022. M\u00eb pas, pasi Macron i befasoi t\u00eb gjith\u00eb duke thirrur zgjedhje t\u00eb parakohshme n\u00eb fillim t\u00eb k\u00ebsaj vere, Mbapp\u00e9 ia ktheu favorin gjat\u00eb raundit t\u00eb dyt\u00eb, kur ai u k\u00ebrkoi publikisht bashk\u00ebqytetar\u00ebve t\u00eb tij t\u00eb votonin kund\u00ebr Tubimit Komb\u00ebtar t\u00eb ekstremit t\u00eb djatht\u00eb t\u00eb Marine le Pen.<\/p>\n<p>Nj\u00eb mb\u00ebshtetje e till\u00eb nuk ishte e par\u00ebnd\u00ebsishme. Nd\u00ebrsa Rassemblement National pothuajse dyfishoi vendet e saj n\u00eb Asamblen\u00eb Komb\u00ebtare, Macron arriti t\u00eb shmang\u00eb skenarin e nj\u00eb qeverie t\u00eb Rally Komb\u00ebtare, me djaloshin Jordan Bardella si kryeminist\u00ebr, q\u00eb kryesonte Loj\u00ebrat.<\/p>\n<p>P\u00ebr habin\u00eb e shumic\u00ebs s\u00eb v\u00ebzhguesve, Rassemblement National p\u00ebrfundimisht p\u00ebrfundoi i treti n\u00eb raundin e dyt\u00eb t\u00eb zgjedhjeve, duke e vendosur at\u00eb pas Frontit t\u00eb Ri Popullor t\u00eb krahut t\u00eb majt\u00eb \u2013 nj\u00eb grupim i socialist\u00ebve, komunist\u00ebve, t\u00eb gjelb\u00ebrve dhe t\u00eb majt\u00ebve populist\u00eb t\u00eb Jean-Luc M\u00e9lenchon, France Insoumise (Franca e Pap\u00ebrkulur) \u2013 dhe koalicioni i vet\u00eb Ensemble (S\u00eb bashku) t\u00eb Macron. Nj\u00eb m\u00ebnyr\u00eb p\u00ebr t\u00eb lexuar k\u00ebt\u00eb rezultat \u00ebsht\u00eb t\u00eb arrijm\u00eb n\u00eb p\u00ebrfundimin se gambiti i Macron p\u00ebr t\u00eb detyruar francez\u00ebt t\u00eb p\u00ebrballen me mund\u00ebsin\u00eb e nj\u00eb qeverie t\u00eb ekstremit t\u00eb djatht\u00eb, dha rezultat.<\/p>\n<p>Rassemblement National ka qen\u00eb \u00e7udit\u00ebrisht e qet\u00eb q\u00eb nga Olimpiada dhe d\u00ebshtimi i saj p\u00ebr t\u00eb formuar nj\u00eb qeveri, duke l\u00ebpir\u00eb plag\u00ebt e saj pas nj\u00eb tjet\u00ebr p\u00ebrpjekjeje t\u00eb d\u00ebshtuar p\u00ebr pushtet. Suksesi i Loj\u00ebrave nuk i b\u00ebri favor partis\u00eb. Franca u paraqit para bot\u00ebs si nj\u00eb lloj shoq\u00ebrie e hapur, multikulturore q\u00eb e djathta ekstreme e urren. Riner, shoku i Macron-it p\u00ebrqafuar, \u00ebsht\u00eb i zi dhe akoma m\u00eb i bezdissh\u00ebm p\u00ebr Rally Komb\u00ebtare ishin imazhet e k\u00ebng\u00ebtares franko-maliane Aya Nakamura duke b\u00ebr\u00eb nj\u00eb p\u00ebrzierje k\u00ebng\u00ebsh me Gard\u00ebn Republikane Franceze gjat\u00eb ceremonis\u00eb s\u00eb hapjes.<\/p>\n<p>Macron p\u00ebrfitoi gjithashtu nga fakti se zgjedhjet e Parlamentit Evropian t\u00eb qershorit nuk shfaq\u00ebn val\u00ebn e ekstremit t\u00eb djatht\u00eb, t\u00eb cil\u00ebs shum\u00eb njer\u00ebz i trembeshin. N\u00eb korrik, Ursula von der Leyen u rizgjodh rehat p\u00ebr nj\u00eb mandat t\u00eb dyt\u00eb si presidente e Komisionit Evropian, pavar\u00ebsisht nj\u00eb votimi kund\u00ebr saj nga kryeministrja e krahut t\u00eb djatht\u00eb t\u00eb Italis\u00eb, Giorgia Meloni. Qendra evropiane e mbajtur.<\/p>\n<p>M\u00eb e r\u00ebnd\u00ebsishmja, Olimpiada i dha Macronit koh\u00eb, e cila mund t\u00eb jet\u00eb nj\u00eb burim i pa\u00e7muar n\u00eb politik\u00eb. Me afrimin e Loj\u00ebrave, ai shpalli nj\u00eb \u201cArm\u00ebpushim Olimpik\u201d, duke thirrur tradit\u00ebn e lasht\u00eb t\u00eb qyteteve-shteteve greke nd\u00ebrluftuese q\u00eb ulnin arm\u00ebt n\u00eb m\u00ebnyr\u00eb q\u00eb atlet\u00ebt e tyre t\u00eb mund t\u00eb garonin. Duke vepruar k\u00ebshtu, ai u b\u00eb <em>ma\u00eetre des horloges<\/em> (mjesht\u00ebr i or\u00ebve). N\u00eb prag t\u00eb Loj\u00ebrave, ai deklaroi n\u00eb televizionin komb\u00ebtar se \u201c\u00c7\u00ebshtja nuk \u00ebsht\u00eb n\u00ebse kemi nj\u00eb em\u00ebr [p\u00ebr kryeminist\u00ebr], por n\u00ebse mund t\u00eb kemi nj\u00eb shumic\u00eb n\u00eb Kuvend\u201d.<\/p>\n<h5><strong>Kapele n\u00eb Ring<\/strong><\/h5>\n<p>Pas fillimit t\u00eb Loj\u00ebrave, iniciativa politike i mbeti Macronit dhe ai e p\u00ebrdori at\u00eb p\u00ebr t\u00eb torpezuar kandidaten e Frontit t\u00eb Ri Popullor p\u00ebr kryeminist\u00ebr, Lucie Castets, nj\u00eb n\u00ebpun\u00ebse e lart\u00eb civile 37-vje\u00e7are q\u00eb ka punuar n\u00eb drejtorin\u00eb e p\u00ebrgjithshme t\u00eb thesarit dhe autoritetit francez kund\u00ebr pastrimit t\u00eb parave. Macron kishte ftuar t\u00eb gjitha partit\u00eb politike p\u00ebr konsultime m\u00eb 23 gusht dhe koha nuk ishte e rast\u00ebsishme. P\u00ebr t\u00eb treguar se ai ishte n\u00eb komand\u00eb, bisedimet do t\u00eb p\u00ebrkonin me \u201cshkollat \u200b\u200bverore\u201d t\u00eb shum\u00eb partive politike (nj\u00eb lloj konference partie).<\/p>\n<p>Vet\u00eb partia e Macron dhe grupi i djatht\u00eb republikan \u2013 i cili u nda nga krahu i republikan\u00ebve t\u00eb udh\u00ebhequr nga \u00c9ric Ciotti, pasi Ciotti b\u00ebri thirrje p\u00ebr nj\u00eb aleanc\u00eb me Rassemblement National \u2013 than\u00eb se do t\u00eb votonin posht\u00eb \u00e7do qeveri me an\u00ebtar\u00eb t\u00eb La France Insoumise. N\u00eb at\u00eb pik\u00eb, presidenti nuk humbi koh\u00eb duke varrosur ofert\u00ebn e Castets p\u00ebr postin e kryeministrit.<\/p>\n<p>Strategjia e Macron p\u00ebr t\u00eb gjetur nj\u00eb koalicion qeveris\u00ebs \u00ebsht\u00eb t\u00eb shp\u00ebrb\u00ebj\u00eb Frontin e Ri Popullor duke hequr socialist\u00ebt dhe duke i p\u00ebrfshir\u00eb ata n\u00eb nj\u00eb koalicion me partin\u00eb e tij t\u00eb Rilindjes dhe qendr\u00ebn e djatht\u00eb. N\u00eb shkoll\u00ebn e tyre verore, socialist\u00ebt filluan t\u00eb cop\u00ebtohen, me nj\u00eb fraksion q\u00eb i q\u00ebndronte Frontit t\u00eb Ri Popullor dhe tjetri l\u00ebvizte drejt Macronit. Deri m\u00eb tani, aleanca ka mbajtur, por nj\u00eb num\u00ebr an\u00ebtar\u00ebsh t\u00eb zgjedhur mund t\u00eb tundohen nga nj\u00eb pozicion brenda qeveris\u00eb s\u00eb re.<\/p>\n<p>Socialist\u00ebt kishin performuar mir\u00eb n\u00eb zgjedhjet legjislative, duke fituar pothuajse t\u00eb nj\u00ebjtin num\u00ebr mandatesh si La France Insoumise. Kjo ka sjell\u00eb nj\u00eb luft\u00eb p\u00ebr pushtet brenda s\u00eb majt\u00ebs franceze, rezultati i s\u00eb cil\u00ebs mund t\u00eb ndryshoj\u00eb gjith\u00e7ka. N\u00ebse Fronti i Ri Popullor do t\u00eb shp\u00ebrb\u00ebhej, kampi i Macron do t\u00eb b\u00ebhej grupimi m\u00eb i madh n\u00eb Asamblen\u00eb Komb\u00ebtare.<\/p>\n<p>N\u00eb k\u00ebt\u00eb kontekst, nj\u00eb nga mund\u00ebsit\u00eb q\u00eb u shfaq m\u00eb par\u00eb p\u00ebr postin e kryeministrit ishte Bernard Cazeneuve, i cili mbante postin n\u00ebn presidentin e fundit socialist, Fran\u00e7ois Hollande. Megjith\u00ebse Cazeneuve \u00ebsht\u00eb socialist, ai kund\u00ebrshtoi aleanc\u00ebn me M\u00e9lenchon dhe em\u00ebrimi i tij do ta detyronte partin\u00eb t\u2019i bashkohej koalicionit t\u00eb Macron. N\u00eb m\u00ebnyr\u00eb t\u00eb ngjashme, n\u00eb t\u00eb djatht\u00eb, nj\u00eb nga emrat q\u00eb qarkulloi ishte Xavier Bertrand, presidenti i k\u00ebshillit rajonal t\u00eb Hauts-de-France, em\u00ebrimi i t\u00eb cilit n\u00eb kryeminist\u00ebr do t\u00eb detyronte t\u00eb djatht\u00ebn republikane t\u00eb bashkohej. T\u00eb dy burrat mund t\u00eb thirren ende nga Barnier.<\/p>\n<p>Duke u p\u00ebrpjekur t\u00eb bashkoj\u00eb forcat e qendr\u00ebs s\u00eb majt\u00eb dhe t\u00eb qendr\u00ebs s\u00eb djatht\u00eb, Macron duket se ka dashur t\u00eb rikrijoj\u00eb koalicionin q\u00eb e solli p\u00ebr her\u00eb t\u00eb par\u00eb n\u00eb pushtet n\u00eb vitin 2017, kur ai ishte n\u00eb gjendje t\u00eb thyente partit\u00eb tradicionale t\u00eb Franc\u00ebs dhe t\u2019i p\u00ebrfshinte ato n\u00eb l\u00ebvizjen e vet. Por dinamika ishte ndryshe k\u00ebt\u00eb her\u00eb, sepse secila nga pal\u00ebt \u00ebsht\u00eb treguar m\u00eb k\u00ebmb\u00ebngul\u00ebse p\u00ebr t\u00eb ruajtur identitetin e saj.<\/p>\n<h5><strong>A do t\u00eb godas\u00eb vet\u00ebtima dy her\u00eb?<\/strong><\/h5>\n<p>Q\u00eb nga fillimi i presidenc\u00ebs s\u00eb tij, Macron e ka krahasuar veten me Jupiterin, per\u00ebndin\u00eb kryesore romake. Kur ai kishte nj\u00eb shumic\u00eb absolute n\u00eb parlament, Macron sundoi nga lart. L\u00ebvizja e tij origjinale politike u quajt En Marche!, e cila pasqyronte inicialet e tij, dhe gjat\u00eb mandatit t\u00eb tij t\u00eb par\u00eb, ai ushtroi pushtetin n\u00eb nj\u00eb m\u00ebnyr\u00eb shum\u00eb t\u00eb centralizuar dhe t\u00eb nj\u00ebanshme, duke d\u00ebrguar rrufe politike p\u00ebrmes k\u00ebshilltar\u00ebve t\u00eb tij t\u00eb pazgjedhur.<\/p>\n<p>Por ia vlen t\u00eb kujtojm\u00eb nj\u00eb histori q\u00eb Romak\u00ebt treguan p\u00ebr Jupiterin. Nj\u00eb her\u00eb, pas nj\u00eb serie stuhish q\u00eb rrezikuan t\u00eb korrat, mbreti legjendar Numa, sundimtari i dyt\u00eb i Rom\u00ebs, k\u00ebrkoi ndihm\u00ebn e Jupiterit p\u00ebr t\u00eb parandaluar q\u00eb moti t\u00eb shkat\u00ebrronte t\u00eb korrat e popullit t\u00eb tij. Jupiteri ra dakord dhe shkoi edhe m\u00eb tej duke i dhuruar Num\u00ebs dhe popullit romak nj\u00eb mburoj\u00eb nga qielli. Q\u00eb nga ai moment, ai ishte hyjni kryesor i shtetit romak, i cili vazhdoi t\u00eb pushtoj\u00eb gjysm\u00ebn e bot\u00ebs s\u00eb njohur.<\/p>\n<p>Kjo \u00ebsht\u00eb tani sfida e Macron: t\u00eb siguroj\u00eb trash\u00ebgimin\u00eb e tij duke gjetur nj\u00eb koalicion funksional q\u00eb mund t\u00eb vazhdoj\u00eb t\u00eb realizoj\u00eb vizionin e tij. Nd\u00ebrsa Franca ka nj\u00eb histori t\u00eb gjat\u00eb t\u00eb nd\u00ebrtimit t\u00eb koalicionit q\u00eb shtrihet n\u00eb Republik\u00ebn e Kat\u00ebrt dhe ve\u00e7an\u00ebrisht n\u00eb Republik\u00ebn e Tret\u00eb, Charles de Gaulle e la m\u00ebnjan\u00eb k\u00ebt\u00eb tradit\u00eb n\u00eb vitin 1958, kur themeloi nj\u00eb sistem \u201cgjysm\u00eb-presidencial\u201d shum\u00eb m\u00eb t\u00eb centralizuar. Ky ndryshim e b\u00ebri presidentin francez di\u00e7ka af\u00ebr nj\u00eb \u201cmonarku t\u00eb zgjedhur\u201d.<\/p>\n<p>Detyra e Macron k\u00ebt\u00eb ver\u00eb ishte e paprecedent\u00eb. Asnj\u00ebher\u00eb m\u00eb par\u00eb monarkut t\u00eb zgjedhur t\u00eb Franc\u00ebs nuk i \u00ebsht\u00eb dashur t\u00eb kuptoj\u00eb se si t\u00eb bashkoj\u00eb nj\u00eb koalicion kaq t\u00eb brisht\u00eb. Ashtu si Jupiteri, ai kishte nevoj\u00eb t\u00eb gjente nj\u00eb Numa me t\u00eb cilin mund t\u00eb negocionte. A do t\u2019i p\u00ebrshtatet projektligjit kryeministri i tij i sapoem\u00ebruar?<\/p>\n<p>Duke em\u00ebruar Barnier, nj\u00eb politikan i krahut t\u00eb djatht\u00eb, Macron ka l\u00ebvizur p\u00ebr t\u00eb siguruar nj\u00eb pjes\u00eb t\u00eb trash\u00ebgimis\u00eb s\u00eb tij, ve\u00e7an\u00ebrisht politikat p\u00ebr t\u00eb rritur mosh\u00ebn e daljes n\u00eb pension, p\u00ebr t\u00eb shtr\u00ebnguar imigracionin dhe p\u00ebr t\u00eb ulur papun\u00ebsin\u00eb.<\/p>\n<p>Kjo \u00ebsht\u00eb ndihmuar nga Komisioni Evropian q\u00eb nd\u00ebshkon Franc\u00ebn p\u00ebr nj\u00eb deficit buxhetor prej 5.5% t\u00eb PBB-s\u00eb, shum\u00eb m\u00eb tep\u00ebr se kufiri prej 3%: nevojiten shkurtime. Por nj\u00eb rrezik fshihet edhe k\u00ebtu: Barnier ka ardhur n\u00eb pushtet pjes\u00ebrisht me bashk\u00ebpunimin e Le Pen, e cila tha se nuk do t\u00eb paraqiste nj\u00eb mocion mosbesimi ndaj tij.<\/p>\n<p>Gjat\u00eb gjith\u00eb karrier\u00ebs s\u00eb tij, Barnier ishte i njohur si nj\u00eb eurofil centrist, por pas q\u00ebndrimit t\u00eb tij n\u00eb Bruksel, ai i befasoi t\u00eb gjith\u00eb duke kandiduar p\u00ebr nominimin e partis\u00eb s\u00eb tij p\u00ebr zgjedhjet presidenciale t\u00eb vitit 2022 n\u00eb nj\u00eb platform\u00eb t\u00eb s\u00eb djatht\u00ebs s\u00eb djatht\u00eb kund\u00ebr imigracionit dhe anti-BE, duke deklaruar se Franca duhet t\u00eb t\u00eb rifitoj\u00eb \u201csovranitetin e saj juridik\u201d. K\u00ebtu Le Pen do t\u00eb pajtohej, dhe Macron po luan nj\u00eb loj\u00eb t\u00eb rrezikshme duke u bashkuar me forcat q\u00eb ai u zgjodh t\u00eb frenonte.<\/p>\n<p>Ndoshta Meloni i ofroi atij nj\u00eb p\u00ebrrall\u00eb paralajm\u00ebruese. Partia e saj, V\u00ebllez\u00ebrit e Italis\u00eb, ishte e vetmja q\u00eb nuk mori pjes\u00eb n\u00eb qeverin\u00eb teknokrate centriste t\u00eb Mario Draghit midis shkurtit 2021 dhe tetorit 2022. Edhe me an\u00ebtar\u00ebsimin e partis\u00eb Liga nacionaliste t\u00eb Matteo Salvinit, Meloni u b\u00eb e vetmja opozit\u00eb e v\u00ebrtet\u00eb dhe ajo e p\u00ebrdori at\u00eb platform\u00eb si nj\u00eb trampolin\u00eb drejt pushtetit n\u00eb zgjedhjet e 2022.<\/p>\n<p>Duke e b\u00ebr\u00eb Le Penin bashk\u00ebfajtore n\u00eb postin e kryeministrit t\u00eb Barnier, Macron po p\u00ebrpiqet edhe nj\u00eb her\u00eb t\u00eb heq\u00eb qilimin nga posht\u00eb k\u00ebmb\u00ebve t\u00eb saj. Por ajo ende mund t\u00eb t\u00ebrheq\u00eb priz\u00ebn nga qeveria e re kur ajo i p\u00ebrshtatet dhe t\u00eb korr\u00eb shp\u00ebrblimet politike.<\/p>\n<h5><strong>Barbar\u00ebt n\u00eb Porta<\/strong><\/h5>\n<p>Edhe n\u00ebse Macron mbijeton tani p\u00ebr tani, pyetja m\u00eb e madhe \u00ebsht\u00eb se \u00e7far\u00eb do t\u00eb b\u00ebhet me Macronizmin, strategjia e tij e famshme p\u00ebr t\u00eb bashkuar idet\u00eb nga e majta dhe e djathta \u201cn\u00eb t\u00eb nj\u00ebjt\u00ebn koh\u00eb\u201d. Kur Macron thirri zgjedhjet e parakohshme n\u00eb qershor, \u00c9douard Philippe, kryeministri i par\u00eb i Macron, argumentoi se kjo sinjalizonte \u201cfundin e makronizmit\u201d.<\/p>\n<p>Philippe ka deklaruar tashm\u00eb synimin e tij p\u00ebr t\u00eb kandiduar p\u00ebr presidenc\u00ebn franceze n\u00eb 2027 \u2013 ose m\u00eb her\u00ebt n\u00eb rast se Macron nuk ka gjasa t\u00eb jap\u00eb dor\u00ebheqjen (president\u00ebt francez\u00eb jan\u00eb t\u00eb kufizuar n\u00eb dy mandate radhazi). Nj\u00eb figur\u00eb shum\u00eb popullore n\u00eb Franc\u00eb, Philippe mund t\u00eb jet\u00eb n\u00eb gjendje t\u00eb q\u00ebndroj\u00eb n\u00eb \u201ck\u00ebmb\u00ebn e djatht\u00eb\u201d t\u00eb stolit t\u00eb makronizmit duke bashkuar t\u00eb djatht\u00ebn republikane dhe partin\u00eb e tij Horizont.<\/p>\n<p>Thirrja p\u00ebr zgjedhjet e parakohshme t\u00eb Macron ftoi gjithashtu nj\u00eb p\u00ebrgjigje t\u00eb ngjashme nga kryeministri i tij n\u00eb detyr\u00eb, Gabriel Attal, i cili fitoi l\u00ebvdata p\u00ebr kryerjen e nj\u00eb fushate t\u00eb fuqishme elektorale pavar\u00ebsisht nga dora e v\u00ebshtir\u00eb q\u00eb i ishte b\u00ebr\u00eb. Duke vepruar k\u00ebshtu, ai shmangu me skrupulozitet p\u00ebrmendjen e Macron. Attal p\u00ebrfaq\u00ebson \u201ck\u00ebmb\u00ebn e majt\u00eb\u201d t\u00eb Macronizmit, pasi ka prer\u00eb dh\u00ebmb\u00ebt e tij politik me socialist\u00ebt (si\u00e7 b\u00ebri Macron). P\u00ebr aq sa ka nj\u00eb t\u00ebrheqje lufte mes tij dhe Philippe, ajo p\u00ebrfaq\u00ebson nj\u00eb betej\u00eb p\u00ebr shpirtin e Macronizmit.<\/p>\n<p>Si\u00e7 ndodh zakonisht n\u00eb momentet transformuese q\u00eb rip\u00ebrcaktojn\u00eb jet\u00ebn politike, Franca \u00ebsht\u00eb d\u00ebshmitare e daljes s\u00eb nj\u00eb t\u00eb majt\u00eb dhe t\u00eb djatht\u00eb t\u00eb re nga nj\u00eb qend\u00ebr politike e rip\u00ebrcaktuar. Macron krijoi nj\u00eb qend\u00ebr t\u00eb re n\u00eb politik\u00ebn franceze duke bashkuar t\u00eb majt\u00ebn e vjet\u00ebr socialiste dhe t\u00eb djatht\u00ebn konservatore. P\u00ebrve\u00e7 Attal n\u00eb t\u00eb majt\u00eb dhe Philippe n\u00eb t\u00eb djatht\u00eb, nj\u00eb tjet\u00ebr ish-kryeministre, \u00c9lisabeth Borne, me origjin\u00eb nga e majta, po konkurron p\u00ebr t\u00eb udh\u00ebhequr partin\u00eb e Rilindjes s\u00eb Macron.<\/p>\n<p>N\u00ebse Philippe ose Attal zgjidhen n\u00eb 2027, dhe ekstremet e Le Pen ose M\u00e9lenchon do t\u00eb mbahen larg, trash\u00ebgimia e Macron do t\u00eb ishte e sigurt. Edhe nj\u00eb her\u00eb, qendra do t\u00eb duhet t\u00eb mbaj\u00eb. Vet\u00ebm at\u00ebher\u00eb do t\u00eb dim\u00eb n\u00ebse Jupiteri arriti t\u2019i siguroj\u00eb Republik\u00ebs nj\u00eb mburoj\u00eb p\u00ebr t\u00eb shmangur nj\u00eb p\u00ebrmbytje katastrofike politike.<\/p>\n<h6><em>Hugo Drochon, profesor i asociuar i teoris\u00eb politike n\u00eb Universitetin e Nottingham-it, \u00ebsht\u00eb autor i Politik\u00ebs s\u00eb Madhe t\u00eb Nietzsche-s (Princeton University Press, 2016).<\/em><\/h6>\n<p>The post <a href=\"https:\/\/albanianpost.com\/gjyqi-ne-zjarr-i-macron\/\">Gjyqi n\u00eb zjarr i Macron<\/a> appeared first on <a href=\"https:\/\/albanianpost.com\/\">Albanian Post<\/a>.<\/p>\n","protected":false},"excerpt":{"rendered":"<p>Presidenti francez, Emmanuel Macron, pati nj\u00eb Olimpiad\u00eb t\u00eb mrekullueshme dhe tani ai ka rikthyer kontrollin me em\u00ebrimin e Michel Barnier, ish-negociatori kryesor i Bashkimit Evropian p\u00ebr Brexit dhe nj\u00eb minist\u00ebr i Jasht\u00ebm n\u00ebn Jacques Chirac, si kryeminist\u00ebr. Por, ashtu si mandati i dyt\u00eb presidencial i Macron m\u00eb gjer\u00ebsisht, kjo ver\u00eb ishte e prekshme p\u00ebr nj\u00eb [&hellip;]<\/p>\n","protected":false},"author":1,"featured_media":9271,"comment_status":"open","ping_status":"open","sticky":false,"template":"","format":"standard","meta":{"footnotes":""},"categories":[1],"tags":[],"class_list":["post-9270","post","type-post","status-publish","format-standard","has-post-thumbnail","hentry","category-uncategorized"],"_links":{"self":[{"href":"https:\/\/radiogjilani.com\/index.php\/wp-json\/wp\/v2\/posts\/9270","targetHints":{"allow":["GET"]}}],"collection":[{"href":"https:\/\/radiogjilani.com\/index.php\/wp-json\/wp\/v2\/posts"}],"about":[{"href":"https:\/\/radiogjilani.com\/index.php\/wp-json\/wp\/v2\/types\/post"}],"author":[{"embeddable":true,"href":"https:\/\/radiogjilani.com\/index.php\/wp-json\/wp\/v2\/users\/1"}],"replies":[{"embeddable":true,"href":"https:\/\/radiogjilani.com\/index.php\/wp-json\/wp\/v2\/comments?post=9270"}],"version-history":[{"count":0,"href":"https:\/\/radiogjilani.com\/index.php\/wp-json\/wp\/v2\/posts\/9270\/revisions"}],"wp:featuredmedia":[{"embeddable":true,"href":"https:\/\/radiogjilani.com\/index.php\/wp-json\/wp\/v2\/media\/9271"}],"wp:attachment":[{"href":"https:\/\/radiogjilani.com\/index.php\/wp-json\/wp\/v2\/media?parent=9270"}],"wp:term":[{"taxonomy":"category","embeddable":true,"href":"https:\/\/radiogjilani.com\/index.php\/wp-json\/wp\/v2\/categories?post=9270"},{"taxonomy":"post_tag","embeddable":true,"href":"https:\/\/radiogjilani.com\/index.php\/wp-json\/wp\/v2\/tags?post=9270"}],"curies":[{"name":"wp","href":"https:\/\/api.w.org\/{rel}","templated":true}]}}