{"id":928,"date":"2024-04-09T20:46:33","date_gmt":"2024-04-09T20:46:33","guid":{"rendered":"https:\/\/radiogjilani.com\/index.php\/2024\/04\/09\/liga-e-kampioneve-real-madrid-publikon-formacionin-zyrtar-kunder-city-t\/"},"modified":"2024-04-09T20:46:33","modified_gmt":"2024-04-09T20:46:33","slug":"liga-e-kampioneve-real-madrid-publikon-formacionin-zyrtar-kunder-city-t","status":"publish","type":"post","link":"https:\/\/radiogjilani.com\/index.php\/2024\/04\/09\/liga-e-kampioneve-real-madrid-publikon-formacionin-zyrtar-kunder-city-t\/","title":{"rendered":"Liga e Kampion\u00ebve, Real Madrid publikon formacionin zyrtar kund\u00ebr City-t"},"content":{"rendered":"<p>Sot luhen dy ndeshjet e para \u00e7erekfinale t\u00eb Lig\u00ebs s\u00eb Kampion\u00ebve. Arsenali do t\u00eb pres\u00eb Bayernin nga ora 21:00, nd\u00ebrsa Reali n\u00eb t\u00eb nj\u00ebjt\u00ebn koh\u00eb do t\u00eb pres\u00eb Manchester Cityn n\u00eb Madrid. Ky do t\u00eb jet\u00eb sezoni i tret\u00eb radhazi n\u00eb t\u00eb cilin k\u00ebto dy klube p\u00ebrplasen n\u00eb faz\u00ebn eliminatore t\u00eb kompeticionit. Real Madrid ka publikuar formacionin zyrtar p\u00ebr ndeshjen e sotme, me trajnerin Ancelotti q\u00eb ka vendosur&#8230;<\/p>\n<p><a href=\"https:\/\/ekonomiaonline.com\/liga-e-kampioneve-real-madrid-publikon-formacionin-zyrtar-kunder-city-t\/\" rel=\"nofollow\">Source<\/a><\/p>\n","protected":false},"excerpt":{"rendered":"<p>Sot luhen dy ndeshjet e para \u00e7erekfinale t\u00eb Lig\u00ebs s\u00eb Kampion\u00ebve. Arsenali do t\u00eb pres\u00eb Bayernin nga ora 21:00, nd\u00ebrsa Reali n\u00eb t\u00eb nj\u00ebjt\u00ebn koh\u00eb do t\u00eb pres\u00eb Manchester Cityn n\u00eb Madrid. Ky do t\u00eb jet\u00eb sezoni i tret\u00eb radhazi n\u00eb t\u00eb cilin k\u00ebto dy klube p\u00ebrplasen n\u00eb faz\u00ebn eliminatore t\u00eb kompeticionit. Real Madrid ka [&hellip;]<\/p>\n","protected":false},"author":1,"featured_media":929,"comment_status":"open","ping_status":"open","sticky":false,"template":"","format":"standard","meta":{"footnotes":""},"categories":[19],"tags":[],"class_list":["post-928","post","type-post","status-publish","format-standard","has-post-thumbnail","hentry","category-eko"],"_links":{"self":[{"href":"https:\/\/radiogjilani.com\/index.php\/wp-json\/wp\/v2\/posts\/928","targetHints":{"allow":["GET"]}}],"collection":[{"href":"https:\/\/radiogjilani.com\/index.php\/wp-json\/wp\/v2\/posts"}],"about":[{"href":"https:\/\/radiogjilani.com\/index.php\/wp-json\/wp\/v2\/types\/post"}],"author":[{"embeddable":true,"href":"https:\/\/radiogjilani.com\/index.php\/wp-json\/wp\/v2\/users\/1"}],"replies":[{"embeddable":true,"href":"https:\/\/radiogjilani.com\/index.php\/wp-json\/wp\/v2\/comments?post=928"}],"version-history":[{"count":0,"href":"https:\/\/radiogjilani.com\/index.php\/wp-json\/wp\/v2\/posts\/928\/revisions"}],"wp:featuredmedia":[{"embeddable":true,"href":"https:\/\/radiogjilani.com\/index.php\/wp-json\/wp\/v2\/media\/929"}],"wp:attachment":[{"href":"https:\/\/radiogjilani.com\/index.php\/wp-json\/wp\/v2\/media?parent=928"}],"wp:term":[{"taxonomy":"category","embeddable":true,"href":"https:\/\/radiogjilani.com\/index.php\/wp-json\/wp\/v2\/categories?post=928"},{"taxonomy":"post_tag","embeddable":true,"href":"https:\/\/radiogjilani.com\/index.php\/wp-json\/wp\/v2\/tags?post=928"}],"curies":[{"name":"wp","href":"https:\/\/api.w.org\/{rel}","templated":true}]}}