{"id":9296,"date":"2024-09-18T07:18:04","date_gmt":"2024-09-18T07:18:04","guid":{"rendered":"https:\/\/radiogjilani.com\/index.php\/2024\/09\/18\/trump-i-rikthehet-fushates-pas-perpjekjes-se-dyte-per-vrasjen-e-tij\/"},"modified":"2024-09-18T07:18:04","modified_gmt":"2024-09-18T07:18:04","slug":"trump-i-rikthehet-fushates-pas-perpjekjes-se-dyte-per-vrasjen-e-tij","status":"publish","type":"post","link":"https:\/\/radiogjilani.com\/index.php\/2024\/09\/18\/trump-i-rikthehet-fushates-pas-perpjekjes-se-dyte-per-vrasjen-e-tij\/","title":{"rendered":"Trump i rikthehet fushat\u00ebs pas p\u00ebrpjekjes s\u00eb dyt\u00eb p\u00ebr vrasjen e tij"},"content":{"rendered":"<p>Kandidati republikan p\u00ebr president t\u00eb Shteteve t\u00eb Bashkuara t\u00eb Amerik\u00ebs, Donald Trump, i \u00ebsht\u00eb kthyer aktiviteteve t\u00eb fushat\u00ebs zgjedhore p\u00ebr her\u00eb t\u00eb par\u00eb q\u00eb prej nj\u00eb p\u00ebrpjekjeje t\u00eb dyt\u00eb p\u00ebr vrasjen e tij. Trump \u00ebsht\u00eb lavd\u00ebruar m\u00eb 17 shtator se \u201cvet\u00ebm president\u00ebve t\u00eb r\u00ebnd\u00ebsish\u00ebm iu b\u00ebhet atentat\u201d, teksa ka p\u00ebrsh\u00ebndetur kund\u00ebrshtaren e tij, kandidaten demokrate Kamala Harris, p\u00ebr kujdesin e treguar&#8230;<\/p>\n<p><a href=\"https:\/\/ekonomiaonline.com\/trump-i-rikthehet-fushates-pas-perpjekjes-se-dyte-per-vrasjen-e-tij\/\" rel=\"nofollow\">Source<\/a><\/p>\n","protected":false},"excerpt":{"rendered":"<p>Kandidati republikan p\u00ebr president t\u00eb Shteteve t\u00eb Bashkuara t\u00eb Amerik\u00ebs, Donald Trump, i \u00ebsht\u00eb kthyer aktiviteteve t\u00eb fushat\u00ebs zgjedhore p\u00ebr her\u00eb t\u00eb par\u00eb q\u00eb prej nj\u00eb p\u00ebrpjekjeje t\u00eb dyt\u00eb p\u00ebr vrasjen e tij. Trump \u00ebsht\u00eb lavd\u00ebruar m\u00eb 17 shtator se \u201cvet\u00ebm president\u00ebve t\u00eb r\u00ebnd\u00ebsish\u00ebm iu b\u00ebhet atentat\u201d, teksa ka p\u00ebrsh\u00ebndetur kund\u00ebrshtaren e tij, kandidaten demokrate [&hellip;]<\/p>\n","protected":false},"author":1,"featured_media":9297,"comment_status":"open","ping_status":"open","sticky":false,"template":"","format":"standard","meta":{"footnotes":""},"categories":[19],"tags":[],"class_list":["post-9296","post","type-post","status-publish","format-standard","has-post-thumbnail","hentry","category-eko"],"_links":{"self":[{"href":"https:\/\/radiogjilani.com\/index.php\/wp-json\/wp\/v2\/posts\/9296","targetHints":{"allow":["GET"]}}],"collection":[{"href":"https:\/\/radiogjilani.com\/index.php\/wp-json\/wp\/v2\/posts"}],"about":[{"href":"https:\/\/radiogjilani.com\/index.php\/wp-json\/wp\/v2\/types\/post"}],"author":[{"embeddable":true,"href":"https:\/\/radiogjilani.com\/index.php\/wp-json\/wp\/v2\/users\/1"}],"replies":[{"embeddable":true,"href":"https:\/\/radiogjilani.com\/index.php\/wp-json\/wp\/v2\/comments?post=9296"}],"version-history":[{"count":0,"href":"https:\/\/radiogjilani.com\/index.php\/wp-json\/wp\/v2\/posts\/9296\/revisions"}],"wp:featuredmedia":[{"embeddable":true,"href":"https:\/\/radiogjilani.com\/index.php\/wp-json\/wp\/v2\/media\/9297"}],"wp:attachment":[{"href":"https:\/\/radiogjilani.com\/index.php\/wp-json\/wp\/v2\/media?parent=9296"}],"wp:term":[{"taxonomy":"category","embeddable":true,"href":"https:\/\/radiogjilani.com\/index.php\/wp-json\/wp\/v2\/categories?post=9296"},{"taxonomy":"post_tag","embeddable":true,"href":"https:\/\/radiogjilani.com\/index.php\/wp-json\/wp\/v2\/tags?post=9296"}],"curies":[{"name":"wp","href":"https:\/\/api.w.org\/{rel}","templated":true}]}}