{"id":9300,"date":"2024-09-18T07:18:02","date_gmt":"2024-09-18T07:18:02","guid":{"rendered":"https:\/\/radiogjilani.com\/index.php\/2024\/09\/18\/edhe-nje-rund-i-pasuksesshem-ne-bisedimet-kosove-serbi-krejt-cka-ndodhi-dje-ne-bruksel\/"},"modified":"2024-09-18T07:18:02","modified_gmt":"2024-09-18T07:18:02","slug":"edhe-nje-rund-i-pasuksesshem-ne-bisedimet-kosove-serbi-krejt-cka-ndodhi-dje-ne-bruksel","status":"publish","type":"post","link":"https:\/\/radiogjilani.com\/index.php\/2024\/09\/18\/edhe-nje-rund-i-pasuksesshem-ne-bisedimet-kosove-serbi-krejt-cka-ndodhi-dje-ne-bruksel\/","title":{"rendered":"Edhe nj\u00eb rund i pasuksessh\u00ebm n\u00eb bisedimet Kosov\u00eb-Serbi, krejt \u00e7ka ndodhi dje n\u00eb Bruksel"},"content":{"rendered":"<p>Kryenegociator\u00ebt e Kosov\u00ebs dhe Serbis\u00eb u takuan dje ndaras n\u00eb Bruksel me t\u00eb d\u00ebrguarin e Bashkimit Evropian Miroslav Laj\u00e7ak n\u00eb nj\u00eb raund t\u00eb ri bisedimesh, mes debateve p\u00ebr situat\u00ebn n\u00eb veriun e Kosov\u00ebs dhe p\u00ebrpjekjeve t\u00eb BE-s\u00eb p\u00ebr t\u00eb shtyr\u00eb pal\u00ebt drejt zbatimit t\u00eb Marr\u00ebveshjes s\u00eb Ohrit. Laj\u00e7ak takoi ndaras t\u00eb dy pal\u00ebt, por nuk pati nj\u00eb takim trepal\u00ebsh. Emisari evropian ka th\u00ebn\u00eb se \u00ebsht\u00eb i zhg\u00ebnjyer&#8230;<\/p>\n<p><a href=\"https:\/\/ekonomiaonline.com\/edhe-nje-rund-i-pasuksesshem-ne-bisedimet-kosove-serbi-krejt-cka-ndodhi-dje-ne-bruksel\/\" rel=\"nofollow\">Source<\/a><\/p>\n","protected":false},"excerpt":{"rendered":"<p>Kryenegociator\u00ebt e Kosov\u00ebs dhe Serbis\u00eb u takuan dje ndaras n\u00eb Bruksel me t\u00eb d\u00ebrguarin e Bashkimit Evropian Miroslav Laj\u00e7ak n\u00eb nj\u00eb raund t\u00eb ri bisedimesh, mes debateve p\u00ebr situat\u00ebn n\u00eb veriun e Kosov\u00ebs dhe p\u00ebrpjekjeve t\u00eb BE-s\u00eb p\u00ebr t\u00eb shtyr\u00eb pal\u00ebt drejt zbatimit t\u00eb Marr\u00ebveshjes s\u00eb Ohrit. Laj\u00e7ak takoi ndaras t\u00eb dy pal\u00ebt, por nuk [&hellip;]<\/p>\n","protected":false},"author":1,"featured_media":9301,"comment_status":"open","ping_status":"open","sticky":false,"template":"","format":"standard","meta":{"footnotes":""},"categories":[19],"tags":[],"class_list":["post-9300","post","type-post","status-publish","format-standard","has-post-thumbnail","hentry","category-eko"],"_links":{"self":[{"href":"https:\/\/radiogjilani.com\/index.php\/wp-json\/wp\/v2\/posts\/9300","targetHints":{"allow":["GET"]}}],"collection":[{"href":"https:\/\/radiogjilani.com\/index.php\/wp-json\/wp\/v2\/posts"}],"about":[{"href":"https:\/\/radiogjilani.com\/index.php\/wp-json\/wp\/v2\/types\/post"}],"author":[{"embeddable":true,"href":"https:\/\/radiogjilani.com\/index.php\/wp-json\/wp\/v2\/users\/1"}],"replies":[{"embeddable":true,"href":"https:\/\/radiogjilani.com\/index.php\/wp-json\/wp\/v2\/comments?post=9300"}],"version-history":[{"count":0,"href":"https:\/\/radiogjilani.com\/index.php\/wp-json\/wp\/v2\/posts\/9300\/revisions"}],"wp:featuredmedia":[{"embeddable":true,"href":"https:\/\/radiogjilani.com\/index.php\/wp-json\/wp\/v2\/media\/9301"}],"wp:attachment":[{"href":"https:\/\/radiogjilani.com\/index.php\/wp-json\/wp\/v2\/media?parent=9300"}],"wp:term":[{"taxonomy":"category","embeddable":true,"href":"https:\/\/radiogjilani.com\/index.php\/wp-json\/wp\/v2\/categories?post=9300"},{"taxonomy":"post_tag","embeddable":true,"href":"https:\/\/radiogjilani.com\/index.php\/wp-json\/wp\/v2\/tags?post=9300"}],"curies":[{"name":"wp","href":"https:\/\/api.w.org\/{rel}","templated":true}]}}