{"id":9302,"date":"2024-09-18T07:18:01","date_gmt":"2024-09-18T07:18:01","guid":{"rendered":"https:\/\/radiogjilani.com\/index.php\/2024\/09\/18\/sot-mblidhen-dy-komisione-parlamentare\/"},"modified":"2024-09-18T07:18:01","modified_gmt":"2024-09-18T07:18:01","slug":"sot-mblidhen-dy-komisione-parlamentare","status":"publish","type":"post","link":"https:\/\/radiogjilani.com\/index.php\/2024\/09\/18\/sot-mblidhen-dy-komisione-parlamentare\/","title":{"rendered":"Sot mblidhen dy Komisione Parlamentare"},"content":{"rendered":"<p>Sot n\u00eb Kuvendin e Kosov\u00ebs do t\u00eb mbajn\u00eb mbledhjen e radh\u00ebs dy Komisione Parlamentare. N\u00eb or\u00ebn 11:00 do t\u00eb filloj mbledhjen Komisioni p\u00ebr Integrime Evropiane, ku do ta b\u00ebj\u00eb shqyrtimin e Raportit t\u00eb pun\u00ebs s\u00eb Komisionit p\u00ebr sesionin pranveror 2024 si dhe shqyrtimin e draft-planit t\u00eb pun\u00ebs s\u00eb Komisionit p\u00ebr sesionin vjeshtor 2024. Po ashtu n\u00eb or\u00ebn 11:00, do t\u00eb mblidhte edhe Komisioni p\u00ebr Buxhet&#8230;<\/p>\n<p><a href=\"https:\/\/ekonomiaonline.com\/sot-mblidhen-dy-komisione-parlamentare-3\/\" rel=\"nofollow\">Source<\/a><\/p>\n","protected":false},"excerpt":{"rendered":"<p>Sot n\u00eb Kuvendin e Kosov\u00ebs do t\u00eb mbajn\u00eb mbledhjen e radh\u00ebs dy Komisione Parlamentare. N\u00eb or\u00ebn 11:00 do t\u00eb filloj mbledhjen Komisioni p\u00ebr Integrime Evropiane, ku do ta b\u00ebj\u00eb shqyrtimin e Raportit t\u00eb pun\u00ebs s\u00eb Komisionit p\u00ebr sesionin pranveror 2024 si dhe shqyrtimin e draft-planit t\u00eb pun\u00ebs s\u00eb Komisionit p\u00ebr sesionin vjeshtor 2024. Po ashtu [&hellip;]<\/p>\n","protected":false},"author":1,"featured_media":9303,"comment_status":"open","ping_status":"open","sticky":false,"template":"","format":"standard","meta":{"footnotes":""},"categories":[19],"tags":[],"class_list":["post-9302","post","type-post","status-publish","format-standard","has-post-thumbnail","hentry","category-eko"],"_links":{"self":[{"href":"https:\/\/radiogjilani.com\/index.php\/wp-json\/wp\/v2\/posts\/9302","targetHints":{"allow":["GET"]}}],"collection":[{"href":"https:\/\/radiogjilani.com\/index.php\/wp-json\/wp\/v2\/posts"}],"about":[{"href":"https:\/\/radiogjilani.com\/index.php\/wp-json\/wp\/v2\/types\/post"}],"author":[{"embeddable":true,"href":"https:\/\/radiogjilani.com\/index.php\/wp-json\/wp\/v2\/users\/1"}],"replies":[{"embeddable":true,"href":"https:\/\/radiogjilani.com\/index.php\/wp-json\/wp\/v2\/comments?post=9302"}],"version-history":[{"count":0,"href":"https:\/\/radiogjilani.com\/index.php\/wp-json\/wp\/v2\/posts\/9302\/revisions"}],"wp:featuredmedia":[{"embeddable":true,"href":"https:\/\/radiogjilani.com\/index.php\/wp-json\/wp\/v2\/media\/9303"}],"wp:attachment":[{"href":"https:\/\/radiogjilani.com\/index.php\/wp-json\/wp\/v2\/media?parent=9302"}],"wp:term":[{"taxonomy":"category","embeddable":true,"href":"https:\/\/radiogjilani.com\/index.php\/wp-json\/wp\/v2\/categories?post=9302"},{"taxonomy":"post_tag","embeddable":true,"href":"https:\/\/radiogjilani.com\/index.php\/wp-json\/wp\/v2\/tags?post=9302"}],"curies":[{"name":"wp","href":"https:\/\/api.w.org\/{rel}","templated":true}]}}