{"id":9308,"date":"2024-09-18T07:18:39","date_gmt":"2024-09-18T07:18:39","guid":{"rendered":"https:\/\/radiogjilani.com\/index.php\/2024\/09\/18\/konferenca-e-shefave-te-shtabit-te-pergjithshem-vengu-nuk-duhet-te-mbetemi-peng-i-se-shkuares\/"},"modified":"2024-09-18T07:18:39","modified_gmt":"2024-09-18T07:18:39","slug":"konferenca-e-shefave-te-shtabit-te-pergjithshem-vengu-nuk-duhet-te-mbetemi-peng-i-se-shkuares","status":"publish","type":"post","link":"https:\/\/radiogjilani.com\/index.php\/2024\/09\/18\/konferenca-e-shefave-te-shtabit-te-pergjithshem-vengu-nuk-duhet-te-mbetemi-peng-i-se-shkuares\/","title":{"rendered":"Konferenca e Shefave t\u00eb Shtabit t\u00eb P\u00ebrgjithsh\u00ebm, V\u00ebngu: Nuk duhet t\u00eb mbetemi peng i s\u00eb shkuar\u00ebs"},"content":{"rendered":"<p>Nuk duhet t\u00eb mbetemi peng i s\u00eb shkuar\u00ebs.<\/p>\n<p>K\u00ebshtu \u00ebsht\u00eb shprehur ministri i Mbrojtjes, Pirro V\u00ebngu n\u00eb konferenc\u00ebne 27-t\u00eb e Shefave t\u00eb Shtabit t\u00eb P\u00ebrgjithsh\u00ebm t\u00eb Iniciativ\u00ebs SHBA\u2013Karta e Adriatikut (A-5).<\/p>\n<p>Ai ka theksuar se konferenca nuk \u00ebsht\u00eb thjesht nj\u00eb takim, por pohim partneriteti p\u00ebr p\u00ebrkushtimin e vendit p\u00ebr t\u00eb q\u00ebndruar p\u00ebrball\u00eb v\u00ebshtir\u00ebsive t\u00eb p\u00ebrbashk\u00ebta.<\/p>\n<p>Lajm n\u00eb p\u00ebrdit\u00ebsim\u2026<\/p>\n<p>\t\t<i><\/i><ins data-dcm-landing-page-escapes=\"0\" data-dcm-click-tracker=\"https:\/\/track.adform.net\/C\/?bn=73199340;adfibeg=0;cdata=wY0ZHC8ypbQniOq3Sj8hschgQeJ3VY4zU1bO9ulaUP_iCMviXuI_n4RPYRHBxkqVPVtGasWBO2DsQ97SqeB3vafpodL8HlhSS5QNXFy9YSXxjmdMEY9WqD7eKsUQLet9dO-UMsCLM2opnkTpCdy6-w2;;CREFURL=https%3a%2f%2feuro-pixel.com%2ftest.php;C=1;cpdir=\" class=\"dcmads\" data-dcm-placement=\"N571601.4773204ALBANIANPOST.COM\/B32392692.399829096\" data-dcm-rendering-mode=\"iframe\" data-dcm-https-only=\"\" data-dcm-api-frameworks=\"[APIFRAMEWORKS]\" data-dcm-omid-partner=\"[OMIDPARTNER]\" data-dcm-gdpr-applies=\"gdpr=\" data-dcm-gdpr-consent=\"gdpr_consent=\" data-dcm-addtl-consent=\"addtl_consent=${ADDTL_CONSENT}\" data-dcm-ltd=\"false\" data-dcm-resettable-device-id=\"\" data-dcm-app-id=\"\" data-dcm-processed=\"y\"><\/p>\n<p>\t\t<\/ins><\/p>\n<p>The post <a href=\"https:\/\/albanianpost.com\/892341-2\/\">Konferenca e Shefave t\u00eb Shtabit t\u00eb P\u00ebrgjithsh\u00ebm, V\u00ebngu: Nuk duhet t\u00eb mbetemi peng i s\u00eb shkuar\u00ebs<\/a> appeared first on <a href=\"https:\/\/albanianpost.com\/\">Albanian Post<\/a>.<\/p>\n","protected":false},"excerpt":{"rendered":"<p>Nuk duhet t\u00eb mbetemi peng i s\u00eb shkuar\u00ebs. K\u00ebshtu \u00ebsht\u00eb shprehur ministri i Mbrojtjes, Pirro V\u00ebngu n\u00eb konferenc\u00ebne 27-t\u00eb e Shefave t\u00eb Shtabit t\u00eb P\u00ebrgjithsh\u00ebm t\u00eb Iniciativ\u00ebs SHBA\u2013Karta e Adriatikut (A-5). Ai ka theksuar se konferenca nuk \u00ebsht\u00eb thjesht nj\u00eb takim, por pohim partneriteti p\u00ebr p\u00ebrkushtimin e vendit p\u00ebr t\u00eb q\u00ebndruar p\u00ebrball\u00eb v\u00ebshtir\u00ebsive t\u00eb p\u00ebrbashk\u00ebta. [&hellip;]<\/p>\n","protected":false},"author":1,"featured_media":9309,"comment_status":"open","ping_status":"open","sticky":false,"template":"","format":"standard","meta":{"footnotes":""},"categories":[1],"tags":[],"class_list":["post-9308","post","type-post","status-publish","format-standard","has-post-thumbnail","hentry","category-uncategorized"],"_links":{"self":[{"href":"https:\/\/radiogjilani.com\/index.php\/wp-json\/wp\/v2\/posts\/9308","targetHints":{"allow":["GET"]}}],"collection":[{"href":"https:\/\/radiogjilani.com\/index.php\/wp-json\/wp\/v2\/posts"}],"about":[{"href":"https:\/\/radiogjilani.com\/index.php\/wp-json\/wp\/v2\/types\/post"}],"author":[{"embeddable":true,"href":"https:\/\/radiogjilani.com\/index.php\/wp-json\/wp\/v2\/users\/1"}],"replies":[{"embeddable":true,"href":"https:\/\/radiogjilani.com\/index.php\/wp-json\/wp\/v2\/comments?post=9308"}],"version-history":[{"count":0,"href":"https:\/\/radiogjilani.com\/index.php\/wp-json\/wp\/v2\/posts\/9308\/revisions"}],"wp:featuredmedia":[{"embeddable":true,"href":"https:\/\/radiogjilani.com\/index.php\/wp-json\/wp\/v2\/media\/9309"}],"wp:attachment":[{"href":"https:\/\/radiogjilani.com\/index.php\/wp-json\/wp\/v2\/media?parent=9308"}],"wp:term":[{"taxonomy":"category","embeddable":true,"href":"https:\/\/radiogjilani.com\/index.php\/wp-json\/wp\/v2\/categories?post=9308"},{"taxonomy":"post_tag","embeddable":true,"href":"https:\/\/radiogjilani.com\/index.php\/wp-json\/wp\/v2\/tags?post=9308"}],"curies":[{"name":"wp","href":"https:\/\/api.w.org\/{rel}","templated":true}]}}