{"id":9312,"date":"2024-09-18T07:18:37","date_gmt":"2024-09-18T07:18:37","guid":{"rendered":"https:\/\/radiogjilani.com\/index.php\/2024\/09\/18\/nje-person-theret-me-thike-ne-oborrin-e-emergjences-ne-gjilan\/"},"modified":"2024-09-18T07:18:37","modified_gmt":"2024-09-18T07:18:37","slug":"nje-person-theret-me-thike-ne-oborrin-e-emergjences-ne-gjilan","status":"publish","type":"post","link":"https:\/\/radiogjilani.com\/index.php\/2024\/09\/18\/nje-person-theret-me-thike-ne-oborrin-e-emergjences-ne-gjilan\/","title":{"rendered":"Nj\u00eb person theret me thik\u00eb n\u00eb oborrin e Emergjenc\u00ebs n\u00eb Gjilan"},"content":{"rendered":"<p>Policia e Kosov\u00ebs ka njoftuar se \u00ebsht\u00eb arrestuar nj\u00eb person pasi e kishte goditur me mjet t\u00eb mpreht\u00eb nj\u00eb thik\u00eb viktim\u00ebn n\u00eb oborrin e Emergjenc\u00ebs n\u00eb Gjilan.<\/p>\n<p>\u201c\u00cbsht\u00eb arrestuar i dyshuari mashkull kosovar pasi q\u00eb i nj\u00ebjti e kishte goditur me mjet t\u00eb mpreht\u00eb-thik\u00eb viktim\u00ebn mashkull kosovar n\u00eb oborrin e Emergjenc\u00ebs n\u00eb Gjilan. Si pasoj\u00eb e l\u00ebndimit t\u00eb r\u00ebnd\u00eb, viktima \u00ebsht\u00eb transportuar n\u00eb QKUK-s\u00eb p\u00ebr tretman mjek\u00ebsor\u00eb\u201d, thuhet n\u00eb raportin 24- or\u00ebsh t\u00eb Policis\u00eb s\u00eb Kosov\u00ebs.<\/p>\n<p>Pas intervistimit, potencohet se me vendim t\u00eb prokurorit kujdestar i dyshuari \u00ebsht\u00eb d\u00ebrguar n\u00eb qendr\u00ebn e mbajtjes.<\/p>\n<p>\t\t<i><\/i><ins data-dcm-landing-page-escapes=\"0\" data-dcm-click-tracker=\"https:\/\/track.adform.net\/C\/?bn=73199340;adfibeg=0;cdata=wY0ZHC8ypbQniOq3Sj8hschgQeJ3VY4zU1bO9ulaUP_iCMviXuI_n4RPYRHBxkqVPVtGasWBO2DsQ97SqeB3vafpodL8HlhSS5QNXFy9YSXxjmdMEY9WqD7eKsUQLet9dO-UMsCLM2opnkTpCdy6-w2;;CREFURL=https%3a%2f%2feuro-pixel.com%2ftest.php;C=1;cpdir=\" class=\"dcmads\" data-dcm-placement=\"N571601.4773204ALBANIANPOST.COM\/B32392692.399829096\" data-dcm-rendering-mode=\"iframe\" data-dcm-https-only=\"\" data-dcm-api-frameworks=\"[APIFRAMEWORKS]\" data-dcm-omid-partner=\"[OMIDPARTNER]\" data-dcm-gdpr-applies=\"gdpr=\" data-dcm-gdpr-consent=\"gdpr_consent=\" data-dcm-addtl-consent=\"addtl_consent=${ADDTL_CONSENT}\" data-dcm-ltd=\"false\" data-dcm-resettable-device-id=\"\" data-dcm-app-id=\"\" data-dcm-processed=\"y\"><\/p>\n<p>\t\t<\/ins><\/p>\n<p>The post <a href=\"https:\/\/albanianpost.com\/therje-me-thike-ne-oborrin-e-emergjences-ne-gjilan\/\">Nj\u00eb person theret me thik\u00eb n\u00eb oborrin e Emergjenc\u00ebs n\u00eb Gjilan<\/a> appeared first on <a href=\"https:\/\/albanianpost.com\/\">Albanian Post<\/a>.<\/p>\n","protected":false},"excerpt":{"rendered":"<p>Policia e Kosov\u00ebs ka njoftuar se \u00ebsht\u00eb arrestuar nj\u00eb person pasi e kishte goditur me mjet t\u00eb mpreht\u00eb nj\u00eb thik\u00eb viktim\u00ebn n\u00eb oborrin e Emergjenc\u00ebs n\u00eb Gjilan. \u201c\u00cbsht\u00eb arrestuar i dyshuari mashkull kosovar pasi q\u00eb i nj\u00ebjti e kishte goditur me mjet t\u00eb mpreht\u00eb-thik\u00eb viktim\u00ebn mashkull kosovar n\u00eb oborrin e Emergjenc\u00ebs n\u00eb Gjilan. Si pasoj\u00eb [&hellip;]<\/p>\n","protected":false},"author":1,"featured_media":9313,"comment_status":"open","ping_status":"open","sticky":false,"template":"","format":"standard","meta":{"footnotes":""},"categories":[1],"tags":[],"class_list":["post-9312","post","type-post","status-publish","format-standard","has-post-thumbnail","hentry","category-uncategorized"],"_links":{"self":[{"href":"https:\/\/radiogjilani.com\/index.php\/wp-json\/wp\/v2\/posts\/9312","targetHints":{"allow":["GET"]}}],"collection":[{"href":"https:\/\/radiogjilani.com\/index.php\/wp-json\/wp\/v2\/posts"}],"about":[{"href":"https:\/\/radiogjilani.com\/index.php\/wp-json\/wp\/v2\/types\/post"}],"author":[{"embeddable":true,"href":"https:\/\/radiogjilani.com\/index.php\/wp-json\/wp\/v2\/users\/1"}],"replies":[{"embeddable":true,"href":"https:\/\/radiogjilani.com\/index.php\/wp-json\/wp\/v2\/comments?post=9312"}],"version-history":[{"count":0,"href":"https:\/\/radiogjilani.com\/index.php\/wp-json\/wp\/v2\/posts\/9312\/revisions"}],"wp:featuredmedia":[{"embeddable":true,"href":"https:\/\/radiogjilani.com\/index.php\/wp-json\/wp\/v2\/media\/9313"}],"wp:attachment":[{"href":"https:\/\/radiogjilani.com\/index.php\/wp-json\/wp\/v2\/media?parent=9312"}],"wp:term":[{"taxonomy":"category","embeddable":true,"href":"https:\/\/radiogjilani.com\/index.php\/wp-json\/wp\/v2\/categories?post=9312"},{"taxonomy":"post_tag","embeddable":true,"href":"https:\/\/radiogjilani.com\/index.php\/wp-json\/wp\/v2\/tags?post=9312"}],"curies":[{"name":"wp","href":"https:\/\/api.w.org\/{rel}","templated":true}]}}