{"id":932,"date":"2024-04-09T20:47:21","date_gmt":"2024-04-09T20:47:21","guid":{"rendered":"https:\/\/radiogjilani.com\/index.php\/2024\/04\/09\/rohde-paralajmeron-pasoja-per-listen-serbe-nese-vazhdon-me-bojkotin-e-zgjedhjeve-ne-veri\/"},"modified":"2024-04-09T20:47:21","modified_gmt":"2024-04-09T20:47:21","slug":"rohde-paralajmeron-pasoja-per-listen-serbe-nese-vazhdon-me-bojkotin-e-zgjedhjeve-ne-veri","status":"publish","type":"post","link":"https:\/\/radiogjilani.com\/index.php\/2024\/04\/09\/rohde-paralajmeron-pasoja-per-listen-serbe-nese-vazhdon-me-bojkotin-e-zgjedhjeve-ne-veri\/","title":{"rendered":"Rohde paralajm\u00ebron pasoja p\u00ebr List\u00ebn Serbe n\u00ebse vazhdon me bojkotin e zgjedhjeve n\u00eb Veri"},"content":{"rendered":"<p>Si nj\u00eb vendim t\u00eb pap\u00ebrgjegjsh\u00ebm e n\u00eb d\u00ebm t\u00eb interesave t\u00eb komunitetit serb n\u00eb Kosov\u00eb e ka cil\u00ebsuar ambasadori i Gjermanis\u00eb n\u00eb Kosov\u00eb, Jorn Rohde, vendimin e fundit t\u00eb List\u00ebs Serbe \u2013 partia me mb\u00ebshtetjen m\u00eb t\u00eb madhe n\u00eb mesin e komunitetit serb n\u00eb Kosov\u00eb \u2013 p\u00ebr ta bojkotuar procesin e votimit p\u00ebr shkarkimin e kryetar\u00ebve t\u00eb komunave n\u00eb Veri.<\/p>\n<p>N\u00eb nj\u00eb intervist\u00eb p\u00ebr Radio Televizionin e Kosov\u00ebs, RTK, Rohde, ka vler\u00ebsuar se bojkoti nuk sjell zgjidhje t\u00eb situat\u00ebs.<\/p>\n<p>\u201cN\u00eb nj\u00eb shtet t\u00eb s\u00eb drejt\u00ebs, n\u00ebse nuk ke nj\u00eb fuqi q\u00eb t\u00eb ndryshosh gj\u00ebrat, bojkoti \u00ebsht\u00eb m\u00eb s\u00eb paku i nevojsh\u00ebm. Prandaj, ne i ftojm\u00eb t\u00eb gjith\u00eb qytetar\u00ebt dhe partit\u00eb politike n\u00eb Veri q\u00eb t\u00eb b\u00ebjn\u00eb t\u00eb pamundur\u00ebn q\u00eb t\u00eb marrin pjes\u00eb n\u00eb k\u00ebt\u00eb proces dhe q\u00eb ta p\u00ebrfundojm\u00eb at\u00eb\u201d, tha ambasadori gjerman.<\/p>\n<p>Rohde nd\u00ebr t\u00eb tjera ka potencuar se Lista Serbe duhet t\u00eb marr\u00eb n\u00eb konsiderat\u00eb pasojat e mundshme n\u00ebse vazhdon me bojkotin.<\/p>\n<p>\u201cQe 18 muaj kemi vet\u00ebm bojkote dhe kjo nuk \u00ebsht\u00eb nj\u00eb politik\u00eb konstruktive. Qeveria e Kosov\u00ebs e ka ofruar nj\u00eb proces demokratik p\u00ebr serb\u00ebt n\u00eb Veri dhe kjo ofert\u00eb duhet t\u00eb pranohet nga serb\u00ebt. Tash, ne, presim q\u00eb ata ta pranojn\u00eb k\u00ebt\u00eb. Nuk e kuptoj pse nuk duhet q\u00eb t\u00eb ndodh\u00eb kjo. Lista Serbe n\u00ebse th\u00ebrret p\u00ebr bojkot at\u00ebher\u00eb duhet q\u00eb t\u00eb llogaris\u00eb edhe p\u00ebr pasoja\u201d, ka deklaruar Rohde.<\/p>\n<p>List\u00ebs Serbe t\u00eb diel\u00ebn paralajm\u00ebroi se s\u2019do t\u00eb marr\u00eb pjes\u00eb n\u00eb referendumin q\u00eb pritet t\u00eb mbahet m\u00eb 21 prill n\u00eb kat\u00ebr komunat veriore t\u00eb Kosov\u00ebs, derisa faj\u00ebsoi kryeministrin kosovar, Albin Kurti, duke shtuar se jan\u00eb planifikuar procedura t\u00eb pamundura p\u00ebr largimin e kryetar\u00ebve.<\/p>\n<p>BE-ja n\u00eb an\u00ebn tjet\u00ebr apeloi List\u00ebn Serbe q\u00eb t\u00eb rishqyrtoj\u00eb vendimin p\u00ebr mospjes\u00ebmarrje n\u00eb votimet p\u00ebr shkarkimin e kryetar\u00ebve n\u00eb Veri t\u00eb vendit, duke rikujtuar se pjes\u00ebmarrja e qytetar\u00ebve serb\u00eb q\u00eb p\u00ebrb\u00ebjn\u00eb shumic\u00ebn n\u00eb pjes\u00ebn veriore t\u00eb Kosov\u00ebs n\u00eb jet\u00ebn demokratike n\u00eb Kosov\u00eb \u00ebsht\u00eb n\u00eb interes t\u00eb tyre dhe nj\u00eb hap i nevojsh\u00ebm p\u00ebr zbutjen e tensioneve.<\/p>\n<p>Nd\u00ebrkaq Shtetet e Bashkuara t\u00eb Amerik\u00eb shpreh\u00ebn keqardhje q\u00eb Lista Serbe nuk e p\u00ebrkrah votimin p\u00ebr shkarkimin e kat\u00ebr kryetar\u00ebve n\u00eb Veri.<\/p>\n<p>The post <a rel=\"nofollow\" href=\"https:\/\/albanianpost.com\/rohde-paralajmeron-pasoja-per-listen-serbe-nese-vazhdon-me-bojkotin-e-zgjedhjeve-ne-veri\/\">Rohde paralajm\u00ebron pasoja p\u00ebr List\u00ebn Serbe n\u00ebse vazhdon me bojkotin e zgjedhjeve n\u00eb Veri<\/a> appeared first on <a rel=\"nofollow\" href=\"https:\/\/albanianpost.com\/\">Albanian Post<\/a>.<\/p>\n","protected":false},"excerpt":{"rendered":"<p>Si nj\u00eb vendim t\u00eb pap\u00ebrgjegjsh\u00ebm e n\u00eb d\u00ebm t\u00eb interesave t\u00eb komunitetit serb n\u00eb Kosov\u00eb e ka cil\u00ebsuar ambasadori i Gjermanis\u00eb n\u00eb Kosov\u00eb, Jorn Rohde, vendimin e fundit t\u00eb List\u00ebs Serbe \u2013 partia me mb\u00ebshtetjen m\u00eb t\u00eb madhe n\u00eb mesin e komunitetit serb n\u00eb Kosov\u00eb \u2013 p\u00ebr ta bojkotuar procesin e votimit p\u00ebr shkarkimin e [&hellip;]<\/p>\n","protected":false},"author":1,"featured_media":933,"comment_status":"open","ping_status":"open","sticky":false,"template":"","format":"standard","meta":{"footnotes":""},"categories":[1],"tags":[],"class_list":["post-932","post","type-post","status-publish","format-standard","has-post-thumbnail","hentry","category-uncategorized"],"_links":{"self":[{"href":"https:\/\/radiogjilani.com\/index.php\/wp-json\/wp\/v2\/posts\/932","targetHints":{"allow":["GET"]}}],"collection":[{"href":"https:\/\/radiogjilani.com\/index.php\/wp-json\/wp\/v2\/posts"}],"about":[{"href":"https:\/\/radiogjilani.com\/index.php\/wp-json\/wp\/v2\/types\/post"}],"author":[{"embeddable":true,"href":"https:\/\/radiogjilani.com\/index.php\/wp-json\/wp\/v2\/users\/1"}],"replies":[{"embeddable":true,"href":"https:\/\/radiogjilani.com\/index.php\/wp-json\/wp\/v2\/comments?post=932"}],"version-history":[{"count":0,"href":"https:\/\/radiogjilani.com\/index.php\/wp-json\/wp\/v2\/posts\/932\/revisions"}],"wp:featuredmedia":[{"embeddable":true,"href":"https:\/\/radiogjilani.com\/index.php\/wp-json\/wp\/v2\/media\/933"}],"wp:attachment":[{"href":"https:\/\/radiogjilani.com\/index.php\/wp-json\/wp\/v2\/media?parent=932"}],"wp:term":[{"taxonomy":"category","embeddable":true,"href":"https:\/\/radiogjilani.com\/index.php\/wp-json\/wp\/v2\/categories?post=932"},{"taxonomy":"post_tag","embeddable":true,"href":"https:\/\/radiogjilani.com\/index.php\/wp-json\/wp\/v2\/tags?post=932"}],"curies":[{"name":"wp","href":"https:\/\/api.w.org\/{rel}","templated":true}]}}