{"id":934,"date":"2024-04-09T20:47:20","date_gmt":"2024-04-09T20:47:20","guid":{"rendered":"https:\/\/radiogjilani.com\/index.php\/2024\/04\/09\/selimi-citon-burime-brenda-be-se-pahor-seshte-emisari-i-ri-per-dialog\/"},"modified":"2024-04-09T20:47:20","modified_gmt":"2024-04-09T20:47:20","slug":"selimi-citon-burime-brenda-be-se-pahor-seshte-emisari-i-ri-per-dialog","status":"publish","type":"post","link":"https:\/\/radiogjilani.com\/index.php\/2024\/04\/09\/selimi-citon-burime-brenda-be-se-pahor-seshte-emisari-i-ri-per-dialog\/","title":{"rendered":"Selimi citon burime brenda BE-s\u00eb: Pahor s\u2019\u00ebsht\u00eb emisari i ri p\u00ebr dialog"},"content":{"rendered":"<p>Gazeta sllovene, Delo, t\u00eb mart\u00ebn raportoi se ish-presidenti i Sllovenis\u00eb, Borut Pahor, mund t\u00eb em\u00ebrohet si i deleguari i ardhsh\u00ebm i Bashkimit Evropian p\u00ebr dialogun Kosov\u00eb \u2013 Serbi, duke z\u00ebvend\u00ebsuar k\u00ebshtu n\u00eb k\u00ebt\u00eb pozit\u00eb, diplomatin sllovak, Miroslav Laj\u00e7ak.<\/p>\n<p>Ish-ministri i Pun\u00ebve t\u00eb Jashtme t\u00eb Kosov\u00ebs, Petrit Selimi, p\u00ebrmes nj\u00eb postimi n\u00eb platform\u00ebn sociale, X, nd\u00ebrsa ka cituar dy burime brenda Unionit, ka potencuar se Pahor me shum\u00eb gjasa nuk do t\u00eb jet\u00eb emisari i ri i cili do t\u00eb z\u00ebvend\u00ebsoj\u00eb Laj\u00e7ak-un.<\/p>\n<p>N\u00eb vend t\u00eb Pahor, si\u00e7 potencon Selimi, n\u00eb gar\u00eb p\u00ebr k\u00ebt\u00eb pozit\u00eb jan\u00eb dy emra t\u00eb tjer\u00eb.<\/p>\n<p>\u201cDy burime t\u00eb brendshme nga BE-ja m\u00eb treguan dy emra t\u00eb tjer\u00eb q\u00eb jan\u00eb gjithashtu pretendent\u00eb p\u00ebr k\u00ebt\u00eb pozit\u00eb. Sipas nj\u00eb burimi \u2018vendimi \u00ebsht\u00eb duke u finalizuar dhe Pahor nuk \u00ebsht\u00eb d\u00ebrguari i ri\u201d, shkroi Selimi.<\/p>\n<blockquote class=\"twitter-tweet\" data-width=\"500\" data-dnt=\"true\">\n<p lang=\"en\" dir=\"ltr\">Interestingly enough, after I posted this, two EU insiders wrote me telling me of two other names who are also contenders. According to one source, the \u201cdecision is being finalized made and Pahor is not the new envoy.\u201d \ud83e\udd37\u200d\u2642\ufe0f What I hope most is change in Kosovo\u2019s strategic approach. <a href=\"https:\/\/t.co\/g41HPSgPHU\">https:\/\/t.co\/g41HPSgPHU<\/a><\/p>\n<p>\u2014 Petrit Selimi (@Petrit) <a href=\"https:\/\/twitter.com\/Petrit\/status\/1777775302480932947?ref_src=twsrc%5Etfw\">April 9, 2024<\/a><\/p>\n<\/blockquote>\n<p>Gjat\u00eb dit\u00ebs gazeta sllovene, <a href=\"https:\/\/www.delo.si\/novice\/slovenija\/borut-pahor-s-pomocjo-mladike-naskakuje-lajcakov-polozaj\/\">Delo<\/a>, duke u thirrur n\u00eb burime raportoi se ministrja e Pun\u00ebve t\u00eb Jashtme t\u00eb Sllovenis\u00eb, Tanja Fajon, ka filluar nj\u00eb fushat\u00eb lobimi q\u00eb Pahor t\u00eb em\u00ebrohet si emisar i ardhsh\u00ebm i BE-s\u00eb p\u00ebr dialog<\/p>\n<p>Vler\u00ebsimet, sipas gazet\u00ebs sllovene, jan\u00eb se Pahor \u00ebsht\u00eb kandidat i denj\u00eb dhe i plot\u00ebson kushtet p\u00ebr z\u00ebvend\u00ebsimin e Laj\u00e7ak si i deleguar i BE-s\u00eb.<\/p>\n<p>\u201cP\u00ebr momentin, procesi i lobimit q\u00eb Pahor t\u00eb z\u00eb postin e t\u00eb d\u00ebrguarit special \u00ebsht\u00eb n\u00eb nj\u00eb faz\u00eb t\u00eb ndjeshme\u201d, shkruan Delo.<\/p>\n<p>Sipas gazet\u00ebs sllovene p\u00ebr em\u00ebrimin e Pahor n\u00eb k\u00ebt\u00eb pozit\u00eb, p\u00ebrve\u00e7 Fajon \u00ebsht\u00eb duke lobuar instituti Miqt\u00eb e Ballkanit Per\u00ebndimor i cili u krijua nga vet\u00eb ish-presidenti i Sllovenis\u00eb.<\/p>\n<p>\u201cNj\u00eb pjes\u00eb e lobimit p\u00ebr Pahorin e kryen edhe komiteti k\u00ebshillues i Institutit Miqt\u00eb e Ballkanit Per\u00ebndimor. Ai p\u00ebrfshin, nd\u00ebr t\u00eb tjera, ish-P\u00ebrfaq\u00ebsuesen e Lart\u00eb t\u00eb BE-s\u00eb p\u00ebr Politik\u00ebn e Jashtme dhe t\u00eb Siguris\u00eb Catherine Ashton , ish-kryeministrin suedez dhe P\u00ebrfaq\u00ebsuesin e Lart\u00eb t\u00eb OKB-s\u00eb p\u00ebr Bosnje-Hercegovin\u00ebn, Carl Bildt , ish-kryeministren kroate Jadranka Kosor , ish-presidenten e Kosov\u00ebs, Atifete Jahjaga , ish-presidentin serb, Boris Tadi\u00e7\u201d.<\/p>\n<blockquote class=\"wp-embedded-content\" data-secret=\"QtJkfryO7K\">\n<p><a href=\"https:\/\/albanianpost.com\/gazeta-sllovene-pahor-mund-te-zevendesoje-lajcak-un\/\">Gazeta sllovene: Pahor mund t\u00eb z\u00ebvend\u00ebsoj\u00eb Laj\u00e7ak-un<\/a><\/p>\n<\/blockquote>\n<p>The post <a rel=\"nofollow\" href=\"https:\/\/albanianpost.com\/selimi-citon-burime-brenda-be-se-pahor-seshte-emisari-i-ri-per-dialog\/\">Selimi citon burime brenda BE-s\u00eb: Pahor s\u2019\u00ebsht\u00eb emisari i ri p\u00ebr dialog<\/a> appeared first on <a rel=\"nofollow\" href=\"https:\/\/albanianpost.com\/\">Albanian Post<\/a>.<\/p>\n","protected":false},"excerpt":{"rendered":"<p>Gazeta sllovene, Delo, t\u00eb mart\u00ebn raportoi se ish-presidenti i Sllovenis\u00eb, Borut Pahor, mund t\u00eb em\u00ebrohet si i deleguari i ardhsh\u00ebm i Bashkimit Evropian p\u00ebr dialogun Kosov\u00eb \u2013 Serbi, duke z\u00ebvend\u00ebsuar k\u00ebshtu n\u00eb k\u00ebt\u00eb pozit\u00eb, diplomatin sllovak, Miroslav Laj\u00e7ak. Ish-ministri i Pun\u00ebve t\u00eb Jashtme t\u00eb Kosov\u00ebs, Petrit Selimi, p\u00ebrmes nj\u00eb postimi n\u00eb platform\u00ebn sociale, X, nd\u00ebrsa [&hellip;]<\/p>\n","protected":false},"author":1,"featured_media":935,"comment_status":"open","ping_status":"open","sticky":false,"template":"","format":"standard","meta":{"footnotes":""},"categories":[1],"tags":[],"class_list":["post-934","post","type-post","status-publish","format-standard","has-post-thumbnail","hentry","category-uncategorized"],"_links":{"self":[{"href":"https:\/\/radiogjilani.com\/index.php\/wp-json\/wp\/v2\/posts\/934","targetHints":{"allow":["GET"]}}],"collection":[{"href":"https:\/\/radiogjilani.com\/index.php\/wp-json\/wp\/v2\/posts"}],"about":[{"href":"https:\/\/radiogjilani.com\/index.php\/wp-json\/wp\/v2\/types\/post"}],"author":[{"embeddable":true,"href":"https:\/\/radiogjilani.com\/index.php\/wp-json\/wp\/v2\/users\/1"}],"replies":[{"embeddable":true,"href":"https:\/\/radiogjilani.com\/index.php\/wp-json\/wp\/v2\/comments?post=934"}],"version-history":[{"count":0,"href":"https:\/\/radiogjilani.com\/index.php\/wp-json\/wp\/v2\/posts\/934\/revisions"}],"wp:featuredmedia":[{"embeddable":true,"href":"https:\/\/radiogjilani.com\/index.php\/wp-json\/wp\/v2\/media\/935"}],"wp:attachment":[{"href":"https:\/\/radiogjilani.com\/index.php\/wp-json\/wp\/v2\/media?parent=934"}],"wp:term":[{"taxonomy":"category","embeddable":true,"href":"https:\/\/radiogjilani.com\/index.php\/wp-json\/wp\/v2\/categories?post=934"},{"taxonomy":"post_tag","embeddable":true,"href":"https:\/\/radiogjilani.com\/index.php\/wp-json\/wp\/v2\/tags?post=934"}],"curies":[{"name":"wp","href":"https:\/\/api.w.org\/{rel}","templated":true}]}}