{"id":940,"date":"2024-04-09T20:47:17","date_gmt":"2024-04-09T20:47:17","guid":{"rendered":"https:\/\/radiogjilani.com\/index.php\/2024\/04\/09\/thaci-kurti-do-zhvendosjen-e-vemendjes-nga-kosova-ne-maqedoni-te-veriut-prandaj-po-perfshihet-ne-zgjedhjet\/"},"modified":"2024-04-09T20:47:17","modified_gmt":"2024-04-09T20:47:17","slug":"thaci-kurti-do-zhvendosjen-e-vemendjes-nga-kosova-ne-maqedoni-te-veriut-prandaj-po-perfshihet-ne-zgjedhjet","status":"publish","type":"post","link":"https:\/\/radiogjilani.com\/index.php\/2024\/04\/09\/thaci-kurti-do-zhvendosjen-e-vemendjes-nga-kosova-ne-maqedoni-te-veriut-prandaj-po-perfshihet-ne-zgjedhjet\/","title":{"rendered":"Tha\u00e7i: Kurti do zhvendosjen e v\u00ebmendjes nga Kosova n\u00eb Maqedoni t\u00eb Veriut, prandaj po p\u00ebrfshihet n\u00eb zgjedhjet"},"content":{"rendered":"<p>Kryetari i Partis\u00eb Demokratike Shqiptare, Menduh Tha\u00e7i, partia e t\u00eb cilit \u00ebsht\u00eb n\u00eb koalicioni me Bashkimin Demokratik p\u00ebr Integrim p\u00ebr zgjedhjet parlamentare dhe presidenciale n\u00eb Maqedonin\u00eb e Veriut, nd\u00ebrsa ka komentuar nd\u00ebrhyrjen e L\u00ebvizjes Vet\u00ebvendosje n\u00eb k\u00ebto zgjedhje ka aluduar se kryeministri i Kosov\u00ebs, Albin Kurti, po nd\u00ebrmerr nj\u00eb hap t\u00eb till\u00eb p\u00ebr disa arsye.<\/p>\n<p>Synimi i par\u00eb i Kurtit me nj\u00eb manov\u00ebr t\u00eb till\u00eb politike, sipas Tha\u00e7it, \u00ebsht\u00eb zhvendosja e v\u00ebmendjes nga Kosova n\u00eb Maqedonin\u00eb e Veriut, marr\u00eb parasysh v\u00ebshtir\u00ebsit\u00eb me t\u00eb cilat po p\u00ebrballet Kosova aktualisht.<\/p>\n<p>\u201cZhvendosja e v\u00ebmendjes nga aktualiteti politik n\u00eb Kosov\u00eb\u201d, vler\u00ebson Tha\u00e7i n\u00eb nj\u00eb intervist\u00eb p\u00ebr T7.<\/p>\n<p>Nj\u00eb arsye tjet\u00ebr e nd\u00ebrhyrjes n\u00eb zgjedhjet n\u00eb Maqedonin\u00eb e Veriut, beson Tha\u00e7i, mund t\u00eb jet\u00eb af\u00ebrsia q\u00eb ka ai dhe Ali Ahmeti me krahun e luft\u00ebs n\u00eb Kosov\u00eb.<\/p>\n<p>\u201cArsyeja tjet\u00ebr mund t\u00eb jet\u00eb personale\u201d, shton ai.<\/p>\n<p>Kurti \u00ebsht\u00eb p\u00ebrfshir\u00eb drejtp\u00ebrdrejt\u00eb n\u00eb zgjedhjet presidenciale (24 prill raundi i par\u00eb) dhe ato parlamentare (8 maj, s\u00eb bashku me raundin e dyt\u00eb t\u00eb atyre presidenciale), t\u00eb Maqedonis\u00eb s\u00eb Veriut, duke i dh\u00ebn\u00eb mb\u00ebshtetje opozit\u00ebs shqiptare, koalicionit \u201cVLEN\u201d.<\/p>\n<p>Nd\u00ebrsa p\u00ebr zgjedhjet parlamentare, p\u00ebrve\u00e7 mb\u00ebshtetjes, Kurti do t\u00eb ket\u00eb n\u00eb listat e \u201cVLEN\u201d-it edhe kandidat\u00eb p\u00ebr deputet\u00eb, 3 sosh, me n\u00eb krye k\u00ebshilltarin e tij, Bekim Qoku.<\/p>\n<p>Duke mb\u00ebshtetur opozit\u00ebn shqiptare, kryeministri \u00ebsht\u00eb rreshtuar kund\u00ebr partis\u00eb m\u00eb t\u00eb madhe shqiptare n\u00eb Maqedoni t\u00eb Veriut, Bashkimit Demokratik p\u00ebr Integrim, rrjedhimisht kryetarit t\u00eb saj, Ali Ahmeti, i cili do t\u00eb garoj\u00eb n\u00eb zgjedhje me koalicionin \u201cFronti Evropian\u201d.<\/p>\n<p>Lidhur me nd\u00ebrhyrjet e Kurtit n\u00eb zgjedhje t\u00eb Maqedonis\u00eb s\u00eb Veriut ka folur edhe kreu i BDI-s\u00eb, Ahmeti.<\/p>\n<p>N\u00eb nj\u00eb intervist\u00eb p\u00ebr Albanian Post, ai ka treguar rreziqet malinje q\u00eb mund t\u00eb vin\u00eb n\u00eb t\u00eb ardhmen nga p\u00ebrfshirja e Kurtit n\u00eb procesin elektoral t\u00eb Maqedonis\u00eb s\u00eb Veriut.<\/p>\n<p>Kjo nd\u00ebrhyrje e Kurtit, sipas liderit t\u00eb BDI-s\u00eb i hap rrug\u00eb apetiteve t\u00eb vendeve tjera si Bullgaria dhe Serbia, t\u00eb cilat mund t\u00eb organizojn\u00eb partit\u00eb e tyre n\u00eb Maqedoni t\u00eb Veriut.<\/p>\n<p>P\u00ebrfshirja e Kurtit n\u00eb zgjedhjet presidenciale dhe ato parlamentare t\u00eb vendit fqinj nuk \u00ebsht\u00eb e para.<\/p>\n<p>Ai edhe m\u00eb her\u00ebt kishte mb\u00ebshtetur kandidatin e pavarur shqiptar \u2013 t\u00eb p\u00ebrkrahur nga opozita shqiptare \u2013 p\u00ebr president Blerim Rek\u00ebn, duke vepruar ndryshe nga partia m\u00eb e madhe shqiptare n\u00eb Maqedoni t\u00eb Veriut, BDI-ja.<\/p>\n<p>Po ashtu, edhe n\u00eb zgjedhjet parlamentare t\u00eb 2021-s\u00eb, Kurti kishte mb\u00ebshtetur opozit\u00ebn shqiptare, p\u00ebrkat\u00ebsisht koalicionin n\u00eb mes t\u00eb Aleanc\u00ebs p\u00ebr Shqiptar\u00ebt t\u00eb Ziadin Sel\u00ebs dhe Alternativ\u00ebs s\u00eb Afrim Gashit.<\/p>\n<p>\u00a0<\/p>\n<p>The post <a rel=\"nofollow\" href=\"https:\/\/albanianpost.com\/thaci-kurti-do-zhvendosjen-e-vemendjes-nga-kosova-ne-maqedoni-te-veriut-prandaj-po-perfshihet-ne-zgjedhjet\/\">Tha\u00e7i: Kurti do zhvendosjen e v\u00ebmendjes nga Kosova n\u00eb Maqedoni t\u00eb Veriut, prandaj po p\u00ebrfshihet n\u00eb zgjedhjet<\/a> appeared first on <a rel=\"nofollow\" href=\"https:\/\/albanianpost.com\/\">Albanian Post<\/a>.<\/p>\n","protected":false},"excerpt":{"rendered":"<p>Kryetari i Partis\u00eb Demokratike Shqiptare, Menduh Tha\u00e7i, partia e t\u00eb cilit \u00ebsht\u00eb n\u00eb koalicioni me Bashkimin Demokratik p\u00ebr Integrim p\u00ebr zgjedhjet parlamentare dhe presidenciale n\u00eb Maqedonin\u00eb e Veriut, nd\u00ebrsa ka komentuar nd\u00ebrhyrjen e L\u00ebvizjes Vet\u00ebvendosje n\u00eb k\u00ebto zgjedhje ka aluduar se kryeministri i Kosov\u00ebs, Albin Kurti, po nd\u00ebrmerr nj\u00eb hap t\u00eb till\u00eb p\u00ebr disa arsye. [&hellip;]<\/p>\n","protected":false},"author":1,"featured_media":941,"comment_status":"open","ping_status":"open","sticky":false,"template":"","format":"standard","meta":{"footnotes":""},"categories":[1],"tags":[],"class_list":["post-940","post","type-post","status-publish","format-standard","has-post-thumbnail","hentry","category-uncategorized"],"_links":{"self":[{"href":"https:\/\/radiogjilani.com\/index.php\/wp-json\/wp\/v2\/posts\/940","targetHints":{"allow":["GET"]}}],"collection":[{"href":"https:\/\/radiogjilani.com\/index.php\/wp-json\/wp\/v2\/posts"}],"about":[{"href":"https:\/\/radiogjilani.com\/index.php\/wp-json\/wp\/v2\/types\/post"}],"author":[{"embeddable":true,"href":"https:\/\/radiogjilani.com\/index.php\/wp-json\/wp\/v2\/users\/1"}],"replies":[{"embeddable":true,"href":"https:\/\/radiogjilani.com\/index.php\/wp-json\/wp\/v2\/comments?post=940"}],"version-history":[{"count":0,"href":"https:\/\/radiogjilani.com\/index.php\/wp-json\/wp\/v2\/posts\/940\/revisions"}],"wp:featuredmedia":[{"embeddable":true,"href":"https:\/\/radiogjilani.com\/index.php\/wp-json\/wp\/v2\/media\/941"}],"wp:attachment":[{"href":"https:\/\/radiogjilani.com\/index.php\/wp-json\/wp\/v2\/media?parent=940"}],"wp:term":[{"taxonomy":"category","embeddable":true,"href":"https:\/\/radiogjilani.com\/index.php\/wp-json\/wp\/v2\/categories?post=940"},{"taxonomy":"post_tag","embeddable":true,"href":"https:\/\/radiogjilani.com\/index.php\/wp-json\/wp\/v2\/tags?post=940"}],"curies":[{"name":"wp","href":"https:\/\/api.w.org\/{rel}","templated":true}]}}