{"id":9424,"date":"2024-09-28T21:36:29","date_gmt":"2024-09-28T21:36:29","guid":{"rendered":"https:\/\/radiogjilani.com\/index.php\/2024\/09\/28\/kurti-takohet-me-zv-kryeministrin-e-emirateve-te-bashkuara-arabe-flasin-per-rritjen-e-bashkepunimit-ekonomik\/"},"modified":"2024-09-28T21:36:29","modified_gmt":"2024-09-28T21:36:29","slug":"kurti-takohet-me-zv-kryeministrin-e-emirateve-te-bashkuara-arabe-flasin-per-rritjen-e-bashkepunimit-ekonomik","status":"publish","type":"post","link":"https:\/\/radiogjilani.com\/index.php\/2024\/09\/28\/kurti-takohet-me-zv-kryeministrin-e-emirateve-te-bashkuara-arabe-flasin-per-rritjen-e-bashkepunimit-ekonomik\/","title":{"rendered":"Kurti takohet me zv.kryeministrin e Emirateve t\u00eb Bashkuara Arabe, flasin p\u00ebr rritjen e bashk\u00ebpunimit ekonomik"},"content":{"rendered":"<p>Kryeministri i Republik\u00ebs s\u00eb Kosov\u00ebs, Albin Kurti, u mir\u00ebprit n\u00eb nj\u00eb takim n\u00eb New York nga Z\u00ebvend\u00ebskryeministri dhe Ministri i Pun\u00ebve t\u00eb Jashtme t\u00eb Emirateve t\u00eb Bashkuara Arabe, Abdullah bin Zayed bin Sultan Al Nahyan. P\u00ebrgjat\u00eb bashk\u00ebbisedimit, kryeministri Kurti i fal\u00ebnderoi Emiratet e Bashkuara Arabe p\u00ebr mb\u00ebshtetjen e vazhdueshme ndaj Kosov\u00ebs. Diskutuan mbi fuqizimin e bashk\u00ebpunimit dhe rritjen&#8230;<\/p>\n<p><a href=\"https:\/\/ekonomiaonline.com\/kurti-takohet-me-zv-kryeministrin-e-emirateve-te-bashkuara-arabe-flasin-per-rritjen-e-bashkepunimit-ekonomik\/\" rel=\"nofollow\">Source<\/a><\/p>\n","protected":false},"excerpt":{"rendered":"<p>Kryeministri i Republik\u00ebs s\u00eb Kosov\u00ebs, Albin Kurti, u mir\u00ebprit n\u00eb nj\u00eb takim n\u00eb New York nga Z\u00ebvend\u00ebskryeministri dhe Ministri i Pun\u00ebve t\u00eb Jashtme t\u00eb Emirateve t\u00eb Bashkuara Arabe, Abdullah bin Zayed bin Sultan Al Nahyan. P\u00ebrgjat\u00eb bashk\u00ebbisedimit, kryeministri Kurti i fal\u00ebnderoi Emiratet e Bashkuara Arabe p\u00ebr mb\u00ebshtetjen e vazhdueshme ndaj Kosov\u00ebs. Diskutuan mbi fuqizimin e [&hellip;]<\/p>\n","protected":false},"author":1,"featured_media":9425,"comment_status":"open","ping_status":"open","sticky":false,"template":"","format":"standard","meta":{"footnotes":""},"categories":[19],"tags":[],"class_list":["post-9424","post","type-post","status-publish","format-standard","has-post-thumbnail","hentry","category-eko"],"_links":{"self":[{"href":"https:\/\/radiogjilani.com\/index.php\/wp-json\/wp\/v2\/posts\/9424","targetHints":{"allow":["GET"]}}],"collection":[{"href":"https:\/\/radiogjilani.com\/index.php\/wp-json\/wp\/v2\/posts"}],"about":[{"href":"https:\/\/radiogjilani.com\/index.php\/wp-json\/wp\/v2\/types\/post"}],"author":[{"embeddable":true,"href":"https:\/\/radiogjilani.com\/index.php\/wp-json\/wp\/v2\/users\/1"}],"replies":[{"embeddable":true,"href":"https:\/\/radiogjilani.com\/index.php\/wp-json\/wp\/v2\/comments?post=9424"}],"version-history":[{"count":0,"href":"https:\/\/radiogjilani.com\/index.php\/wp-json\/wp\/v2\/posts\/9424\/revisions"}],"wp:featuredmedia":[{"embeddable":true,"href":"https:\/\/radiogjilani.com\/index.php\/wp-json\/wp\/v2\/media\/9425"}],"wp:attachment":[{"href":"https:\/\/radiogjilani.com\/index.php\/wp-json\/wp\/v2\/media?parent=9424"}],"wp:term":[{"taxonomy":"category","embeddable":true,"href":"https:\/\/radiogjilani.com\/index.php\/wp-json\/wp\/v2\/categories?post=9424"},{"taxonomy":"post_tag","embeddable":true,"href":"https:\/\/radiogjilani.com\/index.php\/wp-json\/wp\/v2\/tags?post=9424"}],"curies":[{"name":"wp","href":"https:\/\/api.w.org\/{rel}","templated":true}]}}