{"id":9438,"date":"2024-09-29T22:10:34","date_gmt":"2024-09-29T22:10:34","guid":{"rendered":"https:\/\/radiogjilani.com\/index.php\/2024\/09\/29\/e-djathta-ekstreme-fiton-zgjedhjet-ne-austri-per-here-te-pare\/"},"modified":"2024-09-29T22:10:34","modified_gmt":"2024-09-29T22:10:34","slug":"e-djathta-ekstreme-fiton-zgjedhjet-ne-austri-per-here-te-pare","status":"publish","type":"post","link":"https:\/\/radiogjilani.com\/index.php\/2024\/09\/29\/e-djathta-ekstreme-fiton-zgjedhjet-ne-austri-per-here-te-pare\/","title":{"rendered":"E djathta ekstreme fiton zgjedhjet n\u00eb Austri, p\u00ebr her\u00eb t\u00eb par\u00eb"},"content":{"rendered":"<p>Partia e s\u00eb djatht\u00ebs ekstreme, Partia e Liris\u00eb (FPO), i ka fituar t\u00eb diel\u00ebn zgjedhjet e p\u00ebrgjithshme n\u00eb Austri p\u00ebr her\u00eb t\u00eb par\u00eb, tregojn\u00eb rezultatet fillestare. Rezultatet fillestare i kan\u00eb dh\u00ebn\u00eb partis\u00eb s\u00eb udh\u00ebhequr nga Herbert Kickl 29.1 p\u00ebr qind t\u00eb votave, gati tri pik\u00eb m\u00eb shum\u00eb se partis\u00eb konservatore n\u00eb pushtet, Partia Popullore Austriake (OVP), e cila thuhet t\u2019i ket\u00eb marr\u00eb 26.2&#8230;<\/p>\n<p><a href=\"https:\/\/ekonomiaonline.com\/e-djathta-ekstreme-fiton-zgjedhjet-ne-austri-per-here-te-pare\/\" rel=\"nofollow\">Source<\/a><\/p>\n","protected":false},"excerpt":{"rendered":"<p>Partia e s\u00eb djatht\u00ebs ekstreme, Partia e Liris\u00eb (FPO), i ka fituar t\u00eb diel\u00ebn zgjedhjet e p\u00ebrgjithshme n\u00eb Austri p\u00ebr her\u00eb t\u00eb par\u00eb, tregojn\u00eb rezultatet fillestare. Rezultatet fillestare i kan\u00eb dh\u00ebn\u00eb partis\u00eb s\u00eb udh\u00ebhequr nga Herbert Kickl 29.1 p\u00ebr qind t\u00eb votave, gati tri pik\u00eb m\u00eb shum\u00eb se partis\u00eb konservatore n\u00eb pushtet, Partia Popullore Austriake [&hellip;]<\/p>\n","protected":false},"author":1,"featured_media":9439,"comment_status":"open","ping_status":"open","sticky":false,"template":"","format":"standard","meta":{"footnotes":""},"categories":[19],"tags":[],"class_list":["post-9438","post","type-post","status-publish","format-standard","has-post-thumbnail","hentry","category-eko"],"_links":{"self":[{"href":"https:\/\/radiogjilani.com\/index.php\/wp-json\/wp\/v2\/posts\/9438","targetHints":{"allow":["GET"]}}],"collection":[{"href":"https:\/\/radiogjilani.com\/index.php\/wp-json\/wp\/v2\/posts"}],"about":[{"href":"https:\/\/radiogjilani.com\/index.php\/wp-json\/wp\/v2\/types\/post"}],"author":[{"embeddable":true,"href":"https:\/\/radiogjilani.com\/index.php\/wp-json\/wp\/v2\/users\/1"}],"replies":[{"embeddable":true,"href":"https:\/\/radiogjilani.com\/index.php\/wp-json\/wp\/v2\/comments?post=9438"}],"version-history":[{"count":0,"href":"https:\/\/radiogjilani.com\/index.php\/wp-json\/wp\/v2\/posts\/9438\/revisions"}],"wp:featuredmedia":[{"embeddable":true,"href":"https:\/\/radiogjilani.com\/index.php\/wp-json\/wp\/v2\/media\/9439"}],"wp:attachment":[{"href":"https:\/\/radiogjilani.com\/index.php\/wp-json\/wp\/v2\/media?parent=9438"}],"wp:term":[{"taxonomy":"category","embeddable":true,"href":"https:\/\/radiogjilani.com\/index.php\/wp-json\/wp\/v2\/categories?post=9438"},{"taxonomy":"post_tag","embeddable":true,"href":"https:\/\/radiogjilani.com\/index.php\/wp-json\/wp\/v2\/tags?post=9438"}],"curies":[{"name":"wp","href":"https:\/\/api.w.org\/{rel}","templated":true}]}}